{"id":2350,"date":"2023-01-04T13:11:13","date_gmt":"2023-01-04T12:11:13","guid":{"rendered":"https:\/\/www.respublica.org.al\/?p=2350"},"modified":"2023-01-04T13:11:15","modified_gmt":"2023-01-04T12:11:15","slug":"prishja-e-pallatit-ne-rrugen-myslym-keta-si-u-vendos-gjykata-perballe-faktit-te-kryer","status":"publish","type":"post","link":"https:\/\/www.respublica.org.al\/web\/?p=2350","title":{"rendered":"<strong>Prishja e pallatit n\u00eb rrug\u00ebn \u201dMyslym Keta\u201d, si u vendos gjykata p\u00ebrball\u00eb faktit t\u00eb kryer<\/strong>"},"content":{"rendered":"\n<p>Ndryshe nga rasti i pallatit 83\/1 n\u00eb rrug\u00ebn Myslym Keta, ku Gjykata Administrative e Tiran\u00ebs urdh\u00ebroi pezullimin e shembjes vet\u00ebm pak or\u00eb para nisjes s\u00eb punimeve t\u00eb shembjes, kjo Gjykat\u00eb u vendos p\u00ebrball\u00eb faktit t\u00eb kryer t\u00eb rr\u00ebnimit t\u00eb pallati nr. 4 n\u00eb rrug\u00ebn \u201cMyslym Keta\u201d n\u00eb Tiran\u00eb, \u00e7ka e ka b\u00ebr\u00eb t\u00eb pamundur gjykimin e saj p\u00ebr t\u00eb vendosur mbi k\u00ebrkes\u00ebn e sigurimit t\u00eb padis\u00eb p\u00ebr k\u00ebt\u00eb objekt, t\u00eb k\u00ebrkuar banor\u00ebt.<\/p>\n\n\n\n<p>N\u00eb rastin e pallatit 83\/1 n\u00eb t\u00eb nj\u00ebjt\u00ebn rrug\u00eb, gjykata e mori vendimin n\u00eb dhom\u00eb k\u00ebshillimi, p\u00ebr shkak t\u00eb rrethanave urgjente, nd\u00ebrsa n\u00eb rastin e pallatit nr. 4, gjykata caktoi seanc\u00eb d\u00ebgjimore.<\/p>\n\n\n\n<p>N\u00eb or\u00ebn 09:00 , m\u00eb 19 Dhjetor 2022, u planifikua p\u00ebr tu zhvilluar seanca ku do t\u00eb shqyrtohej k\u00ebrkesa p\u00ebr t\u00eb pezulluar shembjen e objektit nga fadromat e Inspektoratit t\u00eb Mbrojtjes s\u00eb Territorit, deri sa t\u00eb kishte nj\u00eb vendimmarrje mbi ligjshm\u00ebrin\u00eb e akteve t\u00eb prodhuara nga Bashkia e Tiran\u00ebs dhe Institutit i Nd\u00ebrtimit. K\u00ebto pal\u00eb ishin n\u00eb dijeni t\u00eb dat\u00ebs dhe or\u00ebs s\u00eb seanc\u00ebs sepse u njoftuan nga gjykata p\u00ebr t\u00eb qen\u00eb t\u00eb pranish\u00ebm n\u00eb seanc\u00eb dhe duke p\u00ebrfituar nga kjo dijeni, ata nis\u00ebm shembjen e objektit shum\u00eb m\u00eb her\u00ebt.<\/p>\n\n\n\n<p>Media raportoi q\u00eb gjat\u00eb nat\u00ebs banor\u00ebt e k\u00ebtij pallati jan\u00eb detyruar nga forcat e policis\u00eb t\u00eb braktisnin banesat e tyre nd\u00ebrsa fadromat e IMT-s\u00eb nis\u00ebn rr\u00ebnimin pa zbardhur dita.<\/p>\n\n\n\n<p>Ajo q\u00eb duhet t\u00eb ishte n\u00eb nj\u00eb seanc\u00eb gjyq\u00ebsore ku t\u00eb vendosej mbi pezullimin e \u00e7do veprimi q\u00eb i hapte rrug\u00eb prishjen e detyruar t\u00eb nd\u00ebrtes\u00ebs, n\u00eb fakt u shnd\u00ebrrua n\u00eb nj\u00eb seanc\u00eb ku gjykata u p\u00ebrball me veprimet e kryera tashm\u00eb nga strukturat vart\u00ebse t\u00eb Bashkis\u00eb s\u00eb Tiran\u00ebs.<\/p>\n\n\n\n<p>Jurist\u00ebt e Bashkis\u00eb, Institutit t\u00eb Nd\u00ebrtimit dhe t\u00eb Inspektoratit t\u00eb Mbrojtjes s\u00eb Territorit i paraqit\u00ebn gjykat\u00ebs foto nga aksioni i rr\u00ebnimit t\u00eb pallatit q\u00eb po ndodhte n\u00eb ato momente, e p\u00ebr k\u00ebt\u00eb arsye i k\u00ebrkuan asaj rr\u00ebzimin e k\u00ebrkes\u00ebs s\u00eb b\u00ebr\u00eb nga shtetasi F.S.<\/p>\n\n\n\n<p>\u201cShembja e objektit ka nisur dhe gjat\u00eb koh\u00ebs q\u00eb po zhvillohet seanca jan\u00eb shembur 5 hyrje\u201d &#8211; deklaruan jurist\u00ebt t\u00eb cil\u00ebt i k\u00ebrkuan gjykat\u00ebs mos pranimin e k\u00ebrkes\u00ebs. Sipas tyre, gjykata nuk kishte m\u00eb arsye p\u00ebr t\u00eb vendosur p\u00ebr pezullimin&nbsp; e ekzekutimit t\u00eb vendimit t\u00eb K\u00ebshillit Bashkia pasi pallati kishte filluar t\u00eb shembej nga fadromat.<\/p>\n\n\n\n<p>Sipas tyre, vendimi i gjykat\u00ebs p\u00ebr pezullimin e ekzekutimit t\u00eb vendimit t\u00eb K\u00ebshillit Bashkiak duhej t\u00eb merrej p\u00ebrpara se t\u00eb niste prishja e objektit dhe jo n\u00eb koh\u00ebn kur pallati pothuajse ishte i shembur n\u00eb koh\u00ebn q\u00eb zhvillohej seanca gjyq\u00ebsore.<\/p>\n\n\n\n<p>Por p\u00ebr avokatin Dorian Matlija, i cili p\u00ebrfaq\u00ebsonte k\u00ebrkuesin F.S. n\u00eb k\u00ebt\u00eb proces, gjykata e vendosi dat\u00ebn e seanc\u00ebs gjyq\u00ebsore n\u00eb koh\u00ebn limit t\u00eb p\u00ebrcaktuar nga ligji, nd\u00ebrkoh\u00eb q\u00eb k\u00ebrkesa ishte depozituar q\u00eb n\u00eb dat\u00ebn 14 Dhjetor, kur k\u00ebrkuesi F.S. kishte marr\u00eb njoftimin p\u00ebr aksionin e planifikuar nga IMT.<\/p>\n\n\n\n<p><em>\u201cK\u00ebrkesa e F.S. n\u00eb gjykat\u00eb \u00ebsht\u00eb depozituar q\u00eb m\u00eb 14 dhjetor 2020. Kjo k\u00ebrkes\u00eb niste me shkronja t\u00eb m\u00ebdha ku thuhej se ishte urgjente dhe se duhet t\u00eb trajtohej para dat\u00ebs 19 Dhjetor 2022. Gjykat\u00ebs iu vu n\u00eb dispozicion edhe informacioni q\u00eb n\u00eb k\u00ebt\u00eb dat\u00eb ishte njoftuar prishja e objektit nga IMT-ja. N\u00eb t\u00eb tilla raste, kur nj\u00eb \u00e7\u00ebshtje ka shum\u00eb urgjenc\u00eb, si rasti ne fjal\u00eb, gjykata ka t\u00eb drejt\u00eb ta marr\u00eb vendim edhe n\u00eb dhom\u00eb k\u00ebshillimi, pa zhvilluar nj\u00eb seanc\u00eb me pranin\u00eb e pal\u00ebve, por kjo nuk ndodhi. Ndaj, me t\u2019u njoftuar IMT nga gjykataq p\u00ebr seanc\u00ebn, duke ditur dat\u00ebn dhe or\u00ebn e zhvillimit t\u00eb k\u00ebsaj seance gjyq\u00ebsore, fadromat e IMT-s\u00eb nxituan ta prishin objektin para seanc\u00ebs, duke e vendosur gjykat\u00ebn para faktit t\u00eb kryer\u201d<\/em> &#8211; thot\u00eb avokat Matlija.<\/p>\n\n\n\n<p>Nd\u00ebrhyrja e fadromave t\u00eb IMT ka sh\u00ebrbyer p\u00ebr gjykat\u00ebn si argumet ligjor p\u00ebr t\u00eb mos pranuar k\u00ebrkes\u00ebn p\u00ebr sigurimin e padis\u00eb t\u00eb k\u00ebrkuar nga banor\u00ebt.<\/p>\n\n\n\n<p>Gjat\u00eb shpalljes s\u00eb vendimit, Gjykata argumentoi se ekzekutimi i vendimit t\u00eb kontestuar kishte nisur tashm\u00eb dhe po kryhej, e p\u00ebr k\u00ebt\u00eb arsye nuk mund t\u00eb pranohej k\u00ebrkesa p\u00ebr pezullimin e shembjes s\u00eb pallatit.<\/p>\n\n\n\n<p>Nj\u00eb k\u00ebrkes\u00eb tjet\u00ebr p\u00ebr sigurimin e prov\u00ebs,ku i k\u00ebrkohej gjykat\u00ebs t\u00eb caktonte nj\u00eb ekspert p\u00ebr t\u00eb vler\u00ebsuar gjendjen e godin\u00ebs para prishjes s\u00eb saj, ishte caktuar po n\u00eb dat\u00ebn 19 Dhjetor 2022, n\u00eb or\u00ebn 11:35 me nj\u00eb gjyqtar tjet\u00ebr. Kjo k\u00ebrkes\u00eb nuk u trajtua fare nga gjykata sepse tashm\u00eb u b\u00eb publik lajmi q\u00eb pallati nr. 4 ishte drejt p\u00ebrfundimit t\u00eb shembjes dhe eksperti q\u00eb do t\u00eb caktonte gjykata nuk kishte \u00e7far\u00eb t\u00eb analizonte.<\/p>\n\n\n\n<p><em>\u201cTani fillon beteja ligjore p\u00ebr d\u00ebmin e shkaktuar p\u00ebr prishjen n\u00eb m\u00ebnyr\u00eb t\u00eb paligjshme t\u00eb objektit. Vendim i dh\u00ebn\u00eb nga Gjykata, e cila rr\u00ebzoi k\u00ebrkes\u00ebn p\u00ebr sigurimin padis\u00eb, nuk do t\u00eb thot\u00eb se k\u00ebrkuesit nuk kan\u00eb t\u00eb drejt\u00eb, por se gjykimi i pretendimeve t\u00eb tyre duhet b\u00ebr\u00eb tashm\u00eb, jo p\u00ebr t\u00eb ndaluar prishjen e objektit por p\u00ebr t\u00eb marr\u00eb d\u00ebmshp\u00ebrblimin e shkaktuar nga veprimet e paligjshme t\u00eb institucioneve\u201d<\/em>&#8211; thot\u00eb Matlija.<\/p>\n\n\n\n<p>Avokati shpjegon se n\u00eb t\u00eb tilla raste ligji, por dhe praktika e gjykat\u00ebs, parashikojn\u00eb shp\u00ebrblim d\u00ebmi me vler\u00eb deri sa \u00e7mimi i tregut, nj\u00ebsoj sikur t\u00eb ishte shpron\u00ebsim de facto me dhun\u00eb.<\/p>\n\n\n\n<p><em>\u201cBanor\u00ebt e pallatit nr. 4 sigurisht q\u00eb kan\u00eb t\u00eb drejt\u00eb sepse tashm\u00eb \u00ebsht\u00eb b\u00ebr\u00eb n\u00eb m\u00ebnyr\u00eb t\u00eb p\u00ebrs\u00ebritur dhe uniforme q\u00eb gjith\u00eb pallatet e piketuara deri m\u00eb tani p\u00ebr prishje jan\u00eb bazuar mbi fakte t\u00eb pav\u00ebrteta dhe ne llogaritje t\u00eb fryra n\u00eb preventiva, si\u00e7 \u00ebsht\u00eb konfirmuar tashm\u00eb n\u00eb 7 raste t\u00eb fituara n\u00eb gjykat\u00eb dhe si\u00e7 kan\u00eb konfirmuar ekspert\u00ebt e gjykat\u00ebs edhe p\u00ebr 15 raste t\u00eb tjera q\u00eb jan\u00eb n\u00eb proces. Madje, n\u00eb rastin e Pallatit nr. 4 n\u00eb rrug\u00ebn Myslym Shyri, kemi arritur t\u00eb sigurojm\u00eb nj\u00eb vler\u00ebsim nga ekspert\u00eb t\u00eb licensuar nga vet\u00eb F.S., akt i cili hedh drit\u00eb mbi t\u00eb v\u00ebrtetat e k\u00ebsaj godine, q\u00eb kishte vet\u00ebm disa d\u00ebmtime t\u00eb lehta dhe asnj\u00eb d\u00ebmtim n\u00eb struktur\u00eb\u201d<\/em> \u2013 p\u00ebrfundon avokati.<\/p>\n\n\n\n<p>P\u00ebr pallatin nr. 4 n\u00eb rrug\u00ebn \u201cMyslym Keta\u201d Instituti i Nd\u00ebrtimit ka nxjerr\u00eb dy akt konstatime. Nj\u00eb, m\u00eb 6 Dhjetor 2019, dhe nj\u00eb t\u00eb dyt\u00eb, 16 dit\u00eb m\u00eb von\u00eb. N\u00eb t\u00eb dy akt konstatimet \u00ebsht\u00eb p\u00ebrcaktuar se p\u00ebr k\u00ebt\u00eb pallat d\u00ebmtimet e shkaktuara nga t\u00ebrmeti i N\u00ebntorit 2019 jan\u00eb&nbsp; t\u00eb mesme dhe me p\u00ebrshkrimin \u201cplasaritje n\u00eb suva\u201d.<\/p>\n\n\n\n<p>Edhe pse akt konstatimet nuk flasin p\u00ebr d\u00ebmtim n\u00eb nivel t\u00eb lart\u00eb t\u00eb d\u00ebmtimit n\u00eb DS4 apo DS5, si\u00e7 edhe e k\u00ebrkon ligji, p\u00ebr k\u00ebt\u00eb pallat \u00ebsht\u00eb kryer nj\u00eb ekspertiz\u00eb e thelluar n\u00eb Gusht t\u00eb vitit 2020.<\/p>\n\n\n\n<p>K\u00ebt\u00eb radh\u00eb, oponenca teknike e Institutit t\u00eb Nd\u00ebrtimit konfirmoi mendimin p\u00ebr prishjen e objektit pasi shkalla e d\u00ebmtimit pretendohej t\u00eb ishte DS4 dhe se vlera e riparimit kalonte 70% t\u00eb vler\u00ebs s\u00eb rind\u00ebrtimit nga e para.<\/p>\n\n\n\n<p>Mbi k\u00ebt\u00eb konstatim, K\u00ebshilli Bashkiak Tiran\u00eb, m\u00eb 1 Mars 2021 vendosi prishjen e detyruar t\u00eb pallatit nr. 4 n\u00eb rrug\u00ebn \u201cMyslym Keta. Por n\u00eb akt-ekspertizat e kryera nga vet\u00eb banor\u00ebt nga ekspert\u00eb t\u00eb licencuar rezultoi se pallati ka d\u00ebmtime t\u00eb lehta, jo m\u00eb shum\u00eb se masa DS2. Tashm\u00eb, k\u00ebtu mund t\u00eb jet\u00eb pik\u00ebnisja e nj\u00eb procesi t\u00eb ri gjyq\u00ebsor, i cili me shum\u00eb gjasa do t\u00eb ket\u00eb fatin e gjyqit q\u00eb nj\u00eb fondacion q\u00eb ushtronte aktivitet fetar n\u00eb pallatin nr. 153 n\u00eb Kombinat fitoi shp\u00ebrblim d\u00ebmi n\u00eb t\u00eb nj\u00ebjtat rrethana.<\/p>\n\n\n\n<p><em>* Ky artikull u realizua n\u00eb kuad\u00ebr t\u00eb projektit \u201cP\u00ebr nj\u00eb proces rind\u00ebrtimi m\u00eb t\u00eb p\u00ebrgjegjsh\u00ebm\u201d t\u00eb mb\u00ebshtur nga LevizAlbania, nj\u00eb projekt i Agjencis\u00eb Zvicerane p\u00ebr Zhvillim dhe Bashk\u00ebpunim, SDC.<\/em><\/p>\n","protected":false},"excerpt":{"rendered":"<p>Ndryshe nga rasti i pallatit 83\/1 n\u00eb rrug\u00ebn Myslym Keta, ku Gjykata Administrative e Tiran\u00ebs urdh\u00ebroi pezullimin e shembjes vet\u00ebm [&hellip;]<\/p>\n","protected":false},"author":2,"featured_media":2351,"comment_status":"open","ping_status":"open","sticky":false,"template":"","format":"standard","meta":{"site-sidebar-layout":"default","site-content-layout":"","ast-site-content-layout":"","site-content-style":"default","site-sidebar-style":"default","ast-global-header-display":"","ast-banner-title-visibility":"","ast-main-header-display":"","ast-hfb-above-header-display":"","ast-hfb-below-header-display":"","ast-hfb-mobile-header-display":"","site-post-title":"","ast-breadcrumbs-content":"","ast-featured-img":"","footer-sml-layout":"","theme-transparent-header-meta":"","adv-header-id-meta":"","stick-header-meta":"","header-above-stick-meta":"","header-main-stick-meta":"","header-below-stick-meta":"","astra-migrate-meta-layouts":"default","ast-page-background-enabled":"default","ast-page-background-meta":{"desktop":{"background-color":"var(--ast-global-color-4)","background-image":"","background-repeat":"repeat","background-position":"center center","background-size":"auto","background-attachment":"scroll","background-type":"","background-media":"","overlay-type":"","overlay-color":"","overlay-gradient":""},"tablet":{"background-color":"","background-image":"","background-repeat":"repeat","background-position":"center center","background-size":"auto","background-attachment":"scroll","background-type":"","background-media":"","overlay-type":"","overlay-color":"","overlay-gradient":""},"mobile":{"background-color":"","background-image":"","background-repeat":"repeat","background-position":"center center","background-size":"auto","background-attachment":"scroll","background-type":"","background-media":"","overlay-type":"","overlay-color":"","overlay-gradient":""}},"ast-content-background-meta":{"desktop":{"background-color":"var(--ast-global-color-5)","background-image":"","background-repeat":"repeat","background-position":"center center","background-size":"auto","background-attachment":"scroll","background-type":"","background-media":"","overlay-type":"","overlay-color":"","overlay-gradient":""},"tablet":{"background-color":"var(--ast-global-color-5)","background-image":"","background-repeat":"repeat","background-position":"center center","background-size":"auto","background-attachment":"scroll","background-type":"","background-media":"","overlay-type":"","overlay-color":"","overlay-gradient":""},"mobile":{"background-color":"var(--ast-global-color-5)","background-image":"","background-repeat":"repeat","background-position":"center center","background-size":"auto","background-attachment":"scroll","background-type":"","background-media":"","overlay-type":"","overlay-color":"","overlay-gradient":""}},"footnotes":""},"categories":[6,3],"tags":[],"_links":{"self":[{"href":"https:\/\/www.respublica.org.al\/web\/index.php?rest_route=\/wp\/v2\/posts\/2350"}],"collection":[{"href":"https:\/\/www.respublica.org.al\/web\/index.php?rest_route=\/wp\/v2\/posts"}],"about":[{"href":"https:\/\/www.respublica.org.al\/web\/index.php?rest_route=\/wp\/v2\/types\/post"}],"author":[{"embeddable":true,"href":"https:\/\/www.respublica.org.al\/web\/index.php?rest_route=\/wp\/v2\/users\/2"}],"replies":[{"embeddable":true,"href":"https:\/\/www.respublica.org.al\/web\/index.php?rest_route=%2Fwp%2Fv2%2Fcomments&post=2350"}],"version-history":[{"count":1,"href":"https:\/\/www.respublica.org.al\/web\/index.php?rest_route=\/wp\/v2\/posts\/2350\/revisions"}],"predecessor-version":[{"id":2352,"href":"https:\/\/www.respublica.org.al\/web\/index.php?rest_route=\/wp\/v2\/posts\/2350\/revisions\/2352"}],"wp:featuredmedia":[{"embeddable":true,"href":"https:\/\/www.respublica.org.al\/web\/index.php?rest_route=\/wp\/v2\/media\/2351"}],"wp:attachment":[{"href":"https:\/\/www.respublica.org.al\/web\/index.php?rest_route=%2Fwp%2Fv2%2Fmedia&parent=2350"}],"wp:term":[{"taxonomy":"category","embeddable":true,"href":"https:\/\/www.respublica.org.al\/web\/index.php?rest_route=%2Fwp%2Fv2%2Fcategories&post=2350"},{"taxonomy":"post_tag","embeddable":true,"href":"https:\/\/www.respublica.org.al\/web\/index.php?rest_route=%2Fwp%2Fv2%2Ftags&post=2350"}],"curies":[{"name":"wp","href":"https:\/\/api.w.org\/{rel}","templated":true}]}}