{"id":2367,"date":"2023-01-12T21:39:25","date_gmt":"2023-01-12T20:39:25","guid":{"rendered":"https:\/\/www.respublica.org.al\/?p=2367"},"modified":"2023-01-12T21:39:27","modified_gmt":"2023-01-12T20:39:27","slug":"leter-e-hapur-per-respektimin-e-standardeve-ligjore-te-zhvendosjes-se-familjeve","status":"publish","type":"post","link":"https:\/\/www.respublica.org.al\/web\/?p=2367","title":{"rendered":"Let\u00ebr e hapur p\u00ebr respektimin e standardeve ligjore t\u00eb zhvendosjes s\u00eb familjeve"},"content":{"rendered":"\n<p><strong>Drejtuar<\/strong>: &nbsp;&nbsp;&nbsp;&nbsp;&nbsp;&nbsp; Bashkis\u00eb Tiran\u00eb<\/p>\n\n\n\n<p><strong>&nbsp;&nbsp;&nbsp;&nbsp;&nbsp;&nbsp;&nbsp;&nbsp;&nbsp;&nbsp;&nbsp;&nbsp;&nbsp;&nbsp;&nbsp;&nbsp;&nbsp;&nbsp;&nbsp;&nbsp;&nbsp;&nbsp;&nbsp; <\/strong>Prefektit t\u00eb Qarkut Tiran\u00eb<\/p>\n\n\n\n<p>&nbsp;&nbsp;&nbsp;&nbsp;&nbsp;&nbsp;&nbsp;&nbsp;&nbsp;&nbsp;&nbsp;&nbsp;&nbsp;&nbsp;&nbsp;&nbsp;&nbsp;&nbsp;&nbsp;&nbsp;&nbsp;&nbsp;&nbsp; Policis\u00eb Bashkiake Tiran\u00eb<\/p>\n\n\n\n<p>&nbsp;&nbsp;&nbsp;&nbsp;&nbsp;&nbsp;&nbsp;&nbsp;&nbsp;&nbsp;&nbsp;&nbsp;&nbsp;&nbsp;&nbsp;&nbsp;&nbsp;&nbsp;&nbsp;&nbsp;&nbsp;&nbsp;&nbsp; Policis\u00eb s\u00eb Shtetit<\/p>\n\n\n\n<p><strong>P\u00ebr djeni<\/strong>: &nbsp;&nbsp;&nbsp;&nbsp;&nbsp; Ministria e Sh\u00ebndet\u00ebsis\u00eb dhe Mbrojtjes Sociale<\/p>\n\n\n\n<p>&nbsp;&nbsp;&nbsp;&nbsp;&nbsp;&nbsp;&nbsp;&nbsp;&nbsp;&nbsp;&nbsp;&nbsp;&nbsp;&nbsp;&nbsp;&nbsp;&nbsp;&nbsp;&nbsp;&nbsp;&nbsp;&nbsp;&nbsp; Avokati i Popullit<\/p>\n\n\n\n<p><strong>L\u00ebnda<\/strong>: &nbsp;&nbsp;&nbsp;&nbsp;&nbsp;&nbsp;&nbsp;&nbsp;&nbsp;&nbsp; P\u00ebr procedurat e zhvendosjes s\u00eb banor\u00ebve t\u00eb objekteve t\u00eb shembura si pasoj\u00eb e procesit t\u00eb rind\u00ebrtimit<\/p>\n\n\n\n<p>T\u00eb nderuar drejtues t\u00eb institucioneve t\u00eb sip\u00ebrp\u00ebrmendur,<\/p>\n\n\n\n<p>Ju drejtohemi me k\u00ebt\u00eb let\u00ebr t\u00eb hapur duke marr\u00eb shkas mbi shqet\u00ebsimin e ngritur n\u00eb lidhje me zhvendosjen e banor\u00ebve t\u00eb prekur nga skema e rind\u00ebrtimit, n\u00eb zon\u00ebn e Kombinatit, Lagjes \u201c5 Maj\u201d, Rrug\u00ebs \u201cMyslym Keta\u201d, etj.<\/p>\n\n\n\n<p>Jo vet\u00ebm p\u00ebr banor\u00ebt e prekur nga prishja e k\u00ebtyre nd\u00ebrtesave, n\u00eb shum\u00eb raste t\u00eb konstatuara si abuzive nga gjykata administrative, por edhe n\u00eb ato raste kur banesat duheshih prishur pasi ishin d\u00ebmtuar r\u00ebnd\u00eb \u2013 procesi i zhvendosjes s\u00eb banor\u00ebve nuk \u00ebsht\u00eb kryer n\u00eb p\u00ebrputhje me parashikimet e p\u00ebrcaktuara n\u00eb ligjin 22\/2018 \u201cP\u00ebr strehimin Social\u201d si dhe parashikimeve n\u00eb VKM nr. 361, dat\u00eb 29.05.2019.<\/p>\n\n\n\n<p>Sa m\u00eb sip\u00ebr, theksohet edhe nga raporti i Avokati i Popullit i dat\u00ebs 3 Qershor 2022, i cili del n\u00eb p\u00ebrfundimin se prishja e nd\u00ebrtesave dhe shp\u00ebrngulja e banor\u00ebve \u00ebsht\u00eb b\u00ebr\u00eb n\u00eb kund\u00ebrshtim me ligjin.<\/p>\n\n\n\n<p>Zhvendosja e banor\u00ebve n\u00eb rastet e humbjes s\u00eb banes\u00ebs s\u00eb tyre duhet t\u00eb kryhet duke respektuar nj\u00eb s\u00ebr\u00eb procedurash qart\u00ebsisht t\u00eb p\u00ebrcaktuara n\u00eb VKM nr. 361, dt 29.05.2019, e cila p\u00ebrve\u00e7 se p\u00ebrcakton parimet mbi t\u00eb cilat bazohet procesi, parashikon edhe se cilat jan\u00eb procedurat dhe hapat konkret\u00eb t\u00eb veprimit.<\/p>\n\n\n\n<p>Me an\u00ebn e k\u00ebsaj letre t\u00eb hapur ju sjellim n\u00eb v\u00ebmendje n\u00eb m\u00ebnyr\u00eb t\u00eb ve\u00e7ant\u00eb pikat e m\u00ebposhtme:<\/p>\n\n\n\n<ul>\n<li><strong>Pika <\/strong><strong>2.1 \u2013 Kryetari i nj\u00ebsis\u00eb s\u00eb vet\u00ebqeverisjes vendore ngre grupin e pun\u00ebs p\u00ebr ndjekjen e nj\u00eb procedure konkrete zhvendosjeje, n\u00eb p\u00ebrb\u00ebrje t\u00eb s\u00eb cil\u00ebs ka punonj\u00ebs nga struktura p\u00ebrgjegj\u00ebse p\u00ebr strehimin, planifikimin e territorit, mbrojtjen sociale, buxhetin dhe nj\u00eb n\u00ebnkryetar t\u00eb nj\u00ebsis\u00eb s\u00eb vet\u00ebqeverisjes vendore q\u00eb koordinon grupin e pun\u00ebs.<\/strong><strong><\/strong><\/li>\n<\/ul>\n\n\n\n<p>N\u00eb dijen\u00eb ton\u00eb, n\u00eb asnj\u00eb rast nuk \u00ebsht\u00eb ngritur ndonj\u00eb grup pune i till\u00eb nga Kryetari i Bashkis\u00eb Tiran\u00eb p\u00ebr t\u00eb ndjekur ndonj\u00eb procedure konkrete zhvendosjeje. <strong>Ju b\u00ebjm\u00eb thirrje t\u00eb ngrini grupet e pun\u00ebs n\u00eb \u00e7do rast<\/strong>, me p\u00ebrb\u00ebrjen si\u00e7 p\u00ebrcaktohet n\u00eb dispozit\u00ebn e m\u00ebsip\u00ebrme.<\/p>\n\n\n\n<ul>\n<li><strong>Pika 3.1 \u2013 Nj\u00ebsia e vet\u00ebqeverisjes vendore, n\u00eb aktin e njoftimit individit\/familjes p\u00ebr fillimin e procedurave administrative t\u00eb zhvendosjes, i njofton ata edhe p\u00ebr mund\u00ebsin\u00eb e p\u00ebrfitimit nga ndihma juridike e garantuar nga shteti, duke i informuar edhe p\u00ebr organin publik t\u00eb krijuar p\u00ebr administrimin e k\u00ebsaj ndihme, si dhe kontaktin e k\u00ebtij organi.<\/strong><\/li>\n<\/ul>\n\n\n\n<p>N\u00eb dijen\u00eb ton\u00eb, n\u00eb asnj\u00eb rast Bashkia Tiran\u00eb nuk ka siguruar ndihm\u00eb juridike p\u00ebr asnj\u00eb individ. <strong>Ju b\u00ebjm\u00eb thirrje t\u00eb orientoni qytetar\u00ebt te sh\u00ebrbimet e ndihm\u00ebs juridike, n\u00eb m\u00ebnyr\u00eb proaktive.<\/strong><\/p>\n\n\n\n<ul>\n<li><strong>Pika 4 \u2013 <\/strong>Nj\u00ebsia e vet\u00ebqeverisjes vendore zbaton zhvendosjen, <strong>pasi siguron sistemimin me strehim t\u00eb p\u00ebrshtatsh\u00ebm t\u00eb individ\u00ebve<\/strong>\/familjeve q\u00eb zhvendosen dhe nuk p\u00ebrfitojn\u00eb shp\u00ebrblim n\u00eb p\u00ebrputhje me procedurat e shpron\u00ebsimit.<\/li>\n<\/ul>\n\n\n\n<p>Bashkia Tiran\u00eb \u00ebsht\u00eb mjaftuar me ofrimin e bonusit t\u00eb qiras\u00eb, por kjo mas\u00eb nuk mjafton. Madje, n\u00eb shum\u00eb raste, individ\u00ebt\/familjet nuk kan\u00eb siguruar ende strehim p\u00ebr shkak t\u00eb pamjaftueshm\u00ebris\u00eb s\u00eb bonusit ose arsye t\u00eb tjera. <strong>Ju b\u00ebjm\u00eb thirrje q\u00eb zhvendosjet t\u2019i kryeni vet\u00ebm pasi t\u00eb siguroheni q\u00eb t\u00eb gjith\u00eb personat kan\u00eb siguruar mund\u00ebsin\u00eb e strehimit, p\u00ebrpara prishjes s\u00eb banes\u00ebs s\u00eb tyre.<\/strong><\/p>\n\n\n\n<ul>\n<li><strong>Pika 4.1 \u2013 <\/strong>Nj\u00ebsia e vet\u00ebqeverisjes vendore <strong>informon me shkrim individin\/familjen<\/strong> p\u00ebr mund\u00ebsit\u00eb alternative t\u00eb strehimit <strong>dhe k\u00ebrkon mendimin me shkrim t\u00eb individit\/familjes<\/strong> p\u00ebr aplikimin e nj\u00ebr\u00ebs prej k\u00ebtyre mund\u00ebsive. Mendimi i individit\/familjes vlen si nj\u00ebra prej rrethanave k\u00ebshilluese p\u00ebr nj\u00ebsin\u00eb e vet\u00ebqeverisjes vendore n\u00eb nxjerrjen e vendimit p\u00ebrfundimtar t\u00eb organit publik p\u00ebr aplikimin e mund\u00ebsis\u00eb s\u00eb strehimit. Individit\/familjes i jepet nj\u00eb v\u00ebrtetim i marrjes s\u00eb mendimit sugjerues.<\/li>\n<\/ul>\n\n\n\n<p>N\u00eb dijenin\u00eb ton\u00eb, Bashkia Tiran\u00eb nuk ka b\u00ebr\u00eb p\u00ebrpjekje p\u00ebr t\u00eb njoftuar me shkrim individualisht secilin person t\u00eb prekur, e aq m\u00eb shum\u00eb t\u00eb marr\u00eb mendimin e tyre. N\u00eb ndonj\u00eb rast ka informuar p\u00ebr t\u00eb aplikuar p\u00ebr bonus qeraje. <strong>Ju b\u00ebjm\u00eb thirrje t\u00eb b\u00ebni njoftime t\u00eb rregullta individuale, me shkrim, me n\u00ebnshkrim e vul\u00eb, dhe t\u00eb dokumentoni marrjen e mendimit t\u00eb banor\u00ebve para se t\u2019i zhvendosni ata. <\/strong>&nbsp;<\/p>\n\n\n\n<ul>\n<li><strong>Pika 4.3 \u2013 Nj\u00ebsia e vet\u00ebqeverisjes vendore ofron strehimin p\u00ebrmes subvencionimit t\u00eb qiras\u00eb, vet\u00ebm pasi ka siguruar kontrata me pronarin social.<\/strong><\/li>\n<\/ul>\n\n\n\n<p>N\u00eb dijenin\u00eb ton\u00eb, Bashkia ka ofruar bonuset e qiras\u00eb, para se t\u00eb siguroj\u00eb kontratat e nevojshme me pronarin social. Kjo m\u00ebnyr\u00eb t\u00eb vepruari e b\u00ebn joefektive subvencionimin, e cila m\u00eb pas sjell pasoj\u00ebn q\u00eb individ\u00ebt\/familjet, nuk kan\u00eb opsione t\u00eb mundshme p\u00ebr t\u00eb siguruar qiran\u00eb, duke iu drejtuar tregut t\u00eb lir\u00eb q\u00eb ka caktuar cmime t\u00eb tjera t\u00eb paarritshme nga niveli aktual i bonusit. <strong>Ju b\u00ebjm\u00eb thirrje t\u00eb lidhni kontratat me pronar\u00ebt social\u00eb (sipas p\u00ebrcaktimeve t\u00eb ligjit nr. 22\/2018) dhe m\u00eb pas t\u00eb ofroni bonuset.<\/strong><\/p>\n\n\n\n<ul>\n<li><strong>Pika 7 \u2013 Procedura e zhvendosjes realizohet duke respektuar procesin e rregullt ligjor.<\/strong><\/li>\n<\/ul>\n\n\n\n<p>Respektimi i procesit t\u00eb rregullt ligjor n\u00ebnkupton respektimin e cdo procedure administrative apo gjyq\u00ebsore t\u00eb nisur nga personat e prekur. Rastet e konstatuara dhe t\u00eb b\u00ebra publike tashm\u00eb, si ai i Pallatit nr. 4 n\u00eb Rrug\u00ebn Mylsym Keta, jan\u00eb raste flagrante t\u00eb shkeljes s\u00eb procesit t\u00eb rregullt ligjor, kur personave nuk iu dha as mund\u00ebsia p\u00ebr t\u2019u d\u00ebgjuar nga gjykata para zhvendosjes. <strong>Ju b\u00ebjm\u00eb thirrje q\u00eb, n\u00eb rastet kur informoheni se nj\u00eb \u00e7\u00ebshtje konkrete \u00ebshtr\u00eb n\u00eb gjykat\u00eb, t\u00eb nd\u00ebrprisni \u00e7do veprim zhvendosjeje dhe t\u00eb prisni vendimin e gjykat\u00ebs.<\/strong><\/p>\n\n\n\n<ul>\n<li><strong>Pika 7.1 \u2013 Nj\u00ebsia e vet\u00ebqeverisjes vendore njofton me shkrim individin\/familjen p\u00ebr arsyet e zhvendosjes 30 (tridhjet\u00eb) dit\u00eb para nxjerrjes s\u00eb aktit administrativ p\u00ebr zhvendosjen nga banesa.<\/strong><\/li>\n<\/ul>\n\n\n\n<p>N\u00eb dijenin\u00eb ton\u00eb, Bashkia Tiran\u00eb nuk ka njoftuar me shkrim n\u00eb afatin e m\u00ebsip\u00ebrm ask\u00ebnd nga personat e zhvendosur. Ky moment \u00ebsht\u00eb i nj\u00eb r\u00ebnd\u00ebsie t\u00eb ve\u00e7ant\u00eb. <strong>Ju b\u00ebjm\u00eb thirrje q\u00eb n\u00eb \u00e7do rast t\u00eb informoni \u00ad\u00e7do person n\u00eb afatin e duhur dhe n\u00eb m\u00ebnyr\u00ebn e duhur p\u00ebr asryet e zhvendosjes bashk\u00eb me t\u00eb dh\u00ebnat e tjera.<\/strong><\/p>\n\n\n\n<ul>\n<li><strong>Pika 7.3 \u2013 Individi\/familja q\u00eb njoftohet p\u00ebr arsyet e zhvendosjes sipas n\u00ebnpik\u00ebs 7.1, t\u00eb k\u00ebtij vendimi, ka t\u00eb drejt\u00eb t\u00eb k\u00ebrkoj\u00eb nga nj\u00ebsia e vet\u00ebqeverisjes vendore kryerjen e nj\u00eb inventari p\u00ebr t\u00eb llogaritur vler\u00ebn e pasurive t\u00eb tij\/tyre, t\u00eb investimeve dhe t\u00eb t\u00eb mirave t\u00eb tjera materiale q\u00eb mund t\u00eb d\u00ebmtohen nga zhvendosja, si dhe p\u00ebr t\u00eb vler\u00ebsuar e dokumentuar humbjet jomonetare, t\u00eb cilat do t\u00eb kompensohen nga nj\u00ebsia e vet\u00ebqeverisjes vendore n\u00eb rastet kur humbjet ndodhin gjat\u00eb zhvendosjes p\u00ebr fajin e k\u00ebsaj t\u00eb fundit.<\/strong><\/li>\n<\/ul>\n\n\n\n<p>N\u00eb dijenin\u00eb ton\u00eb, nuk \u00ebsht\u00eb mbajtur asnj\u00eb inventar p\u00ebr sendet e personave q\u00eb zhvendosen. N\u00eb shum\u00eb raste jan\u00eb shkaktuar humbje t\u00eb m\u00ebdha t\u00eb sendeve me vler\u00eb monetare dhe me vler\u00eb morale t\u00eb pa\u00ad\u00e7mueshme. N\u00eb Pallatin nr. 4 n\u00eb Rrug\u00ebn Myslym Keta kemi konstatuar humbje t\u00eb m\u00ebdha t\u00eb k\u00ebtyre sendeve dhe kujtimeve t\u00eb familjeve, p\u00ebr shkak t\u00eb veprimeve arbitrare deri n\u00eb nivele kriminale. <strong>Ju b\u00ebjm\u00eb thirrje t\u00eb inventarizoni \u00e7do send para zhvendosjes.<\/strong> N\u00eb t\u00eb kund\u00ebrt individ\u00ebve\/familjeve u lind e drejta t\u00eb prezumojn\u00eb se kan\u00eb pasur sendet dhe t\u00eb gjitha jan\u00eb d\u00ebmtuar, me pasoj\u00eb detyrimin e Bashkis\u00eb p\u00ebr shp\u00ebrblimin e d\u00ebmit t\u00eb shkaktuar.<\/p>\n\n\n\n<ul>\n<li><strong>Pika 7.4 \u2013 Individi\/familja, ndaj t\u00eb cil\u00ebs nis procesi administrativ i zhvendosjes, ka t\u00eb drejt\u00ebn e zhvendosjes s\u00eb pasurive q\u00eb mund t\u00eb shk\u00ebputen nga prona para prishjes s\u00eb saj p\u00ebr t\u00eb minimizuar d\u00ebmet e shkaktuara. Shpenzimet, n\u00eb raste t\u00eb tilla, p\u00ebrballohen nga fondet e nj\u00ebsis\u00eb s\u00eb vet\u00ebqeverisjes vendore.<\/strong><\/li>\n<\/ul>\n\n\n\n<p>N\u00eb dijenin\u00eb ton\u00eb, n\u00eb asnj\u00eb rast nuk \u00ebsht\u00eb respektuar pika e m\u00ebsip\u00ebrme. N\u00eb disa raste nuk \u00ebsht\u00eb l\u00ebn\u00eb as edhe dy dit\u00eb koh\u00eb p\u00ebr t\u00eb marr\u00eb sendet, si\u00e7 \u00ebsht\u00eb rasti flagrant i Pallatit nr. 4 n\u00eb Rrug\u00ebn Myslym Keta. N\u00eb asnj\u00eb rast nuk na rezulton q\u00eb Bashkia t\u00eb ket\u00eb p\u00ebrballuar shpenzimet e transportit. <strong>Ju b\u00ebjm\u00eb thirrje t\u00eb lini banor\u00ebt t\u00eb marrin sendet dhe ti paguani transportin n\u00eb ato banesa q\u00eb jan\u00eb siguruar p\u00ebrmes kontrat\u00ebs me pronarin social.<\/strong><\/p>\n\n\n\n<ul>\n<li><strong>Pika 9 \u2013 Akti administrativ p\u00ebr zhvendosjen ekzekutohet pas kalimit t\u00eb 45 (dyzet e pes\u00eb) dit\u00ebve nga njoftimi i tij individit\/familjes q\u00eb do t\u00eb zhvendoset.<\/strong><strong><\/strong><\/li>\n<\/ul>\n\n\n\n<p>N\u00eb dijenin\u00eb ton\u00eb, Bashkia Tiran\u00eb e ka injoruar t\u00ebr\u00ebsisht k\u00ebt\u00eb pik\u00eb t\u00eb r\u00ebnd\u00ebsishme. <strong>Ju b\u00ebjm\u00eb thirrje t\u00eb respektoni afatin e caktuar nga legjislacioni. Asnj\u00eb zhvendosje t\u00eb mos kryhet para 45 dit\u00ebve nga njoftimi individual i secilit person t\u00eb prekur, qoft\u00eb edhe sikur t\u00eb jen\u00eb p\u00ebrmbushur t\u00eb gjith\u00eb kushtet e tjer\u00eb.<\/strong><\/p>\n\n\n\n<ul>\n<li><strong>Pika 9.3 \u2013 Gjat\u00eb zhvendosjes, nj\u00ebsia e vet\u00ebqeverisjes vendore merr masa q\u00eb t\u00eb m\u00ebnjanoj\u00eb \u00e7do veprim apo sjellje q\u00eb shkel dinjitetin e t\u00eb drejtat e njeriut p\u00ebr jet\u00eb dhe siguri t\u00eb personave t\u00eb prekur.<\/strong><strong><\/strong><\/li>\n<\/ul>\n\n\n\n<p>Kjo pik\u00eb \u00ebsht\u00eb shkelur rregullisht. Nd\u00ebrprerja e furnizimit me uj\u00eb dhe energji elektrike pa asnj\u00eb paralajm\u00ebrim, s\u00eb bashku me marrjet me forc\u00eb dhe veprime t\u00eb tjera q\u00eb shkelin t\u00eb drejtat e njeriut dhe dinjitetin njer\u00ebzor, jan\u00eb totalisht t\u00eb papranueshme n\u00eb nj\u00eb shoq\u00ebri demokratike. <strong>Ju b\u00ebjm\u00eb thirrje q\u00eb uji, energjia t\u00eb nd\u00ebrpriten vet\u00ebm pasi t\u00eb jet\u00eb zhvendosur edhe personi i fundit dhe t\u00eb jet\u00eb siguruar strehimi alternativ i tij. Ju b\u00ebjm\u00eb gjithashtu thirrje q\u00eb n\u00eb asnj\u00eb rast t\u00eb mos cenohet dinjiteti njer\u00ebzor dhe t\u00eb nd\u00ebshkoni administrativisht k\u00ebdo q\u00eb vepron n\u00eb kund\u00ebrshtim me dispozit\u00ebn e m\u00ebsip\u00ebrme.<\/strong><\/p>\n\n\n\n<ul>\n<li><strong>Pika 9.6 \u2013 Nuk lejohet asnj\u00eb zhvendosje t\u00eb ekzekutohet n\u00eb mot t\u00eb keq, gjat\u00eb orarit nga ora 19:00 pasdite deri 7:00 t\u00eb m\u00ebngjesit, gjat\u00eb festave ose pushimeve fetare, gjat\u00eb fushatave zgjedhore ose gjat\u00eb, ose deri dy muaj p\u00ebrpara provimeve p\u00ebrfundimtare t\u00eb shkollimit t\u00eb detyruesh\u00ebm.<\/strong><strong><\/strong><\/li>\n<\/ul>\n\n\n\n<p>N\u00eb praktik\u00eb jan\u00eb v\u00ebn\u00eb re raste t\u00eb zhvendosjes n\u00eb shkelje t\u00eb k\u00ebsaj pike. N\u00eb rastin e Pallatit nr. 4 n\u00eb Rrug\u00ebn Myslym Keta, banor\u00ebt u nxorr\u00ebn me forc\u00eb q\u00eb n\u00eb or\u00ebn 04:00. <strong>Ju b\u00ebjm\u00eb thirrje q\u00eb t\u00eb mos kryeni asnj\u00eb veprim gjat\u00eb muajve t\u00eb dimrit kur moti \u00ebsht\u00eb zakonisht i keq. N\u00eb asnj\u00eb rast t\u00eb mos kryhet zhvendosje n\u00eb oraret e palejuar. Identifikoni nx\u00ebn\u00ebsit q\u00eb kan\u00eb provime dhe respektoni t\u00eb drejt\u00ebn e tyre p\u00ebr t\u2019u edukuar, duke mos i zhvendosur. Ju b\u00ebjm\u00eb thirrje gjithashtu q\u00eb t\u00eb mos kryeni asnj\u00eb zhvendosje, jo vet\u00ebm gjat\u00eb fushat\u00ebs zgjedhore, por as n\u00eb periudh\u00ebn 4 muaj para zgjedhjeve.<\/strong><\/p>\n\n\n\n<ul>\n<li><strong>Pika 9.7 \u2013 Gjat\u00eb ekzekutimit t\u00eb zhvendosjes, grupi i pun\u00ebs, si dhe t\u00eb gjith\u00eb punonj\u00ebsit e tjer\u00eb t\u00eb p\u00ebrfshir\u00eb n\u00eb procesin e zhvendosjes, sipas k\u00ebtij vendimi, marrin masa p\u00ebr t\u00eb garantuar q\u00eb askush t\u00eb mos jet\u00eb objekt i sulmeve t\u00eb drejtp\u00ebrdrejta ose jo t\u00eb drejtp\u00ebrdrejta, i akteve t\u00eb tjera t\u00eb dhun\u00ebs, ve\u00e7an\u00ebrisht ndaj grave, f\u00ebmij\u00ebve, personave me aft\u00ebsi t\u00eb kufizuar, mosh\u00ebs s\u00eb tret\u00eb, rom\u00ebve e egjiptian\u00ebve, si dhe garantojn\u00eb q\u00eb askush t\u00eb mos privohet n\u00eb m\u00ebnyr\u00eb arbitrare nga pronat ose zot\u00ebrimet p\u00ebr shkak t\u00eb shembjeve, zjarrit dhe formave t\u00eb tjera t\u00eb shkat\u00ebrrimit t\u00eb q\u00ebllimsh\u00ebm, neglizhenc\u00ebs ose \u00e7do forme d\u00ebnimi kolektiv.<\/strong><strong><\/strong><\/li>\n<\/ul>\n\n\n\n<p>N\u00eb dijenin\u00eb ton\u00eb, Bashkia Tiran\u00eb nuk ka asnj\u00eb informacion mbi personat me nevoja t\u00eb ve\u00e7anta q\u00eb jan\u00eb prekur nga zhvendosjet. <strong>Ju b\u00ebjm\u00eb thirrje q\u00eb n\u00eb \u00e7do rast t\u00eb identifikoni cil\u00ebt jan\u00eb personat e moshuar, f\u00ebmij\u00ebt, personat me aft\u00ebsi t\u00eb kufizuara, pakicat etnike, etj., q\u00eb mund t\u00eb preken dhe t\u00eb garantoni q\u00eb ata vecan\u00ebrisht t\u00eb mos jen\u00eb pre e sulmeve ose akteve t\u00eb tjera t\u00eb dhun\u00ebs.<\/strong><\/p>\n\n\n\n<ul>\n<li><strong>Pika 9.8 \u2013 Punonj\u00ebsit e nj\u00ebsis\u00eb s\u00eb vet\u00ebqeverisjes vendore dhe punonj\u00ebsit e tjer\u00eb t\u00eb p\u00ebrfshir\u00eb n\u00eb procesin e zhvendosjes, sipas k\u00ebtij vendimi, marrin masa q\u00eb prona dhe zot\u00ebrimet e l\u00ebna pas n\u00eb m\u00ebnyr\u00eb t\u00eb pavullnetshme nga individi\/familja q\u00eb zhvendoset, t\u00eb mbrohen nga shkat\u00ebrrimi dhe p\u00ebrvet\u00ebsimi arbitrar dhe i paligjsh\u00ebm, z\u00ebnia ose p\u00ebrdorimi i tyre.<\/strong><strong><\/strong><\/li>\n<\/ul>\n\n\n\n<p>N\u00eb dijenin\u00eb ton\u00eb, n\u00eb shum\u00eb raste pronat e personave t\u00eb zhvendosur jan\u00eb cenuar, duke marr\u00eb prej tyre \u00e7do send t\u00eb mundsh\u00ebm. N\u00eb asnj\u00eb rast objektet nuk jan\u00eb ruajtur. <strong>Ju b\u00ebjm\u00eb thirrje t\u00eb merrni masa urgjente edhe n\u00eb rastet aktuale, sidomos n\u00eb zon\u00ebn e Kombinatit.<\/strong><\/p>\n\n\n\n<ul>\n<li><strong>Pika 10.1 \u2013 Minimalisht, pavar\u00ebsisht kushteve dhe pa diskriminuar, autoritetet kompetente duhet t\u00eb garantojn\u00eb q\u00eb personat ose grupet e zhvendosura, ve\u00e7an\u00ebrisht ata q\u00eb kan\u00eb t\u00eb ardhura t\u00eb ul\u00ebta dhe shum\u00eb t\u00eb ul\u00ebta, personat me aft\u00ebsi t\u00eb kufizuara, t\u00eb moshuarit, f\u00ebmij\u00ebt e grat\u00eb shtatz\u00ebna t\u00eb ken\u00eb akses t\u00eb sigurt e t\u00eb mbrojtur n\u00eb: a) ushqim, uj\u00eb t\u00eb pijsh\u00ebm dhe higjien\u00eb baz\u00eb; b) strehim dhe akomodim baz\u00eb; c) veshje t\u00eb p\u00ebrshtatshme; \u00e7) sh\u00ebrbime mjek\u00ebsore baz\u00eb; d) burime jetese; <\/strong>dh) ushqim p\u00ebr bag\u00ebtin\u00eb dhe akses n\u00eb burime t\u00eb pron\u00ebs s\u00eb p\u00ebrbashk\u00ebt nga t\u00eb cilat vareshin dikur; e) <strong>arsim p\u00ebr f\u00ebmij\u00ebt dhe ambiente p\u00ebr kujdesin ndaj f\u00ebmij\u00ebve. Nj\u00ebsia e vet\u00ebqeverisjes vendore duhet t\u00eb garantoj\u00eb gjithashtu mosndarjen e an\u00ebtar\u00ebve t\u00eb s\u00eb nj\u00ebjt\u00ebs familje p\u00ebr shkak t\u00eb zhvendosjes.<\/strong><strong><\/strong><\/li>\n<\/ul>\n\n\n\n<p>N\u00eb asnj\u00eb rast nuk na rezulton q\u00eb Bashkia Tiran\u00eb t\u00eb ket\u00eb marra masat p\u00ebr respektimin e pik\u00ebs s\u00eb m\u00ebsip\u00ebrme. <strong>Ju b\u00ebjm\u00eb thirrje t\u00eb identifikoni urgjentisht personat e m\u00ebsip\u00ebrm dhe t\u00eb merrni masa p\u00ebr t\u2019i asistuar ata n\u00eb p\u00ebrmbushjen e nevojave t\u00eb tyre jetike.<\/strong><\/p>\n\n\n\n<ul>\n<li><strong>Pika 12.1 \u2013 T\u00eb gjith\u00eb t\u00eb zhvendosurit kan\u00eb t\u00eb drejt\u00eb kompensimi p\u00ebr humbjen, rikuperimin dhe transportin e sendeve e t\u00eb pronave t\u00eb prekura, p\u00ebrfshir\u00eb banes\u00ebn fillestare dhe \u00e7do pasuri t\u00eb luajtshme t\u00eb d\u00ebmtuar gjat\u00eb zhvendosjes.<\/strong><strong><\/strong><\/li>\n<\/ul>\n\n\n\n<p>N\u00eb dijenin\u00eb ton\u00eb, Bashkia Tiran\u00eb nuk ka nisur ndonj\u00eb procedur\u00eb p\u00ebr kompensimin e humbjeve t\u00eb sendeve apo t\u00eb kostove t\u00eb transportit. <strong>Ju b\u00ebjm\u00eb thirrje s\u00eb pari t\u00eb tregoni kujdesin e duhur p\u00ebr t\u00eb shmangur d\u00ebmtimet, dhe s\u00eb dyti, t\u00eb rimbursoni n\u00eb \u00e7do rast kostot e transportit t\u00eb t\u00eb gjitha sendeve t\u00eb personave t\u00eb prekur.<\/strong><\/p>\n\n\n\n<ul>\n<li><strong>Pika 12.2 \u2013 P\u00ebr \u00e7do zhvendosje mbahet nj\u00eb procesverbal i identifikimit t\u00eb pasurive t\u00eb luajtshme dhe t\u00eb paluajtshme.<\/strong><\/li>\n<\/ul>\n\n\n\n<p>Nj\u00eblloj si n\u00eb rastin e pik\u00ebs 7.3, <strong>ju b\u00ebjm\u00eb thirrje q\u00eb t\u00eb mbani procesverbal me inventaret e t\u00eb gjitha sendeve t\u00eb personave q\u00eb zhvendosen.<\/strong><\/p>\n\n\n\n<ul>\n<li><strong>Pika 16 \u2013 Nj\u00ebsia e vet\u00ebqeverisjes vendore, menj\u00ebher\u00eb, me fillimin e identifikimit t\u00eb nevoj\u00ebs p\u00ebr zhvendosje, njofton ministrin\u00eb p\u00ebrgjegj\u00ebse p\u00ebr \u00e7\u00ebshtjet e qeverisjes vendore, ministrin\u00eb p\u00ebrgjegj\u00ebse p\u00ebr \u00e7\u00ebshtjet sociale, si dhe t\u00eb strehimit, p\u00ebr \u00e7do procedur\u00eb zhvendosjeje. Ky njoftim \u00ebsht\u00eb i detyruesh\u00ebm edhe kur zhvendosja vjen si pasoj\u00eb e nj\u00eb situate t\u00eb k\u00ebrkuar apo p\u00ebr shkak t\u00eb nj\u00eb procesi t\u00eb nisur nga nj\u00eb institucion qendror.<\/strong><strong><\/strong><\/li>\n<\/ul>\n\n\n\n<p>Ne nuk dim\u00eb n\u00ebse Bashkia Tiran\u00eb ka b\u00ebr\u00eb njoftimet sipas k\u00ebsaj pike, por <strong>ju b\u00ebjm\u00eb thirrje q\u00eb kjo procedur\u00eb t\u00eb respektohet sepse t\u00eb gjith\u00eb institucionet e m\u00ebsip\u00ebrm kan\u00eb rol ky\u00e7 n\u00eb p\u00ebrmbushjen e nevojave t\u00eb qytetar\u00ebve.<\/strong><\/p>\n\n\n\n<ul>\n<li><strong>Pika 19 \u2013 Nj\u00ebsia e vet\u00ebqeverisjes vendore njofton Avokatin e Popullit p\u00ebr \u00e7do procedur\u00eb zhvendosjeje t\u00eb nisur. N\u00eb rastet kur Avokati i Popullit, n\u00eb p\u00ebrputhje me Kushtetut\u00ebn dhe legjislacionin n\u00eb fuqi, miraton rekomandime, ato publikohen edhe n\u00eb faqen zyrtare t\u00eb internetit t\u00eb nj\u00ebsis\u00eb s\u00eb vet\u00ebqeverisjes vendore.<\/strong><strong><\/strong><\/li>\n<\/ul>\n\n\n\n<p>Avokati i Popullit ka qen\u00eb kritik ndaj m\u00ebnyr\u00ebs s\u00eb t\u00eb vepruarit t\u00eb Bashkis\u00eb Tiran\u00eb, duke dal\u00eb me raporte konkrete dhe ku theksohet mungesa e komunikimit. <strong>Ju b\u00ebjm\u00eb thirrje t\u00eb njoftoni n\u00eb \u00e7do rast Avokatin e Popullit dhe t\u00eb zbatoni n\u00eb \u00e7do rast rekomandimet e tij.<\/strong><\/p>\n\n\n\n<p>*&nbsp;&nbsp;&nbsp; *&nbsp;&nbsp;&nbsp; *<\/p>\n\n\n\n<p>Si\u00e7 rezulton nga m\u00eb lart, procesi i zhvendosjes p\u00ebrmban shum\u00eb element\u00eb q\u00eb Bashkia Tiran\u00eb nuk i ka konsideruar, ose i ka shp\u00ebrfillur t\u00ebr\u00ebsisht. Zhvendosjet jan\u00eb kryer n\u00eb shkelje t\u00eb plot\u00eb t\u00eb ligjit, akteve n\u00ebnligjore dhe standardeve nd\u00ebrkomb\u00ebtare, me pasoj\u00eb shkelje serioze t\u00eb t\u00eb drejtave t\u00eb njeriut dhe d\u00ebmtimin e vlerave materiale dhe jomateriale t\u00eb qytetar\u00ebve t\u00eb prekur. Zhvendosje t\u00eb tilla si ajo e rastit t\u00eb Pallatit nr. 4 n\u00eb Rrug\u00ebn Myslym Keta kan\u00eb sh\u00ebnuar shkelje deri n\u00eb nivelin e veprimeve arbitrare, t\u00eb d\u00ebnueshme nga Kodi Penal.<\/p>\n\n\n\n<p>Res Publica<\/p>\n\n\n\n<p><em>* Kjo let\u00ebr e hapur u realizua n\u00eb kuad\u00ebr t\u00eb projektit <\/em><em>\u201cP\u00ebr nj\u00eb proces rind\u00ebrtimi m\u00eb t\u00eb p\u00ebrgjegjsh\u00ebm\u201d<\/em><em> t\u00eb mb\u00ebshtur nga LevizAlbania, nj\u00eb projekt i Agjencis\u00eb Zvicerane p\u00ebr Zhvillim dhe Bashk\u00ebpunim, SDC.<\/em><em><\/em><\/p>\n","protected":false},"excerpt":{"rendered":"<p>Drejtuar: &nbsp;&nbsp;&nbsp;&nbsp;&nbsp;&nbsp; Bashkis\u00eb Tiran\u00eb &nbsp;&nbsp;&nbsp;&nbsp;&nbsp;&nbsp;&nbsp;&nbsp;&nbsp;&nbsp;&nbsp;&nbsp;&nbsp;&nbsp;&nbsp;&nbsp;&nbsp;&nbsp;&nbsp;&nbsp;&nbsp;&nbsp;&nbsp; Prefektit t\u00eb Qarkut Tiran\u00eb &nbsp;&nbsp;&nbsp;&nbsp;&nbsp;&nbsp;&nbsp;&nbsp;&nbsp;&nbsp;&nbsp;&nbsp;&nbsp;&nbsp;&nbsp;&nbsp;&nbsp;&nbsp;&nbsp;&nbsp;&nbsp;&nbsp;&nbsp; Policis\u00eb Bashkiake Tiran\u00eb &nbsp;&nbsp;&nbsp;&nbsp;&nbsp;&nbsp;&nbsp;&nbsp;&nbsp;&nbsp;&nbsp;&nbsp;&nbsp;&nbsp;&nbsp;&nbsp;&nbsp;&nbsp;&nbsp;&nbsp;&nbsp;&nbsp;&nbsp; Policis\u00eb s\u00eb Shtetit P\u00ebr djeni: &nbsp;&nbsp;&nbsp;&nbsp;&nbsp; [&hellip;]<\/p>\n","protected":false},"author":2,"featured_media":2368,"comment_status":"open","ping_status":"open","sticky":false,"template":"","format":"standard","meta":{"site-sidebar-layout":"default","site-content-layout":"","ast-site-content-layout":"","site-content-style":"default","site-sidebar-style":"default","ast-global-header-display":"","ast-banner-title-visibility":"","ast-main-header-display":"","ast-hfb-above-header-display":"","ast-hfb-below-header-display":"","ast-hfb-mobile-header-display":"","site-post-title":"","ast-breadcrumbs-content":"","ast-featured-img":"","footer-sml-layout":"","theme-transparent-header-meta":"","adv-header-id-meta":"","stick-header-meta":"","header-above-stick-meta":"","header-main-stick-meta":"","header-below-stick-meta":"","astra-migrate-meta-layouts":"default","ast-page-background-enabled":"default","ast-page-background-meta":{"desktop":{"background-color":"var(--ast-global-color-4)","background-image":"","background-repeat":"repeat","background-position":"center center","background-size":"auto","background-attachment":"scroll","background-type":"","background-media":"","overlay-type":"","overlay-color":"","overlay-gradient":""},"tablet":{"background-color":"","background-image":"","background-repeat":"repeat","background-position":"center center","background-size":"auto","background-attachment":"scroll","background-type":"","background-media":"","overlay-type":"","overlay-color":"","overlay-gradient":""},"mobile":{"background-color":"","background-image":"","background-repeat":"repeat","background-position":"center center","background-size":"auto","background-attachment":"scroll","background-type":"","background-media":"","overlay-type":"","overlay-color":"","overlay-gradient":""}},"ast-content-background-meta":{"desktop":{"background-color":"var(--ast-global-color-5)","background-image":"","background-repeat":"repeat","background-position":"center center","background-size":"auto","background-attachment":"scroll","background-type":"","background-media":"","overlay-type":"","overlay-color":"","overlay-gradient":""},"tablet":{"background-color":"var(--ast-global-color-5)","background-image":"","background-repeat":"repeat","background-position":"center center","background-size":"auto","background-attachment":"scroll","background-type":"","background-media":"","overlay-type":"","overlay-color":"","overlay-gradient":""},"mobile":{"background-color":"var(--ast-global-color-5)","background-image":"","background-repeat":"repeat","background-position":"center center","background-size":"auto","background-attachment":"scroll","background-type":"","background-media":"","overlay-type":"","overlay-color":"","overlay-gradient":""}},"footnotes":""},"categories":[6,5,4],"tags":[],"_links":{"self":[{"href":"https:\/\/www.respublica.org.al\/web\/index.php?rest_route=\/wp\/v2\/posts\/2367"}],"collection":[{"href":"https:\/\/www.respublica.org.al\/web\/index.php?rest_route=\/wp\/v2\/posts"}],"about":[{"href":"https:\/\/www.respublica.org.al\/web\/index.php?rest_route=\/wp\/v2\/types\/post"}],"author":[{"embeddable":true,"href":"https:\/\/www.respublica.org.al\/web\/index.php?rest_route=\/wp\/v2\/users\/2"}],"replies":[{"embeddable":true,"href":"https:\/\/www.respublica.org.al\/web\/index.php?rest_route=%2Fwp%2Fv2%2Fcomments&post=2367"}],"version-history":[{"count":1,"href":"https:\/\/www.respublica.org.al\/web\/index.php?rest_route=\/wp\/v2\/posts\/2367\/revisions"}],"predecessor-version":[{"id":2369,"href":"https:\/\/www.respublica.org.al\/web\/index.php?rest_route=\/wp\/v2\/posts\/2367\/revisions\/2369"}],"wp:featuredmedia":[{"embeddable":true,"href":"https:\/\/www.respublica.org.al\/web\/index.php?rest_route=\/wp\/v2\/media\/2368"}],"wp:attachment":[{"href":"https:\/\/www.respublica.org.al\/web\/index.php?rest_route=%2Fwp%2Fv2%2Fmedia&parent=2367"}],"wp:term":[{"taxonomy":"category","embeddable":true,"href":"https:\/\/www.respublica.org.al\/web\/index.php?rest_route=%2Fwp%2Fv2%2Fcategories&post=2367"},{"taxonomy":"post_tag","embeddable":true,"href":"https:\/\/www.respublica.org.al\/web\/index.php?rest_route=%2Fwp%2Fv2%2Ftags&post=2367"}],"curies":[{"name":"wp","href":"https:\/\/api.w.org\/{rel}","templated":true}]}}