{"id":2375,"date":"2023-01-13T13:53:07","date_gmt":"2023-01-13T12:53:07","guid":{"rendered":"https:\/\/www.respublica.org.al\/?p=2375"},"modified":"2023-01-13T13:57:39","modified_gmt":"2023-01-13T12:57:39","slug":"leter-e-hapur-e-grupimit-per-mbrojtjen-e-kombinatit-dhe-res-publica-per-bashkine-tirane","status":"publish","type":"post","link":"https:\/\/www.respublica.org.al\/web\/?p=2375","title":{"rendered":"Let\u00ebr e hapur e Grupimit p\u00ebr Mbrojtjen e Kombinatit dhe Res Publica p\u00ebr Bashkin\u00eb Tiran\u00eb"},"content":{"rendered":"\n<p><strong>NGA: &nbsp;&nbsp;&nbsp;&nbsp;&nbsp;&nbsp;&nbsp;&nbsp;&nbsp;&nbsp;&nbsp;&nbsp;&nbsp;&nbsp;&nbsp;&nbsp; GRUPIMI P\u00cbR MBROJTJEN E KOMBINATIT<\/strong><\/p>\n\n\n\n<p><strong>&nbsp;&nbsp;&nbsp;&nbsp;&nbsp;&nbsp;&nbsp;&nbsp;&nbsp;&nbsp;&nbsp;&nbsp;&nbsp;&nbsp;&nbsp;&nbsp;&nbsp;&nbsp;&nbsp;&nbsp;&nbsp;&nbsp;&nbsp;&nbsp;&nbsp;&nbsp;&nbsp;&nbsp; QENDRA RES PUBLICA<\/strong><\/p>\n\n\n\n<p><strong>DREJTUAR:&nbsp;&nbsp;&nbsp;&nbsp;&nbsp; Z. ERJON VELIAJ, KRYETAR I BASHKIS\u00cb TIRAN\u00cb<\/strong><\/p>\n\n\n\n<p><strong>&nbsp;&nbsp;&nbsp;&nbsp;&nbsp;&nbsp;&nbsp;&nbsp;&nbsp;&nbsp;&nbsp;&nbsp;&nbsp;&nbsp;&nbsp;&nbsp;&nbsp;&nbsp;&nbsp;&nbsp;&nbsp;&nbsp;&nbsp;&nbsp;&nbsp;&nbsp;&nbsp;&nbsp; Znj. ROMINA KUKO, KRYETARE E K\u00cbSHILLIT BASHKIAK T\u00cb BASHKIS\u00cb TIRAN\u00cb<\/strong><\/p>\n\n\n\n<p>Ne, Banor\u00eb t\u00eb Kombinatit, t\u00eb organizuar me q\u00ebllim gjetjen e nj\u00eb zgjidhje t\u00eb drejt\u00eb p\u00ebr mbrojtjen e banesave ku jetojm\u00eb, pas pasojave t\u00eb T\u00ebrmetit 26 N\u00ebntorit 2019, dhe nga keqmenaxhimi i situates deri tani n\u00eb Kombinat, i drejtohemi me k\u00ebt\u00eb let\u00ebr t\u00eb hapur Z. Erjon Veliaj, si Kryetar i Bashkis\u00eb, dhe Znj. Romina Kuko, si Kryetare e K\u00ebshillit Bashkiak.<\/p>\n\n\n\n<p>Si\u00e7 Ju jeni n\u00eb dijeni, jan\u00eb rreth 67 vendime t\u00eb K\u00ebshillit Bashkiak Tiran\u00eb, t\u00eb cilat, n\u00eb dijenin\u00eb ton\u00eb jan\u00eb ekzekutuar n\u00eb 28 raste deri n\u00eb momentin e hartimit t\u00eb k\u00ebsaj k\u00ebrkese. &nbsp;<\/p>\n\n\n\n<p>Nga t\u00eb gjitha proceset e nisura n\u00eb Gjykat\u00ebn Administrative t\u00eb Shkall\u00ebs s\u00eb Par\u00eb, Tiran\u00eb, ka rezultuar se pallatet (objektet) e caktuar p\u00ebr prishje nuk plot\u00ebsojn\u00eb kriteret ligjore p\u00ebr prishje sepse nuk kan\u00eb shkall\u00eb t\u00eb lart\u00eb d\u00ebmtimi.<\/p>\n\n\n\n<p>N\u00eb \u00e7do rast t\u00eb p\u00ebrfundimit t\u00eb gjykimit, oponencat teknike t\u00eb Institutit t\u00eb Nd\u00ebrtimit dhe vendimet e K\u00ebshillit Bashkiak Tiran\u00eb jan\u00eb shfuqizuar si akte t\u00eb paligjshme. Kjo ka ndodhur p\u00ebr t\u00eb pakt\u00ebn 9 pallate (objekte) p\u00ebr t\u00eb cilat gjykata ka shfuqizuar vendimet e K\u00ebshillit Bashkiak Tiran\u00eb.<\/p>\n\n\n\n<p>Nj\u00eblloj pritet q\u00eb gjykata t\u00eb vendos\u00eb p\u00ebr vendimet e prishjes s\u00eb t\u00eb pakt\u00ebn 3 pallateve t\u00eb tjer\u00eb, q\u00eb jan\u00eb ende n\u00eb shqyrtim, p\u00ebr t\u00eb cil\u00ebt \u00ebsht\u00eb paraqitur akt-ekspertiz\u00eb nga ekspert\u00eb t\u00eb caktuar nga gjykata. Sipas k\u00ebtyre akt-ekspertizave, pallatet nuk duhet t\u00eb prishen pasi shkalla e d\u00ebmtimit \u00ebsht\u00eb m\u00eb e vog\u00ebl (DS1-DS2).<\/p>\n\n\n\n<p>N\u00eb t\u00eb nj\u00ebjtin p\u00ebrfundim duket se do t\u00eb rezultojn\u00eb edhe \u00e7\u00ebshtjet e nisura p\u00ebr 4 pallate t\u00eb tjera n\u00eb faz\u00eb shqyrtimi gjyq\u00ebsor, t\u00eb cilat, sipas akt-ekspertizave private t\u00eb b\u00ebra nga ekspert\u00eb t\u00eb licensuar, nuk jan\u00eb t\u00eb d\u00ebmtuar n\u00eb shkall\u00ebn DS4 &#8211; DS5 si\u00e7 rezulton nga akt ekspertizat e thelluara t\u00eb Bashkis\u00eb Tiran\u00eb dhe oponencat teknike p\u00ebrkat\u00ebse t\u00eb Institutit t\u00eb Nd\u00ebrtimit. &nbsp;<\/p>\n\n\n\n<p>Argumentet p\u00ebr paligjshm\u00ebrin\u00eb e konstatuar nga ana jon\u00eb, por edhe nga Gjykata Administrative e Shkall\u00ebs s\u00eb Par\u00eb, Tiran\u00eb, po i rendisim si m\u00eb posht\u00eb:<\/p>\n\n\n\n<p><strong>Ka rezultuar q\u00eb t\u00eb pakt\u00ebn 16 pallate t\u00eb shpallura p\u00ebr prishje t\u00eb detyruar jan\u00eb n\u00eb shkall\u00eb d\u00ebmtimi t\u00eb leht\u00eb, n\u00eb pjes\u00ebn m\u00eb t\u00eb madhe t\u00eb rasteve DS2, n\u00eb ndonj\u00eb rast shkalla e d\u00ebmtimit ka q\u00ebn\u00eb pjes\u00ebrisht DS3 ose DS1, shkall\u00eb p\u00ebr t\u00eb cilat nuk k\u00ebrkohet kryerja e akt ekspertizave t\u00eb thelluara.<\/strong><\/p>\n\n\n\n<p>Nuk ka informacion shterues lidhur me rezultatet e akt-konstatimeve paraprake dhe rezultatet e kryera paraprakisht nga Instituti i Nd\u00ebrtimit, por n\u00eb disa raste kur kemi pasur informacion, kemi v\u00ebn\u00eb re se akt-konstatimi nuk ka evidentuar shkall\u00eb t\u00eb r\u00ebnd\u00eb d\u00ebmtimi, q\u00eb t\u00eb sugjeroj\u00eb kryerjen t\u00eb akt-ekspertizave t\u00eb thelluara. N\u00eb k\u00ebto kushte, duket se vendimarrja e Bashkis\u00eb Tiran\u00eb p\u00ebr kryerjen e Akt-Ekspertiz\u00ebs s\u00eb Thelluar \u00ebsht\u00eb e pabazuar. P\u00ebr m\u00eb tep\u00ebr k\u00ebto akt-ekspertiza paraqesin fakte t\u00eb pav\u00ebrteta, mbi t\u00eb cilat \u00ebsht\u00eb vendosur prishja e pallateve n\u00eb m\u00ebnyr\u00eb abuzive. &nbsp;<\/p>\n\n\n\n<p>N\u00eb t\u00eb gjitha praktikat e shqyrtuara, ka rezultuar e provuar se shkalla e d\u00ebmtimit t\u00eb pallateve nuk ka qen\u00eb DS4 apo DS5, ndaj p\u00ebr t\u00eb pakt\u00ebn p\u00ebr k\u00ebto pallate nuk ka qen\u00eb e domosdoshme fare kryerja e akt ekspertizave t\u00eb thelluara nga ana e Bashkis\u00eb Tiran\u00eb dhe p\u00ebr pasoj\u00eb k\u00ebto pallate nuk duhet t\u00eb klasifikoheshin p\u00ebr prishje t\u00eb detyruar.<\/p>\n\n\n\n<p>Nisur nga sa m\u00eb sip\u00ebr, ka arsye p\u00ebr t\u00eb v\u00ebn\u00eb n\u00eb dyshim edhe sakt\u00ebsin\u00eb e t\u00eb gjitha VKB-ve t\u00eb tjera p\u00ebr prishjen e detyruar t\u00eb nd\u00ebrtesave (pallateve).<\/p>\n\n\n\n<p><strong>Pasakt\u00ebsit\u00eb e Akt-espertizave t\u00eb thelluara t\u00eb Bashkis\u00eb Tiran\u00eb nuk jan\u00eb konstatuar nga oponencat teknike t\u00eb Institutit t\u00eb Nd\u00ebrtimit, t\u00eb cilat gjithashtu p\u00ebrmbajn\u00eb nj\u00eb mori pasakt\u00ebsish, t\u00eb konstatuara rregullisht nga gjykata administrative.<\/strong><\/p>\n\n\n\n<p>Akt-Ekspertiza e Thelluara t\u00eb p\u00ebrshkruara m\u00eb sip\u00ebr i n\u00ebnshtrohen oponenc\u00ebs teknike t\u00eb Institutit t\u00eb Nd\u00ebrtimit, si detyrim ligjor, e cila m\u00eb pas rekomandon p\u00ebr prishjen e detyruar t\u00eb pallatit: (1) n\u00ebse shkalla e d\u00ebmtimit \u00ebsht\u00eb DS5 ose; (2) prishjen e detyruar, n\u00ebse shkalla&nbsp; d\u00ebmtimit \u00ebsht\u00eb DS4 dhe kosto e riparimit \u00ebsht\u00eb mbi 70% e kostos s\u00eb rind\u00ebrtimit.<\/p>\n\n\n\n<p>Ajo q\u00eb \u00ebsht\u00eb konstatuar nga shqyrtimi i t\u00eb pakt\u00ebn 16 praktikave \u00ebsht\u00eb se preventivi i kostos s\u00eb riparimit \u00ebsht\u00eb fryr\u00eb n\u00eb m\u00ebnyr\u00eb t\u00eb sforcuar, nd\u00ebrsa preventivi i kostos s\u00eb rind\u00ebrtimit \u00ebsht\u00eb ulur n\u00eb m\u00ebnyr\u00eb t\u00eb sforcuar, me q\u00ebllim rritjen n\u00eb m\u00ebnyr\u00eb fiktive t\u00eb raportit mes tyre p\u00ebr t\u00eb kaluar mas\u00ebn mbi 70%. Kjo \u00ebsht\u00eb e dukshme n\u00eb pamje t\u00eb par\u00eb dhe rezulton e till\u00eb edhe nga ekspertizat gjyq\u00ebsore dhe jasht\u00eb gjyq\u00ebsore. P\u00ebr ta ilustruar sjellim vet\u00ebm nj\u00eb shembull.<\/p>\n\n\n\n<p>Nd\u00ebrsa te preventivi i riparimit evidentohen z\u00ebra t\u00eb panevojsh\u00ebm p\u00ebr riparimin e pallatit si: lulishte, trotuar\u00eb, sisteme kundra mbrojtjes nga zjarri, sisteme qendrore ftohje-ngrohje, etj, nga ana tjet\u00ebr n\u00eb preventivin e kostos s\u00eb rind\u00ebrtimit, jo vet\u00ebm q\u00eb k\u00ebto z\u00ebra mungojn\u00eb, por k\u00ebtu kostoja e vetme q\u00eb paraqitet \u00ebsht\u00eb \u00e7mimi mesatar i nd\u00ebrtimit t\u00eb Entit Komb\u00ebtar t\u00eb Banesave, q\u00eb sh\u00ebrben vet\u00ebm p\u00ebr referenc\u00eb p\u00ebr efekte fiskale dhe nuk paraqet koston reale t\u00eb nd\u00ebrtimit. N\u00eb fakt, kosto e rind\u00ebrtimit p\u00ebrmban edhe z\u00ebra t\u00eb tjer\u00eb, si\u00e7 \u00ebsht\u00eb prishja e objektit ekzistues, transporti i mbetjeve pas prishjes s\u00eb objektit, depozitimi i mbetjeve n\u00eb landfill, apo shpenzime p\u00ebr nd\u00ebrtimin sipas standardeve t\u00eb vendosura nga aktet e dala pas vendosjes s\u00eb \u00e7mimit mesatar t\u00eb nd\u00ebrtimit nga EKB, apo taksa mbi infrastruktur\u00eb, etj. Disa z\u00ebra, qartazi jan\u00eb p\u00ebrjashtuar nga kosto mesatare e EKB, sipas Udh\u00ebzimit t\u00eb K\u00ebshillit t\u00eb Ministrave nr. 3\/2016.<\/p>\n\n\n\n<p>K\u00ebto m\u00eb sip\u00ebr, por edhe t\u00eb tjera pasakt\u00ebsi, jan\u00eb konstatuar edhe nga ekspert\u00eb t\u00eb tjer\u00eb t\u00eb pavarur, ose\/edhe nga ekspert\u00eb t\u00eb caktuar nga vet\u00eb gjykata. Gjithsesi, p\u00ebrve\u00e7 provave si m\u00eb sip\u00ebr, t\u00eb gjitha k\u00ebto jan\u00eb fakte t\u00eb cilat jan\u00eb leht\u00ebsisht t\u00eb evidentueshme nga ekspert\u00eb t\u00eb tjer\u00eb t\u00eb fush\u00ebs.<\/p>\n\n\n\n<p>Gjith\u00eb sa \u00ebsht\u00eb konstatuar m\u00eb sip\u00ebr ka qen\u00eb detyr\u00eb ligjore e Institutit t\u00eb Nd\u00ebrtimit t\u2019i evidentoj\u00eb n\u00eb b\u00ebrjen e oponenc\u00ebs teknike, e cila n\u00eb \u00e7do rast duket si \u201cnoterizim\u201d i Aktit t\u00eb Ekspertiz\u00ebs s\u00eb Thelluar. N\u00eb fakt oponencat teknike nuk kan\u00eb realizuar funksionin e tyre dhe kan\u00eb \u201ccertifikuar\u201d fakte t\u00eb pav\u00ebrteta, ndaj n\u00eb ato her\u00eb q\u00eb ato i jan\u00eb n\u00ebnshtruar shqyrtimit gjyq\u00ebsor jan\u00eb shfuqizuar n\u00eb t\u00eb gjith\u00eb rastet.<\/p>\n\n\n\n<p>N\u00ebse oponenca do t\u00eb ishte kryer n\u00eb standardin e duhur, procedura e nisur p\u00ebr prishjen e detyruar t\u00eb pallateve nuk do t\u00eb vazhdonte dhe d\u00ebmi i financave publike dhe t\u00eb drejtave t\u00eb shtetasve nuk do t\u00eb thellohej.<\/p>\n\n\n\n<p>Mungesa e kapaciteteve dhe e standardit p\u00ebr t\u00eb kryer Oponenca Teknike nga ana e Institutit t\u00eb Nd\u00ebrtimit \u00ebsht\u00eb konstatuar edhe n\u00eb raportin e Auditimit t\u00eb Kontrollit t\u00eb Lart\u00eb t\u00eb Shtetit, t\u00eb kryer n\u00eb k\u00ebt\u00eb institucion n\u00eb prill 2020.<\/p>\n\n\n\n<p><strong>P\u00ebrve\u00e7 d\u00ebmtimit t\u00eb interesave t\u00eb banor\u00ebve t\u00eb prekur t\u00eb pallateve q\u00eb jan\u00eb caktuar p\u00ebr prishje n\u00eb m\u00ebnyr\u00eb abuzive, sipas shpjegimeve t\u00eb dh\u00ebna m\u00eb sip\u00ebr, n\u00eb rast se vijon zbatimi i VKB-ve rrezikohet shp\u00ebrdorimi i fondeve publike.<\/strong><\/p>\n\n\n\n<p>N\u00ebse akt-ekspertiza e thelluar e porositur nga Bashkia Tiran\u00eb ka nxjerr\u00eb objektin p\u00ebr prishje dhe kostoja e nd\u00ebrtimit nga e para e nj\u00eb objekti t\u00eb till\u00eb \u00ebsht\u00eb 70-80 milon lek\u00eb (n\u00eb praktik\u00eb mund t\u00eb shkoj\u00eb dy her\u00eb m\u00eb e lart\u00eb), por n\u00eb realitet objekti ka nevoj\u00eb p\u00ebr p\u00ebrforcime n\u00eb vlera 10-20 milion lek\u00eb, at\u00ebher\u00eb kuptohet q\u00eb k\u00ebto vendimmarrje sjellin shp\u00ebrdorim t\u00eb fondeve t\u00eb buxhetit t\u00eb shtetit. Ky i fundit mund t\u00eb p\u00ebrballoj\u00eb ato raste kur realisht ka nevoj\u00eb p\u00ebr nd\u00ebrhyrje dhe jo t\u00eb gjitha rastet q\u00eb n\u00eb m\u00ebnyr\u00eb abuzive jan\u00eb shoq\u00ebruar me fryrje kostosh.<\/p>\n\n\n\n<p>N\u00eb proceset gjyq\u00ebsore q\u00eb jan\u00eb zhvilluar n\u00eb Gjykat\u00ebn Administrative \u00ebsht\u00eb konstatuar rregullisht se vlerat e riparimit kan\u00eb qen\u00eb dhjet\u00ebra milion lek\u00eb m\u00eb t\u00eb ul\u00ebt n\u00eb \u00e7do rast. N\u00ebse matet efekti i t\u00eb gjith\u00eb VKB-ve, vlera n\u00eb miliona Euro, t\u00eb cilat do i r\u00ebndojn\u00eb pa t\u00eb drejt\u00eb buxhetit t\u00eb Bashkis\u00eb, buxhet i cili mund t\u00eb p\u00ebrdorej p\u00ebr q\u00ebllime t\u00eb tjera n\u00eb ndihm\u00eb t\u00eb qytetar\u00ebve.<\/p>\n\n\n\n<p>Shkeleje n\u00eb k\u00ebt\u00eb proces jan\u00eb konstatuar edhe nga Avokati i Popullit, t\u00eb publikuara n\u00eb raportet e k\u00ebtij institucioni.<\/p>\n\n\n\n<p><strong>Nisur nga k\u00ebto kushte, i drejtohemi me k\u00ebt\u00eb peticion K\u00ebshillit Bashkiak dhe Bashkis\u00eb Tiran\u00eb, ku i k\u00ebrkojm\u00eb:<\/strong><\/p>\n\n\n\n<ol type=\"1\" start=\"1\">\n<li><strong>Pezullimin e ekzekutimit t\u00eb VKB-ve t\u00eb marra p\u00ebr sh\u00ebmbjen e nj\u00eb numri pallatesh q\u00eb jan\u00eb piketuar p\u00ebr t\u2019u shembur, por q\u00eb nuk jan\u00eb shembur ende;<\/strong><\/li>\n<\/ol>\n\n\n\n<ol type=\"1\" start=\"2\">\n<li><strong>Rishikimin e VKB-ve p\u00ebr prishje t\u00eb detyruar t\u00eb pallateve, t\u00eb cilat ende nuk jan\u00eb ekzekutuar deri tani.<\/strong><\/li>\n<\/ol>\n\n\n\n<ol type=\"1\" start=\"3\">\n<li><strong>Organizimin e konsultimeve publike efektive, t\u00eb cilat i kan\u00eb munguar t\u00ebr\u00ebsisht k\u00ebtij procesi deri tani;<\/strong><\/li>\n<\/ol>\n\n\n\n<ol type=\"1\" start=\"4\">\n<li><strong>Marrjen e masave p\u00ebr nisur riparimin e pallateve, t\u00eb cilat kan\u00eb nevoj\u00eb p\u00ebr nd\u00ebrhyrje sipas programeve t\u00eb rind\u00ebrtimit, p\u00ebr t\u00eb gjith\u00eb ato pallate <\/strong><strong>q\u00eb Gjykata i ka konstatuar n\u00eb nivelin e d\u00ebmtimit DS2 apo DS3<\/strong>;<\/li>\n<\/ol>\n\n\n\n<ol type=\"1\" start=\"5\">\n<li><strong>Angazhimin e Bashkis\u00eb s\u00eb Tiran\u00ebs p\u00ebr zgjidhjen e situat\u00ebs n\u00eb nj\u00eb num\u00ebr pallatesh t\u00eb cilat ose nuk kan\u00eb vendim p\u00ebr prishjen e tyre, ose jan\u00eb braktisur, ose jan\u00eb planifikuar p\u00ebr u sh\u00ebmbur por nuk jan\u00eb sh\u00ebmbur;<\/strong><\/li>\n<\/ol>\n\n\n\n<ol type=\"1\" start=\"6\">\n<li><strong>Angazhimin e Bashkis\u00eb s\u00eb Tiran\u00ebs p\u00ebr rehabilitimin e territorit ku dikur q\u00ebndronin pallatet tashm\u00eb t\u00eb shembull.<\/strong><\/li>\n<\/ol>\n\n\n\n<p>Pezullimi i ekzekutimit t\u00eb vendimeve t\u00eb mbetura dhe rishikimi i tyre nga ana e Bashkis\u00eb dhe&nbsp; K\u00ebshillit Bashkiak Tiran\u00eb do t\u00eb sillte si pasoj\u00eb nd\u00ebrprerjen e: (1) d\u00ebmit t\u00eb m\u00ebtejsh\u00ebm financiar p\u00ebr buxhetin e shtetit dhe; (2) c\u00ebnimit t\u00eb m\u00ebtejsh\u00ebm t\u00eb interesave t\u00eb ligjshme t\u00eb shtetasve.<\/p>\n\n\n\n<p>Ky angazhim do t\u00eb krijonte mund\u00ebsin\u00eb q\u00eb banor\u00ebve t\u00eb Kombinatit t\u2019u garantohej e drejta e sigurimit dhe ruajtjes s\u00eb banes\u00ebs s\u00eb tyre; cil\u00ebsia urbanistike e jetes\u00ebs s\u00eb tyre dhe do t\u00eb krijonte mund\u00ebsi p\u00ebr biznesin e vog\u00ebl dhe t\u00eb mes\u00ebm familjar q\u00eb t\u00eb prosperoj\u00eb dhe zhvillohet.&nbsp;&nbsp;<\/p>\n\n\n\n<p>Ne banor\u00ebt e Kombinatit:<\/p>\n\n\n\n<ul>\n<li>Shprehemi t\u00eb gatsh\u00ebm t\u00eb bashk\u00ebpunojm\u00eb me dokumentacion q\u00eb hedh drit\u00eb p\u00ebr fakte t\u00eb reja t\u00eb tilla si akt ekspertiza private, t\u00eb cilat do t\u00eb vlenin si baz\u00eb e mir\u00eb p\u00ebr t\u00eb mb\u00ebshtetur vendimarrjen p\u00ebr pezullimin dhe rishikimin e vendimeve t\u00eb K\u00ebshillit Bashkiak t\u00eb pa ekzekutuara;<\/li>\n<\/ul>\n\n\n\n<ul>\n<li>Shprehemi t\u00eb gatsh\u00ebm t\u00eb b\u00ebjm\u00eb pjes\u00eb n\u00eb grupe pune t\u00eb ngritura nga Ju p\u00ebr realizimin e k\u00ebrkesave tona;<\/li>\n<\/ul>\n\n\n\n<p>Me bindjen se krijimi i urave lidh\u00ebse mes Institucioneve dhe komunitetit t\u00eb Kombinatit, por edhe m\u00eb gjer\u00eb, do t\u2019i sh\u00ebrbente nj\u00ebkoh\u00ebsisht interesave t\u00eb t\u00eb dy pal\u00ebve, Ne do t\u00eb siguronim t\u00eb drejtat tona t\u00eb pron\u00ebs dhe jetes\u00ebn paq\u00ebsore aty ku kemi trasheguar banes\u00ebn dhe Ju do t\u00eb siguronit p\u00ebrmbushjen e detyrave ndaj publikut dhe ruajtjen e financave publike nga shp\u00ebrdorimi e keqmenaxhimi.<\/p>\n\n\n\n<p>Ju falenderojm\u00eb p\u00ebr v\u00ebmendjen!<\/p>\n\n\n\n<p>Grupimi p\u00ebr Mbrojtjen e Kombinatit<\/p>\n\n\n\n<p>Qendra Res Publica<\/p>\n\n\n\n<p><em>* Kjo let\u00ebr e hapur u realizua n\u00eb kuad\u00ebr t\u00eb projektit&nbsp;\u201cP\u00ebr nj\u00eb proces rind\u00ebrtimi m\u00eb t\u00eb p\u00ebrgjegjsh\u00ebm\u201d&nbsp;t\u00eb mb\u00ebshtur nga LevizAlbania, nj\u00eb projekt i Agjencis\u00eb Zvicerane p\u00ebr Zhvillim dhe Bashk\u00ebpunim, SDC.<\/em><\/p>\n","protected":false},"excerpt":{"rendered":"<p>NGA: &nbsp;&nbsp;&nbsp;&nbsp;&nbsp;&nbsp;&nbsp;&nbsp;&nbsp;&nbsp;&nbsp;&nbsp;&nbsp;&nbsp;&nbsp;&nbsp; GRUPIMI P\u00cbR MBROJTJEN E KOMBINATIT &nbsp;&nbsp;&nbsp;&nbsp;&nbsp;&nbsp;&nbsp;&nbsp;&nbsp;&nbsp;&nbsp;&nbsp;&nbsp;&nbsp;&nbsp;&nbsp;&nbsp;&nbsp;&nbsp;&nbsp;&nbsp;&nbsp;&nbsp;&nbsp;&nbsp;&nbsp;&nbsp;&nbsp; QENDRA RES PUBLICA DREJTUAR:&nbsp;&nbsp;&nbsp;&nbsp;&nbsp; Z. ERJON VELIAJ, KRYETAR I BASHKIS\u00cb TIRAN\u00cb &nbsp;&nbsp;&nbsp;&nbsp;&nbsp;&nbsp;&nbsp;&nbsp;&nbsp;&nbsp;&nbsp;&nbsp;&nbsp;&nbsp;&nbsp;&nbsp;&nbsp;&nbsp;&nbsp;&nbsp;&nbsp;&nbsp;&nbsp;&nbsp;&nbsp;&nbsp;&nbsp;&nbsp; [&hellip;]<\/p>\n","protected":false},"author":2,"featured_media":2376,"comment_status":"open","ping_status":"open","sticky":false,"template":"","format":"standard","meta":{"site-sidebar-layout":"default","site-content-layout":"","ast-site-content-layout":"","site-content-style":"default","site-sidebar-style":"default","ast-global-header-display":"","ast-banner-title-visibility":"","ast-main-header-display":"","ast-hfb-above-header-display":"","ast-hfb-below-header-display":"","ast-hfb-mobile-header-display":"","site-post-title":"","ast-breadcrumbs-content":"","ast-featured-img":"","footer-sml-layout":"","theme-transparent-header-meta":"","adv-header-id-meta":"","stick-header-meta":"","header-above-stick-meta":"","header-main-stick-meta":"","header-below-stick-meta":"","astra-migrate-meta-layouts":"default","ast-page-background-enabled":"default","ast-page-background-meta":{"desktop":{"background-color":"var(--ast-global-color-4)","background-image":"","background-repeat":"repeat","background-position":"center center","background-size":"auto","background-attachment":"scroll","background-type":"","background-media":"","overlay-type":"","overlay-color":"","overlay-gradient":""},"tablet":{"background-color":"","background-image":"","background-repeat":"repeat","background-position":"center center","background-size":"auto","background-attachment":"scroll","background-type":"","background-media":"","overlay-type":"","overlay-color":"","overlay-gradient":""},"mobile":{"background-color":"","background-image":"","background-repeat":"repeat","background-position":"center center","background-size":"auto","background-attachment":"scroll","background-type":"","background-media":"","overlay-type":"","overlay-color":"","overlay-gradient":""}},"ast-content-background-meta":{"desktop":{"background-color":"var(--ast-global-color-5)","background-image":"","background-repeat":"repeat","background-position":"center center","background-size":"auto","background-attachment":"scroll","background-type":"","background-media":"","overlay-type":"","overlay-color":"","overlay-gradient":""},"tablet":{"background-color":"var(--ast-global-color-5)","background-image":"","background-repeat":"repeat","background-position":"center center","background-size":"auto","background-attachment":"scroll","background-type":"","background-media":"","overlay-type":"","overlay-color":"","overlay-gradient":""},"mobile":{"background-color":"var(--ast-global-color-5)","background-image":"","background-repeat":"repeat","background-position":"center center","background-size":"auto","background-attachment":"scroll","background-type":"","background-media":"","overlay-type":"","overlay-color":"","overlay-gradient":""}},"footnotes":""},"categories":[6,4],"tags":[],"_links":{"self":[{"href":"https:\/\/www.respublica.org.al\/web\/index.php?rest_route=\/wp\/v2\/posts\/2375"}],"collection":[{"href":"https:\/\/www.respublica.org.al\/web\/index.php?rest_route=\/wp\/v2\/posts"}],"about":[{"href":"https:\/\/www.respublica.org.al\/web\/index.php?rest_route=\/wp\/v2\/types\/post"}],"author":[{"embeddable":true,"href":"https:\/\/www.respublica.org.al\/web\/index.php?rest_route=\/wp\/v2\/users\/2"}],"replies":[{"embeddable":true,"href":"https:\/\/www.respublica.org.al\/web\/index.php?rest_route=%2Fwp%2Fv2%2Fcomments&post=2375"}],"version-history":[{"count":2,"href":"https:\/\/www.respublica.org.al\/web\/index.php?rest_route=\/wp\/v2\/posts\/2375\/revisions"}],"predecessor-version":[{"id":2379,"href":"https:\/\/www.respublica.org.al\/web\/index.php?rest_route=\/wp\/v2\/posts\/2375\/revisions\/2379"}],"wp:featuredmedia":[{"embeddable":true,"href":"https:\/\/www.respublica.org.al\/web\/index.php?rest_route=\/wp\/v2\/media\/2376"}],"wp:attachment":[{"href":"https:\/\/www.respublica.org.al\/web\/index.php?rest_route=%2Fwp%2Fv2%2Fmedia&parent=2375"}],"wp:term":[{"taxonomy":"category","embeddable":true,"href":"https:\/\/www.respublica.org.al\/web\/index.php?rest_route=%2Fwp%2Fv2%2Fcategories&post=2375"},{"taxonomy":"post_tag","embeddable":true,"href":"https:\/\/www.respublica.org.al\/web\/index.php?rest_route=%2Fwp%2Fv2%2Ftags&post=2375"}],"curies":[{"name":"wp","href":"https:\/\/api.w.org\/{rel}","templated":true}]}}