{"id":2402,"date":"2023-05-06T16:56:58","date_gmt":"2023-05-06T14:56:58","guid":{"rendered":"https:\/\/www.respublica.org.al\/?p=2402"},"modified":"2023-05-06T17:03:35","modified_gmt":"2023-05-06T15:03:35","slug":"bashkia-tirane-nuk-u-dha-paraplegjikeve-dhe-tetraplegjikeve-ambientin-qe-u-takonte-gjykata-merr-masa-drastike","status":"publish","type":"post","link":"https:\/\/www.respublica.org.al\/web\/?p=2402","title":{"rendered":"Bashkia Tiran\u00eb nuk u dha paraplegjik\u00ebve dhe tetraplegjik\u00ebve ambientin q\u00eb u takonte. Gjykata merr masa drastike."},"content":{"rendered":"\n<p>Tashm\u00eb \u00ebsht\u00eb zbardhur nj\u00eb vendim i paprecedent i Gjykat\u00ebs Administrative t\u00eb Tiran\u00ebs ku Shoqata Humanitare e Invalid\u00ebve Paraplegjik\u00eb dhe Tetraplegjik\u00eb t\u00eb Shqip\u00ebris\u00eb fitoi gjyqin ndaj Bashkis\u00eb s\u00eb Tiran\u00ebs.<\/p>\n\n\n\n<p>Pasi ambientet e m\u00ebparshme t\u00eb shoqat\u00ebs u shemb\u00ebn dhe pas k\u00ebrkesave e negocimeve t\u00eb vazhdueshme me qeverin\u00eb, Ministria e Mbrojtjes ofroi n\u00eb dispozicion t\u00eb k\u00ebsaj shoqate nj\u00eb nga ish-repartet ushtarake n\u00eb Surrel. Sipas detyrimeve ligjore, q\u00eb organizatave t\u00eb personave me aft\u00ebsi t\u00eb kufizuar u jepen ambiente falas nga shteti p\u00ebr t\u00eb ofruar sh\u00ebrbime p\u00ebr komunitetin e k\u00ebtyre personave, me nj\u00eb VKM prona i kaloi Bashkis\u00eb s\u00eb Tiran\u00ebs n\u00eb 2020 dhe n\u00eb fund t\u00eb t\u00eb nj\u00ebjtit vit K\u00ebshilli Bashkiak i Tiran\u00ebs vendosi q\u00eb ambienti t\u2019i kalohej pa kund\u00ebrshp\u00ebrblim shoqat\u00ebs, n\u00eb form\u00eb huap\u00ebrdorje p\u00ebr 10 vjet.&nbsp;<\/p>\n\n\n\n<p>Bashkia Tiran\u00eb, e ndodhur p\u00ebrpara k\u00ebsaj situate detyruese, lidhi nj\u00eb kontrat\u00eb huap\u00ebrdorjeje me shoqat\u00ebn, por duke dh\u00ebn\u00eb vet\u00ebm truallin dhe jo godinat si\u00e7 parashikonte VKM dhe vendimi i K\u00ebshillit Bashkiak.<\/p>\n\n\n\n<p>Pse jo godinat? Sepse k\u00ebto godina jan\u00eb n\u00eb nj\u00eb gjendje t\u00eb mjerueshme, totalisht t\u00eb rr\u00ebnuara dhe e aksesueshme vet\u00ebm me ca shkall\u00eb betoni, si p\u00ebr t\u00eb sfiduar pik\u00ebrisht ata q\u00eb l\u00ebvizin me karrige me rrota. Pa dyer e dritare, t\u00eb mbushura me jasht\u00ebqitje kafsh\u00ebsh, k\u00ebto godina jan\u00eb shum\u00eb larg ambienteve t\u00eb denja p\u00ebr k\u00ebdo dhe t\u00ebr\u00ebsisht jasht\u00eb funksioni. Jo vet\u00ebm kaq, por p\u00ebr t\u00eb arritur deri atje duhet t\u00eb kalosh n\u00eb nj\u00eb terren malor pa rrug\u00eb, ku nuk futen dot mjetet.<\/p>\n\n\n\n<p>Gjat\u00eb k\u00ebsaj kohe, Kryetari i shoqat\u00ebs s\u00eb paraplegjik\u00ebve dhe tetraplegjik\u00ebve, Z. Ndrek Ismaili, ka b\u00ebr\u00eb p\u00ebrpjekje t\u00eb vazhdueshme p\u00ebr t\u00eb negociuar me zyra t\u00eb ndryshme t\u00eb bashkis\u00eb p\u00ebr nj\u00eb zgjidhje t\u00eb mundshme, por k\u00ebrkesat e tij kan\u00eb r\u00ebn\u00eb n\u00eb vesh t\u00eb shurdh\u00ebr. N\u00eb k\u00ebt\u00eb <a href=\"https:\/\/www.youtube.com\/watch?v=rYYFdlYPmik\">link <\/a>mund t\u00eb ndiqni nj\u00eb kronik\u00eb t\u00eb para nj\u00eb viti mbi k\u00ebt\u00eb \u00e7\u00ebshtje.<\/p>\n\n\n\n<p>N\u00eb vitin 2022, shoqata vendosi t\u00eb gjej\u00eb drejt\u00ebsin\u00eb n\u00eb dyert e Gjykat\u00ebs Administrative t\u00eb Shkall\u00ebs s\u00eb Par\u00eb Tiran\u00eb, e cila, pavar\u00ebsisht k\u00ebrkes\u00ebs s\u00eb Bashkis\u00eb Tiran\u00eb p\u00ebr t\u00eb rr\u00ebzuar k\u00ebt\u00eb padi, n\u00eb shkurt 2023 mori nj\u00eb vendim drastik p\u00ebr t\u00eb detyruar Bashkin\u00eb Tiran\u00eb q\u00eb t\u00eb nd\u00ebrtoj\u00eb rrethimit e pron\u00ebs, t\u00eb lidh\u00eb rrjetet inxhinierike (furnizimin me energji elektrike dhe uj\u00eb t\u00eb pijsh\u00ebm, kanalizimet e shkarkimit t\u00eb uj\u00ebrave, etj.), krijimin e t\u00eb gjith\u00eb kushteve t\u00eb p\u00ebrshtatshme p\u00ebr aksesueshm\u00ebrin\u00eb p\u00ebr komunitetin e personave q\u00eb p\u00ebrdorin karrige me rrota, si dhe t\u00eb nd\u00ebrtoj\u00eb rrug\u00ebn q\u00eb akseson k\u00ebt\u00eb ambient nga rruga kryesore automobilistike. Dhe sigurisht, ta jap\u00eb k\u00ebt\u00eb pron\u00eb me huap\u00ebrdorje, ashtu si\u00e7 duhet, me gjith\u00eb godina dhe k\u00ebto t\u00eb fundit t\u00eb jen\u00eb funksionale.<\/p>\n\n\n\n<p>Ky vendim i sh\u00ebrben afro 1600 personave q\u00eb jan\u00eb pjes\u00eb e komunitetit t\u00eb paraplegjik\u00ebve dhe tetraplegjik\u00ebve n\u00eb Tiran\u00eb, p\u00ebr t\u00eb p\u00ebrfituar sh\u00ebrbime t\u00eb rehabilitimit, etj.<\/p>\n\n\n\n<p>N\u00eb m\u00ebnyr\u00eb spektakolare, vendimi i gjykat\u00ebs u dha me ekzekutim t\u00eb p\u00ebrkohsh\u00ebm, q\u00eb do t\u00eb thot\u00eb q\u00eb \u00ebsht\u00eb i zbatuesh\u00ebm direkt, pavar\u00ebsisht se Bashkia do t\u00eb ankohej ose jo n\u00eb gjykat\u00ebn e apelit. Kjo \u00ebsht\u00eb nj\u00eb vendimarrje q\u00eb ndodh shum\u00eb rrall\u00eb, vet\u00ebm n\u00eb rrethana ekstreme dhe e mir\u00ebargumentuar me urgjenc\u00ebn p\u00ebr t\u00eb adresuar problemin.<\/p>\n\n\n\n<p>Shoqata Humanitare e Invalid\u00ebve Paraplegjik\u00eb dhe Tetraplegjik\u00eb t\u00eb Shqip\u00ebris\u00eb u p\u00ebrfaq\u00ebsua n\u00eb k\u00ebt\u00eb gjyq nga avokat\u00eb t\u00eb qendr\u00ebs Res Publica, t\u00eb specializuar n\u00eb litigime strategjike, e cila kreu pun\u00ebn me mb\u00ebshtetjen e nj\u00eb programi t\u00eb mb\u00ebshtetur nga UNDP p\u00ebr aksesin n\u00eb drejt\u00ebsi t\u00eb burrave e grave n\u00eb nevoj\u00eb. Res Publica tashm\u00eb \u00ebsht\u00eb duke ndjekur ekzekutimin e k\u00ebtij vendimi gjyq\u00ebsor t\u00eb paprecedent, duke i b\u00ebr\u00eb thirrje Bashkis\u00eb Tiran\u00eb q\u00eb ta zbatoj\u00eb at\u00eb pa vonesa, p\u00ebr hir t\u00eb nj\u00eb komuniteti shum\u00eb vulnerab\u00ebl me mbi 1600 individ\u00eb, qytetar\u00eb t\u00eb Tiran\u00ebs, t\u00eb cil\u00ebt Bashkia deri tani i ka shp\u00ebrfillur. Bashkia \u00ebsht\u00eb mir\u00eb t\u00eb kuptoj\u00eb q\u00eb tashm\u00eb koha e negociatave mbaroi dhe \u00ebsht\u00eb gjykata q\u00eb ka folur duke urdh\u00ebruar marrjen e masave drastike.<\/p>\n\n\n\n<p>Res Publica<\/p>\n\n\n\n<p>M\u00eb posht\u00eb mund t\u00eb lexoni t\u00eb plot\u00eb vendimin e gjykat\u00ebs.<\/p>\n\n\n\n<div style=\"height:46px\" aria-hidden=\"true\" class=\"wp-block-spacer\"><\/div>\n\n\n\n<div data-wp-interactive=\"core\/file\" class=\"wp-block-file\"><object data-wp-bind--hidden=\"!state.hasPdfPreview\"  class=\"wp-block-file__embed\" data=\"https:\/\/www.respublica.org.al\/wp-content\/uploads\/2023\/05\/Vendim_SHIPT.pdf\" type=\"application\/pdf\" style=\"width:100%;height:600px\" aria-label=\"Embed of Vendim_SHIPT.\"><\/object><a id=\"wp-block-file--media-2ff8a699-6dcf-4e1e-a9cf-58b6c01df82f\" href=\"https:\/\/www.respublica.org.al\/wp-content\/uploads\/2023\/05\/Vendim_SHIPT.pdf\">Vendim_SHIPT<\/a><a href=\"https:\/\/www.respublica.org.al\/wp-content\/uploads\/2023\/05\/Vendim_SHIPT.pdf\" class=\"wp-block-file__button wp-element-button\" download aria-describedby=\"wp-block-file--media-2ff8a699-6dcf-4e1e-a9cf-58b6c01df82f\">Download<\/a><\/div>\n\n\n\n<p><\/p>\n","protected":false},"excerpt":{"rendered":"<p>Tashm\u00eb \u00ebsht\u00eb zbardhur nj\u00eb vendim i paprecedent i Gjykat\u00ebs Administrative t\u00eb Tiran\u00ebs ku Shoqata Humanitare e Invalid\u00ebve Paraplegjik\u00eb dhe Tetraplegjik\u00eb [&hellip;]<\/p>\n","protected":false},"author":2,"featured_media":2403,"comment_status":"open","ping_status":"open","sticky":false,"template":"","format":"standard","meta":{"site-sidebar-layout":"default","site-content-layout":"","ast-site-content-layout":"","site-content-style":"default","site-sidebar-style":"default","ast-global-header-display":"","ast-banner-title-visibility":"","ast-main-header-display":"","ast-hfb-above-header-display":"","ast-hfb-below-header-display":"","ast-hfb-mobile-header-display":"","site-post-title":"","ast-breadcrumbs-content":"","ast-featured-img":"","footer-sml-layout":"","theme-transparent-header-meta":"","adv-header-id-meta":"","stick-header-meta":"","header-above-stick-meta":"","header-main-stick-meta":"","header-below-stick-meta":"","astra-migrate-meta-layouts":"default","ast-page-background-enabled":"default","ast-page-background-meta":{"desktop":{"background-color":"var(--ast-global-color-4)","background-image":"","background-repeat":"repeat","background-position":"center center","background-size":"auto","background-attachment":"scroll","background-type":"","background-media":"","overlay-type":"","overlay-color":"","overlay-gradient":""},"tablet":{"background-color":"","background-image":"","background-repeat":"repeat","background-position":"center center","background-size":"auto","background-attachment":"scroll","background-type":"","background-media":"","overlay-type":"","overlay-color":"","overlay-gradient":""},"mobile":{"background-color":"","background-image":"","background-repeat":"repeat","background-position":"center center","background-size":"auto","background-attachment":"scroll","background-type":"","background-media":"","overlay-type":"","overlay-color":"","overlay-gradient":""}},"ast-content-background-meta":{"desktop":{"background-color":"var(--ast-global-color-5)","background-image":"","background-repeat":"repeat","background-position":"center center","background-size":"auto","background-attachment":"scroll","background-type":"","background-media":"","overlay-type":"","overlay-color":"","overlay-gradient":""},"tablet":{"background-color":"var(--ast-global-color-5)","background-image":"","background-repeat":"repeat","background-position":"center center","background-size":"auto","background-attachment":"scroll","background-type":"","background-media":"","overlay-type":"","overlay-color":"","overlay-gradient":""},"mobile":{"background-color":"var(--ast-global-color-5)","background-image":"","background-repeat":"repeat","background-position":"center center","background-size":"auto","background-attachment":"scroll","background-type":"","background-media":"","overlay-type":"","overlay-color":"","overlay-gradient":""}},"footnotes":""},"categories":[6,3],"tags":[84,85,81,80],"_links":{"self":[{"href":"https:\/\/www.respublica.org.al\/web\/index.php?rest_route=\/wp\/v2\/posts\/2402"}],"collection":[{"href":"https:\/\/www.respublica.org.al\/web\/index.php?rest_route=\/wp\/v2\/posts"}],"about":[{"href":"https:\/\/www.respublica.org.al\/web\/index.php?rest_route=\/wp\/v2\/types\/post"}],"author":[{"embeddable":true,"href":"https:\/\/www.respublica.org.al\/web\/index.php?rest_route=\/wp\/v2\/users\/2"}],"replies":[{"embeddable":true,"href":"https:\/\/www.respublica.org.al\/web\/index.php?rest_route=%2Fwp%2Fv2%2Fcomments&post=2402"}],"version-history":[{"count":2,"href":"https:\/\/www.respublica.org.al\/web\/index.php?rest_route=\/wp\/v2\/posts\/2402\/revisions"}],"predecessor-version":[{"id":2408,"href":"https:\/\/www.respublica.org.al\/web\/index.php?rest_route=\/wp\/v2\/posts\/2402\/revisions\/2408"}],"wp:featuredmedia":[{"embeddable":true,"href":"https:\/\/www.respublica.org.al\/web\/index.php?rest_route=\/wp\/v2\/media\/2403"}],"wp:attachment":[{"href":"https:\/\/www.respublica.org.al\/web\/index.php?rest_route=%2Fwp%2Fv2%2Fmedia&parent=2402"}],"wp:term":[{"taxonomy":"category","embeddable":true,"href":"https:\/\/www.respublica.org.al\/web\/index.php?rest_route=%2Fwp%2Fv2%2Fcategories&post=2402"},{"taxonomy":"post_tag","embeddable":true,"href":"https:\/\/www.respublica.org.al\/web\/index.php?rest_route=%2Fwp%2Fv2%2Ftags&post=2402"}],"curies":[{"name":"wp","href":"https:\/\/api.w.org\/{rel}","templated":true}]}}