{"id":2423,"date":"2023-05-19T16:39:59","date_gmt":"2023-05-19T14:39:59","guid":{"rendered":"https:\/\/www.respublica.org.al\/?p=2423"},"modified":"2023-05-19T16:58:54","modified_gmt":"2023-05-19T14:58:54","slug":"agjentja-ruse-nga-britania-e-madhe-gjykata-e-cerfitikon-si-fushate-shpifese","status":"publish","type":"post","link":"https:\/\/www.respublica.org.al\/web\/?p=2423","title":{"rendered":"\u201cAgjentja ruse\u201d nga Britania e Madhe: Gjykata e cerfitikon si fushat\u00eb shpif\u00ebse"},"content":{"rendered":"\n<p>Shum\u00eb prej lexuesve mund t\u00eb ken\u00eb hasur blogun \u201cthebalkanista.com\u201d apo artikujt e saj, nd\u00ebrkoh\u00eb q\u00eb ajo drejton nj\u00eb emision n\u00eb televizionin \u201cEuronews Albania\u201d. B\u00ebhet fjal\u00eb p\u00ebr Alice Taylor, gazetare e blogere britanike e cila prej vitesh jeton n\u00eb Shqip\u00ebri dhe nuk ka hezituar t\u00eb promovoj\u00eb vlerat e traditat shqiptare.<\/p>\n\n\n\n<p>E megjithat\u00eb, as ajo nuk i shp\u00ebtoi <em>fake news<\/em> t\u00eb gazetave e portaleve shqiptare, t\u00eb cil\u00ebt me raste kan\u00eb aft\u00ebsi t\u00eb kthehen n\u00eb nj\u00eb makineri shpifjesh t\u00eb denja p\u00ebr filma spiunazhi. N\u00eb shkurt t\u00eb 2019-t\u00ebs, paralelisht n\u00eb disa portale u botua nj\u00eb shkrim me titull: \u201cZbulohen lidhjet\/Gazetarja q\u00eb nxin Shqip\u00ebrin\u00eb n\u00eb televizionin rus \u00ebsht\u00eb gruaja e shoq\u00ebruesit t\u00eb Bash\u00ebs\u2026\u201d.<\/p>\n\n\n\n<p>Shkrimi ishte krejt\u00ebsisht i pav\u00ebrtet\u00eb e me nj\u00eb fjalor denigrues, duke e shpallur gazetaren si t\u00eb lidhur me qarqe okulte ruse dhe si bashk\u00ebpun\u00ebtore t\u00eb ngusht\u00eb me Partin\u00eb Demokratike n\u00eb p\u00ebrpjekjet e k\u00ebsaj t\u00eb fundit \u201cp\u00ebr t\u2019i nxir\u00eb faqen vendit nd\u00ebrkomb\u00ebtarisht\u201d. Autori kishte arritur t\u2019i lidhte fijet e k\u00ebtyre \u201cmarr\u00ebdh\u00ebnieve t\u00eb thella\u201d duke u nisur nga fakti se \u201cAlice Taylor rezulton t\u00eb jet\u00eb fejuar me nj\u00eb nga njer\u00ebzit e af\u00ebrt t\u00eb Lulzim Bash\u00ebs, E.H. Si\u00e7 duket nga fotot, ai shfaqet her\u00eb pas here krah Lulzim Bash\u00ebs\u2026\u201d. Jo vet\u00ebm kaq, por \u201cTaylor rezulton t\u00eb jet\u00eb korrespondente nga Tirana p\u00ebr portalin rus \u201ctzarism.com\u201d\u2026 Portali \u201ctzarism\u201d \u00ebsht\u00eb i mbushur me shkrime kund\u00ebr identitetit t\u00eb Shqiptar\u00ebve\u2026\u201d, dhe sigurisht pas an\u00ebtar\u00ebve t\u00eb bordit t\u00eb portalit q\u00ebndron Lulzim Basha me lobimin e tij anti-shqiptar t\u00eb p\u00ebrkrahur nga Alice Taylor.<\/p>\n\n\n\n<p>M\u00eb e keqja \u00ebsht\u00eb se ky nuk ishte nj\u00eb shkrim i ve\u00e7uar. P\u00ebrve\u00e7 Alpenews, t\u00eb dretuar nga Alfred Peza, ishin edhe Gazeta \u201cTema\u201d me autor Mero Bazen dhe \u201cShqiptarja.al\u201d, portali \u201cLexo.al\u201d dhe \u201cDosja.al\u201d, t\u00eb cil\u00ebt publikuan me sinkronin e nj\u00eb histerie kolektive q\u00eb dukej si nj\u00eb fushat\u00eb p\u00ebr t\u00eb nxir\u00eb reputacionin dhe nxitur urrejtjen ndaj gazetares. N\u00ebse q\u00ebllimi kryesor ishte demaskimi i lidhjeve ruse t\u00eb Partis\u00eb Demokratike, kjo fushat\u00eb degjeneroi me nj\u00eb shtremb\u00ebrim faktesh q\u00eb cenonte imazhin dhe privat\u00ebsin\u00eb e Alice Taylor, jeta e s\u00eb cil\u00ebs u p\u00ebrdor si l\u00ebnd\u00eb e par\u00eb p\u00ebr t\u00eb fabrikuar lajmin.&nbsp;<\/p>\n\n\n\n<p>N\u00eb mars t\u00eb 2019-t\u00ebs, Bordi i Etik\u00ebs s\u00eb K\u00ebshillit Shqiptar t\u00eb Medias (organ vet\u00ebrregullues i gazetar\u00ebve), arriti n\u00eb konkluzionin se artikulli ka shkelur disa nene t\u00eb Kodit t\u00eb Etik\u00ebs, si: \u201cSakt\u00ebsia dhe ndershm\u00ebria e informacionit\u201d, \u201cDallimi i faktit nga opinioni\u201d, \u201cNd\u00ebrhyrja n\u00eb jet\u00ebn private\u201d, si dhe \u201cNxitja e Krimit dhe Dhun\u00ebs\u201d. Rekomandimi ishte q\u00eb portalet q\u00eb kan\u00eb publikuar k\u00ebto lajme t\u00eb heqin lajmi nga qarkullimi. Alice i ishte drejtuar administruesve t\u00eb portaleve p\u00ebr t\u00eb hequr lajmin e pav\u00ebrtet\u00eb, por Gazeta \u201cTema\u201d, \u201cLexo.al\u201d, Shqiptarja.al dhe \u201cAlpenews\u201d nuk reaguan me heqjen e shkrimit apo p\u00ebrg\u00ebnjeshtrimin e tij.<\/p>\n\n\n\n<p>M\u00eb tej, Alice iu drejtua gjykat\u00ebs me tre padi kund\u00ebr gazet\u00ebs \u201cTema\u201d, \u201cLexo.al\u201d dhe padia e fundit kund\u00ebr \u201cAlpenews\u201d, ku ajo u mbrojt nga avokat\u00ebt e qendr\u00ebs \u201cRes Publica\u201d, me mb\u00ebshtetjen e vazhdueshme dhe t\u00eb pakursyer t\u00eb National Endowment for Democracy, e cila promovon lirin\u00eb e shprehjes dhe gazetarin\u00eb etike. N\u00eb rastin konkret, portalet kaluan kufirin e liris\u00eb s\u00eb shprehjes dhe shkel\u00ebn etik\u00ebn, nd\u00ebrkoh\u00eb q\u00eb viktim\u00eb e k\u00ebtij sulmi u b\u00eb pik\u00ebrisht nj\u00eb gazetare, e cila duhet t\u00eb g\u00ebzoj\u00eb mbrojtje t\u00eb ve\u00e7ant\u00eb n\u00eb nj\u00eb shoq\u00ebri demokratike. \u00c7\u00ebshtjet u fituan nj\u00ebra pas tjetr\u00ebs dhe e fundit q\u00eb gjykata pranoi ishte ajo ndaj Alpenews, t\u00eb drejtuar nga Alfred Peza. Duke u pranuar edhe padia e tret\u00eb, k\u00ebsisoj gjykata e certifikoi q\u00eb e gjith\u00eb kjo veprimtari ishte nj\u00eb fushat\u00eb shpif\u00ebse kund\u00ebr Alice Taylor dhe familjar\u00ebve t\u00eb saj, duke marr\u00eb parasysh edhe shkrimet e tjera n\u00eb k\u00ebt\u00eb kontekst.\u00a0<\/p>\n\n\n\n<p>Sipas Gjykat\u00ebs s\u00eb Rrethit Gjyq\u00ebsor Tiran\u00eb, me publikimin e fakteve t\u00eb shtremb\u00ebruara, shoq\u00ebruar me shprehje denigruese, me nxitjen e urrejtjes dhe me ofrimin e tyre publikut t\u00eb gjer\u00eb, jan\u00eb shkelur t\u00eb drejtat dhe lirit\u00eb themelore t\u00eb njeriut, t\u00eb cilat jan\u00eb t\u00eb mbrojtura nga Konventa e Evropiane p\u00ebr t\u00eb Drejtat e Njeriut. Gjat\u00eb gjykimit u soll\u00ebn prova se gazetarja nuk ka asnj\u00eb lidhje me televizione apo portale ruse, me sh\u00ebrbime apo qarqe sekrete me Rusin\u00eb, dhe se njer\u00ebz t\u00eb af\u00ebrt t\u00eb saj nuk jan\u00eb pran\u00eb Lulzim Bash\u00ebs dhe Partis\u00eb Demokratike. P\u00ebrkundrazi, artikujt e saj, jo vet\u00ebm q\u00eb nuk nxijn\u00eb imazhin e Shqip\u00ebris\u00eb n\u00eb bot\u00eb, por \u201cpromovojn\u00eb dhe p\u00ebrmir\u00ebsojn\u00eb imazhin e Shqip\u00ebris\u00eb\u201d.<\/p>\n\n\n\n<p>Gjykata mori parasysh d\u00ebmin psikologjik t\u00eb shkaktuar nga shp\u00ebrndarja masive q\u00eb kan\u00eb lajme t\u00eb tilla portalesh t\u00eb fryra nga rrjetet sociale. Mos harrojm\u00eb q\u00eb publikime q\u00eb marrin t\u00eb till\u00eb p\u00ebrhapje \u00ebsht\u00eb v\u00ebshtir\u00eb t\u00eb kontrollohen dhe t\u00eb zhduken krejt\u00ebsisht nga interneti. Vendimet e gjykat\u00ebs p\u00ebrfshijn\u00eb edhe detyrimin e t\u00eb paditurve t\u00eb fshijn\u00eb artikullin n\u00eb fjal\u00eb, nd\u00ebrsa n\u00eb disa raste portalet e fshin\u00eb lajmin gjat\u00eb gjyqit. \u00a0<\/p>\n\n\n\n<p>Res Publica<\/p>\n","protected":false},"excerpt":{"rendered":"<p>Shum\u00eb prej lexuesve mund t\u00eb ken\u00eb hasur blogun \u201cthebalkanista.com\u201d apo artikujt e saj, nd\u00ebrkoh\u00eb q\u00eb ajo drejton nj\u00eb emision n\u00eb [&hellip;]<\/p>\n","protected":false},"author":2,"featured_media":2424,"comment_status":"open","ping_status":"open","sticky":false,"template":"","format":"standard","meta":{"site-sidebar-layout":"default","site-content-layout":"","ast-site-content-layout":"","site-content-style":"default","site-sidebar-style":"default","ast-global-header-display":"","ast-banner-title-visibility":"","ast-main-header-display":"","ast-hfb-above-header-display":"","ast-hfb-below-header-display":"","ast-hfb-mobile-header-display":"","site-post-title":"","ast-breadcrumbs-content":"","ast-featured-img":"","footer-sml-layout":"","theme-transparent-header-meta":"","adv-header-id-meta":"","stick-header-meta":"","header-above-stick-meta":"","header-main-stick-meta":"","header-below-stick-meta":"","astra-migrate-meta-layouts":"default","ast-page-background-enabled":"default","ast-page-background-meta":{"desktop":{"background-color":"var(--ast-global-color-4)","background-image":"","background-repeat":"repeat","background-position":"center center","background-size":"auto","background-attachment":"scroll","background-type":"","background-media":"","overlay-type":"","overlay-color":"","overlay-gradient":""},"tablet":{"background-color":"","background-image":"","background-repeat":"repeat","background-position":"center center","background-size":"auto","background-attachment":"scroll","background-type":"","background-media":"","overlay-type":"","overlay-color":"","overlay-gradient":""},"mobile":{"background-color":"","background-image":"","background-repeat":"repeat","background-position":"center center","background-size":"auto","background-attachment":"scroll","background-type":"","background-media":"","overlay-type":"","overlay-color":"","overlay-gradient":""}},"ast-content-background-meta":{"desktop":{"background-color":"var(--ast-global-color-5)","background-image":"","background-repeat":"repeat","background-position":"center center","background-size":"auto","background-attachment":"scroll","background-type":"","background-media":"","overlay-type":"","overlay-color":"","overlay-gradient":""},"tablet":{"background-color":"var(--ast-global-color-5)","background-image":"","background-repeat":"repeat","background-position":"center center","background-size":"auto","background-attachment":"scroll","background-type":"","background-media":"","overlay-type":"","overlay-color":"","overlay-gradient":""},"mobile":{"background-color":"var(--ast-global-color-5)","background-image":"","background-repeat":"repeat","background-position":"center center","background-size":"auto","background-attachment":"scroll","background-type":"","background-media":"","overlay-type":"","overlay-color":"","overlay-gradient":""}},"footnotes":""},"categories":[6,3],"tags":[],"_links":{"self":[{"href":"https:\/\/www.respublica.org.al\/web\/index.php?rest_route=\/wp\/v2\/posts\/2423"}],"collection":[{"href":"https:\/\/www.respublica.org.al\/web\/index.php?rest_route=\/wp\/v2\/posts"}],"about":[{"href":"https:\/\/www.respublica.org.al\/web\/index.php?rest_route=\/wp\/v2\/types\/post"}],"author":[{"embeddable":true,"href":"https:\/\/www.respublica.org.al\/web\/index.php?rest_route=\/wp\/v2\/users\/2"}],"replies":[{"embeddable":true,"href":"https:\/\/www.respublica.org.al\/web\/index.php?rest_route=%2Fwp%2Fv2%2Fcomments&post=2423"}],"version-history":[{"count":2,"href":"https:\/\/www.respublica.org.al\/web\/index.php?rest_route=\/wp\/v2\/posts\/2423\/revisions"}],"predecessor-version":[{"id":2427,"href":"https:\/\/www.respublica.org.al\/web\/index.php?rest_route=\/wp\/v2\/posts\/2423\/revisions\/2427"}],"wp:featuredmedia":[{"embeddable":true,"href":"https:\/\/www.respublica.org.al\/web\/index.php?rest_route=\/wp\/v2\/media\/2424"}],"wp:attachment":[{"href":"https:\/\/www.respublica.org.al\/web\/index.php?rest_route=%2Fwp%2Fv2%2Fmedia&parent=2423"}],"wp:term":[{"taxonomy":"category","embeddable":true,"href":"https:\/\/www.respublica.org.al\/web\/index.php?rest_route=%2Fwp%2Fv2%2Fcategories&post=2423"},{"taxonomy":"post_tag","embeddable":true,"href":"https:\/\/www.respublica.org.al\/web\/index.php?rest_route=%2Fwp%2Fv2%2Ftags&post=2423"}],"curies":[{"name":"wp","href":"https:\/\/api.w.org\/{rel}","templated":true}]}}