{"id":2436,"date":"2023-05-23T16:39:19","date_gmt":"2023-05-23T14:39:19","guid":{"rendered":"https:\/\/www.respublica.org.al\/?p=2436"},"modified":"2023-05-23T17:09:46","modified_gmt":"2023-05-23T15:09:46","slug":"mie-sajon-truqe-per-te-mos-dhene-informacion-per-aeroportin-e-vlores-padit-dy-here-per-te-njejten-ceshtje-gazetarin-artan-rama-pasi-ky-fitoi-gjyqin-kunder-ministrise","status":"publish","type":"post","link":"https:\/\/www.respublica.org.al\/web\/?p=2436","title":{"rendered":"MIE sajon truqe p\u00ebr t\u00eb mos dh\u00ebn\u00eb informacion p\u00ebr Aeroportin e Vlor\u00ebs. Padit dy her\u00eb p\u00ebr t\u00eb nj\u00ebjt\u00ebn \u00e7\u00ebshtje gazetarin Artan Rama, pasi ky fitoi gjyqin kund\u00ebr ministris\u00eb."},"content":{"rendered":"\n<p><em>\u201cNj\u00eb qeveri publike pa informim publik, ose q\u00eb nuk ka nocionin e dh\u00ebnies s\u00eb tij, \u00ebsht\u00eb prologu i nj\u00eb farse apo tragjedie, pse ndoshta t\u00eb dyja bashk\u00eb. Dija duhet t\u00eb qeveris\u00eb gjithmon\u00eb mbi injoranc\u00ebn, dhe nj\u00eb popull q\u00eb synon t\u00eb jet\u00eb zot i vetes duhet t\u00eb armatoset me fuqin\u00eb q\u00eb t\u00eb japin njohurit\u00eb\u201d.<\/em>  &#8211; James Madison<\/p>\n\n\n\n<p>Gazetari Artan Rama n\u00eb janar t\u00eb k\u00ebtij viti fitoi gjyqin ndaj Ministris\u00eb s\u00eb Infrastruktur\u00ebs dhe Energjis\u00eb (MIE) dhe Komisionerit p\u00ebr t\u00eb Drejt\u00ebn e Informimit dhe Mbrojtjen e t\u00eb Dh\u00ebnave Personale (IDP), t\u00eb cilat me insistim kan\u00eb refuzuar dh\u00ebnien e informacionit me interes publik t\u00eb lidhur me projektin e Aeroportit t\u00eb Vlor\u00ebs.<\/p>\n\n\n\n<p>Artan Rama ka punuar n\u00eb televizione t\u00eb ndryshme private, duke prodhuar nj\u00eb s\u00ebr\u00eb emisione lajmesh dhe dokumentar\u00ebsh investigativ\u00eb. Q\u00eb nga viti 2016, punon si regjisor\/producent dokumentar\u00ebsh dhe gazetar investigativ i pavarur dhe ka n\u00eb fokus \u00e7\u00ebshtjet e zhvillimit t\u00eb q\u00ebndruesh\u00ebm: ndikimin mjedisor, energjin\u00eb e gjelb\u00ebr dhe hetimin e d\u00ebmeve shkaktuar natyr\u00ebs nga ana e korporatave vendase e t\u00eb huaja.<\/p>\n\n\n\n<p>N\u00eb p\u00ebrpjekjen p\u00ebr informimin e publikut p\u00ebr nj\u00eb \u00e7\u00ebshtje tep\u00ebr t\u00eb ndjeshme p\u00ebr opinionin, n\u00eb 2022 gazetari k\u00ebrkon nga MIE informacion lidhur me projektin e nd\u00ebrtimit t\u00eb Aeroportit t\u00eb Vlor\u00ebs. Informacioni i k\u00ebrkuar lidhet me nj\u00eb pjes\u00eb t\u00eb dokumentacionit teknik e mjedisor (master plan, plane zhvillimore t\u00eb zon\u00ebs, etj.), q\u00eb jan\u00eb pjes\u00eb p\u00ebrb\u00ebr\u00ebse e kontrat\u00ebs mes MIE dhe shoq\u00ebris\u00eb koncensionare p\u00ebr nd\u00ebrtimin e aeroportit. Dh\u00ebnia e informacionit me interes publik \u00ebsht\u00eb nj\u00eb detyrim ligjor p\u00ebr Autoritetet Publike.<\/p>\n\n\n\n<p>K\u00ebrkesa u refuzua nga MIE, me pretendimin se publikimi i informacionit c\u00ebnonte sekretin hetimor mbi procedimin penal q\u00eb po hetonte procedur\u00ebn e prokurimit t\u00eb nd\u00ebrtimit, operimit dhe zhvillimit t\u00eb Aeroportit t\u00eb Vlor\u00ebs. &nbsp;<\/p>\n\n\n\n<p>Megjith\u00ebse ekziston nj\u00eb kategori informacioni, publikimi i s\u00eb cil\u00ebs kufizohet me ligj p\u00ebr arsye se interesi publik p\u00ebr kufizimin e tejkalon interesin p\u00ebr publikimin e tij, Autoriteti Publik ka t\u00eb pakt\u00ebn detyrimin q\u00eb t\u00eb tregoj\u00eb se n\u00eb \u00e7\u2019m\u00ebnyr\u00eb publikimi e d\u00ebmton k\u00ebt\u00eb interes. Asgj\u00eb nga k\u00ebto nuk u konsiderua nga MIE, me nj\u00eb pap\u00ebrgjegjshm\u00ebri q\u00eb vendos shum\u00eb pik\u00ebpyetje p\u00ebr transparenc\u00ebn e procesit.<\/p>\n\n\n\n<p>Refuzimi e detyroi gazetarin t\u00eb paraqes\u00eb nj\u00eb ankes\u00eb pran\u00eb Komisionerit p\u00ebr t\u00eb Drejt\u00ebn e Informimit dhe Mbrojtjen e t\u00eb Dh\u00ebnave Personale (IDP), i cili rekomandoi dh\u00ebnien e dokumentacionit pas p\u00ebrfundimit t\u00eb hetimeve nga SPAK. Kjo sigurisht \u00ebsht\u00eb nj\u00eb p\u00ebrgjigje sa p\u00ebr sy e faqe p\u00ebr t\u00eb zvarritur dh\u00ebnien e nj\u00eb informacioni q\u00eb vler\u00ebn e ka tek aktualiteti.<\/p>\n\n\n\n<p>K\u00ebtu Rama i drejtohet gjykat\u00ebs, duke paditur t\u00eb dyja institucionet p\u00ebr moszbatim t\u00eb detyrimeve t\u00eb tyre ligjore \u201cp\u00ebr t\u00eb drejt\u00ebn e informimit\u201d, nj\u00eb e drejt\u00eb themelore e njeriut e parashikuar nga Kushtetuta shqiptare, Konventa Evropiane e t\u00eb Drejtave e Njeriut dhe Konventa e Aarhusit. \u00c7\u00ebshtja u p\u00ebrfaq\u00ebsua nga avokat\u00eb t\u00eb Qendr\u00ebs \u201cRes Publica\u201d, me mb\u00ebshtetjen e National Endowment for Democracy.<\/p>\n\n\n\n<p>Gjat\u00eb gjykimit u provua pavlefshm\u00ebria e pretendimit t\u00eb MIE se dh\u00ebnia e informacionit k\u00ebrkuar nga gazetari c\u00ebnon sekretin hetimor, po ashtu dhe rekomandimi nga IDP p\u00ebr dh\u00ebnien e informacionit pas hetimeve t\u00eb SPAK.<\/p>\n\n\n\n<p>Gjykata vendosi q\u00eb MIE t\u2019i jap\u00eb gazetarit informacionin e k\u00ebrkuar me nj\u00eb vendim me ekzekutim t\u00eb p\u00ebrkohsh\u00ebm, th\u00ebn\u00eb ndryshe i ekzekutuesh\u00ebm n\u00eb m\u00ebnyr\u00eb t\u00eb menj\u00ebhershme, nga sh\u00ebrbimi p\u00ebrmbarimor. Ky vendim mori parasysh faktin se tashm\u00eb jan\u00eb lejuar nj\u00eb s\u00ebr\u00eb vonesash, t\u00eb cilat mund ta c\u00ebnojn\u00eb q\u00ebllimin e k\u00ebrkimit t\u00eb informacionit dhe aktualitetin e tij.<\/p>\n\n\n\n<p>Por Ministria e Infrastruktur\u00ebs nuk e l\u00eb me kaq. Jo vet\u00ebm q\u00eb nuk e zbaton vendimin e gjykat\u00ebs, por si e si t\u00eb v\u00ebshtir\u00ebsoj\u00eb procesin i drejtohet gjykat\u00ebs p\u00ebr ta kund\u00ebrshtuar at\u00eb, duke paditur Artan Ram\u00ebn dhe sh\u00ebrbimin p\u00ebrmbarimor. Madje dy her\u00eb. Gjykata e rr\u00ebzon k\u00ebrkes\u00ebn e par\u00eb si t\u00eb pabazuar dhe rikonfirmoi edhe nj\u00eb her\u00eb n\u00eb fuqi vendimin e par\u00eb, me ekzekutim t\u00eb menj\u00ebhersh\u00ebm.<\/p>\n\n\n\n<p>Kjo nuk e ndali Ministrin\u00eb t\u00eb padis\u00eb p\u00ebrs\u00ebri me t\u00eb nj\u00ebjtat argumenta gazetarin dhe zyr\u00ebn e p\u00ebrmbarimit.<\/p>\n\n\n\n<p>M\u00ebnyra se si \u00ebsht\u00eb refuzuar dh\u00ebnia e informacionit dhe abuzimi i mekanizmave ligjore nga ana e Autoriteteve Publike p\u00ebr t\u00eb penguar transparenc\u00ebn p\u00ebr nj\u00eb \u00e7\u00ebshtje nevralgjike, b\u00ebn t\u00eb mendosh se \u00e7far\u00eb mund t\u00eb fshihet pas gjith\u00eb k\u00ebsaj. Mos t\u00eb harrojm\u00eb se shpenzimet gjyq\u00ebsore p\u00ebr k\u00ebto \u00e7\u00ebshtje q\u00eb i ngarkohen Autoriteteve vilen nga buxheti i shtetit. Duket se motivi p\u00ebr ta fshehur informacionin \u00ebsht\u00eb m\u00eb i madh sesa kostot p\u00ebr publikun.<\/p>\n\n\n\n<p>Res Publica<\/p>\n","protected":false},"excerpt":{"rendered":"<p>\u201cNj\u00eb qeveri publike pa informim publik, ose q\u00eb nuk ka nocionin e dh\u00ebnies s\u00eb tij, \u00ebsht\u00eb prologu i nj\u00eb farse [&hellip;]<\/p>\n","protected":false},"author":2,"featured_media":2440,"comment_status":"open","ping_status":"open","sticky":false,"template":"","format":"standard","meta":{"site-sidebar-layout":"default","site-content-layout":"","ast-site-content-layout":"","site-content-style":"default","site-sidebar-style":"default","ast-global-header-display":"","ast-banner-title-visibility":"","ast-main-header-display":"","ast-hfb-above-header-display":"","ast-hfb-below-header-display":"","ast-hfb-mobile-header-display":"","site-post-title":"","ast-breadcrumbs-content":"","ast-featured-img":"","footer-sml-layout":"","theme-transparent-header-meta":"","adv-header-id-meta":"","stick-header-meta":"","header-above-stick-meta":"","header-main-stick-meta":"","header-below-stick-meta":"","astra-migrate-meta-layouts":"default","ast-page-background-enabled":"default","ast-page-background-meta":{"desktop":{"background-color":"var(--ast-global-color-4)","background-image":"","background-repeat":"repeat","background-position":"center center","background-size":"auto","background-attachment":"scroll","background-type":"","background-media":"","overlay-type":"","overlay-color":"","overlay-gradient":""},"tablet":{"background-color":"","background-image":"","background-repeat":"repeat","background-position":"center center","background-size":"auto","background-attachment":"scroll","background-type":"","background-media":"","overlay-type":"","overlay-color":"","overlay-gradient":""},"mobile":{"background-color":"","background-image":"","background-repeat":"repeat","background-position":"center center","background-size":"auto","background-attachment":"scroll","background-type":"","background-media":"","overlay-type":"","overlay-color":"","overlay-gradient":""}},"ast-content-background-meta":{"desktop":{"background-color":"var(--ast-global-color-5)","background-image":"","background-repeat":"repeat","background-position":"center center","background-size":"auto","background-attachment":"scroll","background-type":"","background-media":"","overlay-type":"","overlay-color":"","overlay-gradient":""},"tablet":{"background-color":"var(--ast-global-color-5)","background-image":"","background-repeat":"repeat","background-position":"center center","background-size":"auto","background-attachment":"scroll","background-type":"","background-media":"","overlay-type":"","overlay-color":"","overlay-gradient":""},"mobile":{"background-color":"var(--ast-global-color-5)","background-image":"","background-repeat":"repeat","background-position":"center center","background-size":"auto","background-attachment":"scroll","background-type":"","background-media":"","overlay-type":"","overlay-color":"","overlay-gradient":""}},"footnotes":""},"categories":[6,3],"tags":[78,76,81,77],"_links":{"self":[{"href":"https:\/\/www.respublica.org.al\/web\/index.php?rest_route=\/wp\/v2\/posts\/2436"}],"collection":[{"href":"https:\/\/www.respublica.org.al\/web\/index.php?rest_route=\/wp\/v2\/posts"}],"about":[{"href":"https:\/\/www.respublica.org.al\/web\/index.php?rest_route=\/wp\/v2\/types\/post"}],"author":[{"embeddable":true,"href":"https:\/\/www.respublica.org.al\/web\/index.php?rest_route=\/wp\/v2\/users\/2"}],"replies":[{"embeddable":true,"href":"https:\/\/www.respublica.org.al\/web\/index.php?rest_route=%2Fwp%2Fv2%2Fcomments&post=2436"}],"version-history":[{"count":6,"href":"https:\/\/www.respublica.org.al\/web\/index.php?rest_route=\/wp\/v2\/posts\/2436\/revisions"}],"predecessor-version":[{"id":2446,"href":"https:\/\/www.respublica.org.al\/web\/index.php?rest_route=\/wp\/v2\/posts\/2436\/revisions\/2446"}],"wp:featuredmedia":[{"embeddable":true,"href":"https:\/\/www.respublica.org.al\/web\/index.php?rest_route=\/wp\/v2\/media\/2440"}],"wp:attachment":[{"href":"https:\/\/www.respublica.org.al\/web\/index.php?rest_route=%2Fwp%2Fv2%2Fmedia&parent=2436"}],"wp:term":[{"taxonomy":"category","embeddable":true,"href":"https:\/\/www.respublica.org.al\/web\/index.php?rest_route=%2Fwp%2Fv2%2Fcategories&post=2436"},{"taxonomy":"post_tag","embeddable":true,"href":"https:\/\/www.respublica.org.al\/web\/index.php?rest_route=%2Fwp%2Fv2%2Ftags&post=2436"}],"curies":[{"name":"wp","href":"https:\/\/api.w.org\/{rel}","templated":true}]}}