{"id":2452,"date":"2023-09-21T12:28:55","date_gmt":"2023-09-21T10:28:55","guid":{"rendered":"https:\/\/www.respublica.org.al\/?p=2452"},"modified":"2023-09-21T13:01:39","modified_gmt":"2023-09-21T11:01:39","slug":"dita-nderkombetare-e-demokracise-keshilli-i-evropes-mbledh-perfaqesues-te-shoqerise-civile-ne-nje-shkembim-mendimesh","status":"publish","type":"post","link":"https:\/\/www.respublica.org.al\/web\/?p=2452","title":{"rendered":"Dita Nd\u00ebrkomb\u00ebtare e Demokracis\u00eb: K\u00ebshilli i Evrop\u00ebs mbledh p\u00ebrfaq\u00ebsues t\u00eb shoq\u00ebris\u00eb civile n\u00eb nj\u00eb shk\u00ebmbim mendimesh"},"content":{"rendered":"\n<p>N\u00eb 15 shtator, me rastin e Dit\u00ebs Nd\u00ebrkomb\u00ebtare t\u00eb Demokracis\u00eb, K\u00ebshilli i Evrop\u00ebs organizoi nj\u00eb takim me p\u00ebrfaq\u00ebsues t\u00eb shoq\u00ebris\u00eb civile nga t\u00eb gjith\u00eb vendet an\u00ebtare t\u00eb K\u00ebshillit t\u00eb Evrop\u00ebs. Nga Shqip\u00ebria ishin t\u00eb pranishme dy organizata t\u00eb tilla, nd\u00ebr t\u00eb cilat edhe qendra \u201cRes Publica\u201d. Gjat\u00eb takimit u diskutua dhe u mor\u00ebn pik\u00ebpamjet e p\u00ebrfaq\u00ebsuesve lidhur me rritjen e p\u00ebrfshirjes dhe angazhimit t\u00eb shoq\u00ebris\u00eb civile n\u00eb \u00e7\u00ebshtjet e K\u00ebshillit t\u00eb Evrop\u00ebs dhe m\u00ebnyrave se si ky i fundit mund t\u2019i mb\u00ebshtes\u00eb n\u00eb k\u00ebt\u00eb aspekt.<\/p>\n\n\n\n<p>Gjat\u00eb takimit, Sekretarja e P\u00ebrgjithshme e K\u00ebshillit t\u00eb Evrop\u00ebs, Marija Pej\u010dinovi\u0107 Buri\u0107, u shpreh se: \u201cShoq\u00ebria civile \u00ebsht\u00eb parakusht p\u00ebr nj\u00eb demokraci funksionale\u2026E v\u00ebrteta \u00ebsht\u00eb se sot shum\u00eb vende t\u00eb Evrop\u00ebs kan\u00eb b\u00ebr\u00eb hapa pas p\u00ebr sa i p\u00ebrket demokracis\u00eb. Liria e fjal\u00ebs po kufizohet. Po k\u00ebshtu edhe liria e protest\u00ebs, duke e kufizuar hap\u00ebsir\u00ebn e shoq\u00ebris\u00eb civile dhe t\u00eb drejt\u00ebn p\u00ebr t\u00eb protestuar n\u00eb m\u00ebnyr\u00eb paq\u00ebsore, p\u00ebrmes shfryt\u00ebzimit apo abuzimit t\u00eb ligjit\u201d.<\/p>\n\n\n\n<p>Buri\u0107 gjithashtu theksoi r\u00ebnd\u00ebsin\u00eb e rolit t\u00eb K\u00ebshillit t\u00eb Evrop\u00ebs n\u00eb rritjen e angazhimit t\u00eb organizatave t\u00eb shoq\u00ebris\u00eb civile, institucioneve apo individ\u00ebve t\u00eb angazhuar me mbrojtjen e t\u00eb drejtave t\u00eb njeriut. \u201cRreziku ndaj demokracis\u00eb mund t\u00eb luftohet n\u00ebse Shtetet An\u00ebtare mb\u00ebshtesin shoq\u00ebrin\u00eb civile dhe K\u00ebshilli i Evrop\u00ebs bashk\u00ebpunon ngusht\u00eb me t\u00eb. Trajtimi i rrezikut ndaj demokracis\u00eb n\u00ebnkupton mbrojtjen e vlerave t\u00eb K\u00ebshillit t\u00eb Evrop\u00ebs. Ky shk\u00ebmbim, data e t\u00eb cilit p\u00ebrkon me Dit\u00ebn Nd\u00ebrkomb\u00ebtare t\u00eb Demokracis\u00eb, \u00ebsht\u00eb nj\u00eb mund\u00ebsi p\u00ebr t\u00eb shprehur mendimet q\u00eb frym\u00ebzohen nga k\u00ebto \u00e7\u00ebshtje t\u00eb ngritura\u201d, p\u00ebrfundoi Sekretarja e P\u00ebrgjithshme.<\/p>\n\n\n\n<p>Qendra \u201cRes Publica\u201d nd\u00ebr t\u00eb tjera \u00ebsht\u00eb e angazhuar me ndjekjen e rasteve para Gjykat\u00ebs Evropiane t\u00eb t\u00eb Drejtave t\u00eb Njeriut n\u00eb Strazburg, shpeshher\u00eb edhe si pal\u00eb e tret\u00eb n\u00eb \u00e7\u00ebshtje q\u00eb nuk kan\u00eb t\u00eb b\u00ebjn\u00eb me Shqip\u00ebrin\u00eb, por q\u00eb synojn\u00eb pasurimin e jurisprudenc\u00ebs s\u00eb k\u00ebsaj gjykate, me efekt edhe p\u00ebr Shqip\u00ebrin\u00eb n\u00eb \u00e7\u00ebshtje t\u00eb ardhshme.<\/p>\n\n\n\n<p><\/p>\n\n\n\n<p><\/p>\n\n\n\n<figure class=\"wp-block-image size-large\"><a href=\"https:\/\/www.respublica.org.al\/wp-content\/uploads\/2023\/09\/WhatsApp-Image-2023-09-20-at-11.34.05.jpg\"><img fetchpriority=\"high\" decoding=\"async\" width=\"1024\" height=\"461\" src=\"https:\/\/www.respublica.org.al\/wp-content\/uploads\/2023\/09\/WhatsApp-Image-2023-09-20-at-11.34.05-1024x461.jpg\" alt=\"\" class=\"wp-image-2453\" srcset=\"https:\/\/www.respublica.org.al\/web\/wp-content\/uploads\/2023\/09\/WhatsApp-Image-2023-09-20-at-11.34.05-1024x461.jpg 1024w, https:\/\/www.respublica.org.al\/web\/wp-content\/uploads\/2023\/09\/WhatsApp-Image-2023-09-20-at-11.34.05-300x135.jpg 300w, https:\/\/www.respublica.org.al\/web\/wp-content\/uploads\/2023\/09\/WhatsApp-Image-2023-09-20-at-11.34.05-768x346.jpg 768w, https:\/\/www.respublica.org.al\/web\/wp-content\/uploads\/2023\/09\/WhatsApp-Image-2023-09-20-at-11.34.05-750x338.jpg 750w, https:\/\/www.respublica.org.al\/web\/wp-content\/uploads\/2023\/09\/WhatsApp-Image-2023-09-20-at-11.34.05-1140x513.jpg 1140w, https:\/\/www.respublica.org.al\/web\/wp-content\/uploads\/2023\/09\/WhatsApp-Image-2023-09-20-at-11.34.05.jpg 1440w\" sizes=\"(max-width: 1024px) 100vw, 1024px\" \/><\/a><\/figure>\n","protected":false},"excerpt":{"rendered":"<p>N\u00eb 15 shtator, me rastin e Dit\u00ebs Nd\u00ebrkomb\u00ebtare t\u00eb Demokracis\u00eb, K\u00ebshilli i Evrop\u00ebs organizoi nj\u00eb takim me p\u00ebrfaq\u00ebsues t\u00eb shoq\u00ebris\u00eb [&hellip;]<\/p>\n","protected":false},"author":2,"featured_media":2454,"comment_status":"open","ping_status":"open","sticky":false,"template":"","format":"standard","meta":{"site-sidebar-layout":"default","site-content-layout":"","ast-site-content-layout":"","site-content-style":"default","site-sidebar-style":"default","ast-global-header-display":"","ast-banner-title-visibility":"","ast-main-header-display":"","ast-hfb-above-header-display":"","ast-hfb-below-header-display":"","ast-hfb-mobile-header-display":"","site-post-title":"","ast-breadcrumbs-content":"","ast-featured-img":"","footer-sml-layout":"","theme-transparent-header-meta":"","adv-header-id-meta":"","stick-header-meta":"","header-above-stick-meta":"","header-main-stick-meta":"","header-below-stick-meta":"","astra-migrate-meta-layouts":"default","ast-page-background-enabled":"default","ast-page-background-meta":{"desktop":{"background-color":"var(--ast-global-color-4)","background-image":"","background-repeat":"repeat","background-position":"center center","background-size":"auto","background-attachment":"scroll","background-type":"","background-media":"","overlay-type":"","overlay-color":"","overlay-gradient":""},"tablet":{"background-color":"","background-image":"","background-repeat":"repeat","background-position":"center center","background-size":"auto","background-attachment":"scroll","background-type":"","background-media":"","overlay-type":"","overlay-color":"","overlay-gradient":""},"mobile":{"background-color":"","background-image":"","background-repeat":"repeat","background-position":"center center","background-size":"auto","background-attachment":"scroll","background-type":"","background-media":"","overlay-type":"","overlay-color":"","overlay-gradient":""}},"ast-content-background-meta":{"desktop":{"background-color":"var(--ast-global-color-5)","background-image":"","background-repeat":"repeat","background-position":"center center","background-size":"auto","background-attachment":"scroll","background-type":"","background-media":"","overlay-type":"","overlay-color":"","overlay-gradient":""},"tablet":{"background-color":"var(--ast-global-color-5)","background-image":"","background-repeat":"repeat","background-position":"center center","background-size":"auto","background-attachment":"scroll","background-type":"","background-media":"","overlay-type":"","overlay-color":"","overlay-gradient":""},"mobile":{"background-color":"var(--ast-global-color-5)","background-image":"","background-repeat":"repeat","background-position":"center center","background-size":"auto","background-attachment":"scroll","background-type":"","background-media":"","overlay-type":"","overlay-color":"","overlay-gradient":""}},"footnotes":""},"categories":[6],"tags":[],"_links":{"self":[{"href":"https:\/\/www.respublica.org.al\/web\/index.php?rest_route=\/wp\/v2\/posts\/2452"}],"collection":[{"href":"https:\/\/www.respublica.org.al\/web\/index.php?rest_route=\/wp\/v2\/posts"}],"about":[{"href":"https:\/\/www.respublica.org.al\/web\/index.php?rest_route=\/wp\/v2\/types\/post"}],"author":[{"embeddable":true,"href":"https:\/\/www.respublica.org.al\/web\/index.php?rest_route=\/wp\/v2\/users\/2"}],"replies":[{"embeddable":true,"href":"https:\/\/www.respublica.org.al\/web\/index.php?rest_route=%2Fwp%2Fv2%2Fcomments&post=2452"}],"version-history":[{"count":3,"href":"https:\/\/www.respublica.org.al\/web\/index.php?rest_route=\/wp\/v2\/posts\/2452\/revisions"}],"predecessor-version":[{"id":2458,"href":"https:\/\/www.respublica.org.al\/web\/index.php?rest_route=\/wp\/v2\/posts\/2452\/revisions\/2458"}],"wp:featuredmedia":[{"embeddable":true,"href":"https:\/\/www.respublica.org.al\/web\/index.php?rest_route=\/wp\/v2\/media\/2454"}],"wp:attachment":[{"href":"https:\/\/www.respublica.org.al\/web\/index.php?rest_route=%2Fwp%2Fv2%2Fmedia&parent=2452"}],"wp:term":[{"taxonomy":"category","embeddable":true,"href":"https:\/\/www.respublica.org.al\/web\/index.php?rest_route=%2Fwp%2Fv2%2Fcategories&post=2452"},{"taxonomy":"post_tag","embeddable":true,"href":"https:\/\/www.respublica.org.al\/web\/index.php?rest_route=%2Fwp%2Fv2%2Ftags&post=2452"}],"curies":[{"name":"wp","href":"https:\/\/api.w.org\/{rel}","templated":true}]}}