{"id":2488,"date":"2023-01-28T15:31:00","date_gmt":"2023-01-28T14:31:00","guid":{"rendered":"https:\/\/www.respublica.org.al\/?p=2488"},"modified":"2023-09-21T16:04:11","modified_gmt":"2023-09-21T14:04:11","slug":"2488-2","status":"publish","type":"post","link":"https:\/\/www.respublica.org.al\/web\/?p=2488","title":{"rendered":"Forumi i par\u00eb i Zonave t\u00eb Mbrojtura n\u00eb Shqip\u00ebri p\u00ebr nj\u00eb menaxhim m\u00eb efektiv t\u00eb zonave t\u00eb mbrojtura"},"content":{"rendered":"\n<p id=\"tw-target-text\">Forumi i par\u00eb i dedikuar t\u00ebr\u00ebsisht Zonave t\u00eb Mbrojtura n\u00eb Shqip\u00ebri u mbajt n\u00eb Tiran\u00eb n\u00eb datat 26 dhe 27 janar 2023. Forumi mblodhi s\u00eb bashku Organizata t\u00eb Shoq\u00ebris\u00eb Civile, vendase dhe t\u00eb huaja, institucione akademike-k\u00ebrkimore, donator\u00eb dhe p\u00ebrfaq\u00ebsues nga komuniteti diplomatik n\u00eb Shqip\u00ebri, vendim &#8211; duke b\u00ebr\u00eb q\u00eb institucionet, sektori privat, studiuesit dhe dashamir\u00ebsit e natyr\u00ebs dhe Zonave t\u00eb Mbrojtura t\u00eb ndajn\u00eb njohurit\u00eb, p\u00ebrvojat dhe m\u00ebsimet e nxjerra n\u00eb drejtim t\u00eb qeverisjes dhe menaxhimit t\u00eb Zonave t\u00eb Mbrojtura. Nd\u00ebrkoh\u00eb, 49 organizata t\u00eb shoq\u00ebris\u00eb civile u bashkuan n\u00eb deklarat\u00ebn e Forumit t\u00eb Zonave t\u00eb Mbrojtura si m\u00eb posht\u00eb:<br><br>&#8220;Ne, 49 Organizata t\u00eb Shoq\u00ebris\u00eb Civile, komb\u00ebtare dhe nd\u00ebrkomb\u00ebtare, q\u00eb veprojm\u00eb n\u00eb fush\u00ebn e mbrojtjes s\u00eb natyr\u00ebs, institucione akademike-k\u00ebrkimore t\u00eb shkencave t\u00eb natyr\u00ebs, t\u00eb mbledhura m\u00eb 26 Janar 2023, n\u00eb Tiran\u00eb n\u00eb \u201cForumin p\u00ebr Zonat e Mbrojtura 2023\u201d, diskutuam mbi sfidat dhe mund\u00ebsit\u00eb p\u00ebr ruajtjen e natyr\u00ebs n\u00eb Shqip\u00ebri. Forumi solli para pjes\u00ebmarr\u00ebsve dhe analizoi kauzat e ngritura p\u00ebr mbrojtjen e natyr\u00ebs, hapat e nd\u00ebrmarr\u00eb dhe pun\u00ebn e palodhshme t\u00eb organizatave n\u00eb drejtim t\u00eb mbrojtjes s\u00eb Zonave t\u00eb Mbrojtura ligatinore qe njihen si vatrat m\u00eb t\u00eb pasura t\u00eb natyr\u00ebs shqiptare, europiane dhe asaj bot\u00ebrore.<br><br>Ne, 49 Organizata t\u00eb Shoq\u00ebris\u00eb Civile, komb\u00ebtare dhe nd\u00ebrkomb\u00ebtare, q\u00eb veprojm\u00eb n\u00eb fush\u00ebn e mbrojtjes s\u00eb natyr\u00ebs, institucione akademike-k\u00ebrkimore t\u00eb shkencave t\u00eb natyr\u00ebs, k\u00ebrkojm\u00eb nga institucionet politik\u00eb-b\u00ebr\u00ebse\/vendimmarr\u00ebse dhe ato ligjzbatuese t\u00eb vendit, nga K\u00ebshilli i Ministrave, K\u00ebshilli Komb\u00ebtar i Territorit, Komiteti i Investimeve Strategjike, Ministria e Turizmit dhe Mjedisit, Agjencia Komb\u00ebtare e Zonave t\u00eb Mbrojtura, Agjencia Komb\u00ebtare e Mjedisit, Ministria e Brendshme, Inspektorati Komb\u00ebtar i Mbrojtjes s\u00eb Territorit q\u00eb \u00e7\u00ebshtja e ruajtjes s\u00eb natyr\u00ebs t\u00eb kthehet n\u00eb p\u00ebrpar\u00ebsi, (i) t\u00eb ndalet vendimmarrja e gabuar n\u00eb zona ky\u00e7e t\u00eb biodiversitetit, (ii) t\u00eb luftohet krimi mjedisor nga institucionet, (iii) t\u00eb rritet transparenca dhe q\u00ebndrueshm\u00ebria n\u00eb vendimmarrje; (iv) t\u00eb rriten kapacitetet profesionale n\u00eb drejtim t\u00eb monitorimit, studimit dhe mbrojtjes s\u00eb natyr\u00ebs n\u00eb institucionet e linj\u00ebs; (v) punohet n\u00eb drejtim t\u00eb monitorimit dhe vler\u00ebsimit t\u00eb statusit p\u00ebr habitatet dhe speciet me r\u00ebnd\u00ebsi komb\u00ebtare\/nd\u00ebrkomb\u00ebtare, si dhe (vi) t\u00eb forcohet m\u00eb tej bashk\u00ebpunimi me Shoq\u00ebrin\u00eb Civile p\u00ebr nj\u00eb vendimmarrje sa m\u00eb t\u00eb q\u00ebndrueshme.&#8221;<\/p>\n\n\n\n<p id=\"tw-target-text\">Dita e dyt\u00eb e forumit p\u00ebr Zonat e Mbrojtura, u zhvillua n\u00eb Parkun Komb\u00ebtar &#8220;Divjak\u00eb-Karavasta&#8221;, me aktor\u00eb t\u00eb shoq\u00ebris\u00eb civile, organizatave nd\u00ebrkomb\u00ebtare, akademik\u00eb dhe aktivist\u00eb. Ata u njoh\u00ebn me nj\u00eb nga parqet m\u00eb t\u00eb bukur t\u00eb vendit ton\u00eb dhe nj\u00eb nga ligatinat m\u00eb t\u00eb r\u00ebnd\u00ebsishme n\u00eb detin Adriatik.<br> <br>Gjat\u00eb vizit\u00ebs n\u00eb terren, ata pat\u00ebn mund\u00ebsin\u00eb t\u00eb v\u00ebzhgonin shpend\u00ebt e shumt\u00eb n\u00eb lagun\u00eb si dhe t\u00eb shikonin nga af\u00ebr simbolin e parkut: Pelikanin Ka\u00e7urrel i cili folezon n\u00eb Divjak\u00eb-Karavasta. Nd\u00ebr t\u00eb tjera r\u00ebnd\u00ebsi iu dha edhe k\u00ebrc\u00ebnimeve q\u00eb prekin parkun si: ri-shikimi i kufijnjve dhe problematikat q\u00eb lidhen me peshkimin, gjuetin\u00eb dhe turizimin.<\/p>\n\n\n\n<p id=\"tw-target-text\"><\/p>\n\n\n\n<figure class=\"wp-block-gallery has-nested-images columns-default is-cropped wp-block-gallery-1 is-layout-flex wp-block-gallery-is-layout-flex\">\n<figure class=\"wp-block-image size-large\"><a href=\"https:\/\/www.respublica.org.al\/wp-content\/uploads\/2023\/09\/2.jpg\"><img fetchpriority=\"high\" decoding=\"async\" width=\"1024\" height=\"768\" data-id=\"2500\" src=\"https:\/\/www.respublica.org.al\/wp-content\/uploads\/2023\/09\/2-1024x768.jpg\" alt=\"\" class=\"wp-image-2500\" srcset=\"https:\/\/www.respublica.org.al\/web\/wp-content\/uploads\/2023\/09\/2-1024x768.jpg 1024w, https:\/\/www.respublica.org.al\/web\/wp-content\/uploads\/2023\/09\/2-300x225.jpg 300w, https:\/\/www.respublica.org.al\/web\/wp-content\/uploads\/2023\/09\/2-768x576.jpg 768w, https:\/\/www.respublica.org.al\/web\/wp-content\/uploads\/2023\/09\/2-1536x1152.jpg 1536w, https:\/\/www.respublica.org.al\/web\/wp-content\/uploads\/2023\/09\/2-750x563.jpg 750w, https:\/\/www.respublica.org.al\/web\/wp-content\/uploads\/2023\/09\/2-1140x855.jpg 1140w, https:\/\/www.respublica.org.al\/web\/wp-content\/uploads\/2023\/09\/2.jpg 1600w\" sizes=\"(max-width: 1024px) 100vw, 1024px\" \/><\/a><\/figure>\n\n\n\n<figure class=\"wp-block-image size-large\"><a href=\"https:\/\/www.respublica.org.al\/wp-content\/uploads\/2023\/09\/1.jpg\"><img decoding=\"async\" width=\"1024\" height=\"768\" data-id=\"2499\" src=\"https:\/\/www.respublica.org.al\/wp-content\/uploads\/2023\/09\/1-1024x768.jpg\" alt=\"\" class=\"wp-image-2499\" srcset=\"https:\/\/www.respublica.org.al\/web\/wp-content\/uploads\/2023\/09\/1-1024x768.jpg 1024w, https:\/\/www.respublica.org.al\/web\/wp-content\/uploads\/2023\/09\/1-300x225.jpg 300w, https:\/\/www.respublica.org.al\/web\/wp-content\/uploads\/2023\/09\/1-768x576.jpg 768w, https:\/\/www.respublica.org.al\/web\/wp-content\/uploads\/2023\/09\/1-1536x1152.jpg 1536w, https:\/\/www.respublica.org.al\/web\/wp-content\/uploads\/2023\/09\/1-750x563.jpg 750w, https:\/\/www.respublica.org.al\/web\/wp-content\/uploads\/2023\/09\/1-1140x855.jpg 1140w, https:\/\/www.respublica.org.al\/web\/wp-content\/uploads\/2023\/09\/1.jpg 1600w\" sizes=\"(max-width: 1024px) 100vw, 1024px\" \/><\/a><\/figure>\n\n\n\n<figure class=\"wp-block-image size-large\"><a href=\"https:\/\/www.respublica.org.al\/wp-content\/uploads\/2023\/09\/327665970_552985000197549_1762249305349988469_n.jpg\"><img decoding=\"async\" width=\"1024\" height=\"683\" data-id=\"2492\" src=\"https:\/\/www.respublica.org.al\/wp-content\/uploads\/2023\/09\/327665970_552985000197549_1762249305349988469_n-1024x683.jpg\" alt=\"\" class=\"wp-image-2492\" srcset=\"https:\/\/www.respublica.org.al\/web\/wp-content\/uploads\/2023\/09\/327665970_552985000197549_1762249305349988469_n-1024x683.jpg 1024w, https:\/\/www.respublica.org.al\/web\/wp-content\/uploads\/2023\/09\/327665970_552985000197549_1762249305349988469_n-300x200.jpg 300w, https:\/\/www.respublica.org.al\/web\/wp-content\/uploads\/2023\/09\/327665970_552985000197549_1762249305349988469_n-768x512.jpg 768w, https:\/\/www.respublica.org.al\/web\/wp-content\/uploads\/2023\/09\/327665970_552985000197549_1762249305349988469_n-1536x1024.jpg 1536w, https:\/\/www.respublica.org.al\/web\/wp-content\/uploads\/2023\/09\/327665970_552985000197549_1762249305349988469_n-750x500.jpg 750w, https:\/\/www.respublica.org.al\/web\/wp-content\/uploads\/2023\/09\/327665970_552985000197549_1762249305349988469_n-1140x760.jpg 1140w, https:\/\/www.respublica.org.al\/web\/wp-content\/uploads\/2023\/09\/327665970_552985000197549_1762249305349988469_n.jpg 1599w\" sizes=\"(max-width: 1024px) 100vw, 1024px\" \/><\/a><\/figure>\n\n\n\n<figure class=\"wp-block-image size-thumbnail\"><a href=\"https:\/\/www.respublica.org.al\/wp-content\/uploads\/2023\/09\/327862353_706500551003506_2349767017246022495_n.jpg\"><img loading=\"lazy\" decoding=\"async\" width=\"150\" height=\"150\" data-id=\"2494\" src=\"https:\/\/www.respublica.org.al\/wp-content\/uploads\/2023\/09\/327862353_706500551003506_2349767017246022495_n-150x150.jpg\" alt=\"\" class=\"wp-image-2494\" srcset=\"https:\/\/www.respublica.org.al\/web\/wp-content\/uploads\/2023\/09\/327862353_706500551003506_2349767017246022495_n-150x150.jpg 150w, https:\/\/www.respublica.org.al\/web\/wp-content\/uploads\/2023\/09\/327862353_706500551003506_2349767017246022495_n-75x75.jpg 75w, https:\/\/www.respublica.org.al\/web\/wp-content\/uploads\/2023\/09\/327862353_706500551003506_2349767017246022495_n-350x350.jpg 350w\" sizes=\"(max-width: 150px) 100vw, 150px\" \/><\/a><\/figure>\n\n\n\n<figure class=\"wp-block-image size-large\"><a href=\"https:\/\/www.respublica.org.al\/wp-content\/uploads\/2023\/09\/328266378_555937623226360_560917659053072471_n.jpg\"><img loading=\"lazy\" decoding=\"async\" width=\"1024\" height=\"473\" data-id=\"2491\" src=\"https:\/\/www.respublica.org.al\/wp-content\/uploads\/2023\/09\/328266378_555937623226360_560917659053072471_n-1024x473.jpg\" alt=\"\" class=\"wp-image-2491\" srcset=\"https:\/\/www.respublica.org.al\/web\/wp-content\/uploads\/2023\/09\/328266378_555937623226360_560917659053072471_n-1024x473.jpg 1024w, https:\/\/www.respublica.org.al\/web\/wp-content\/uploads\/2023\/09\/328266378_555937623226360_560917659053072471_n-300x139.jpg 300w, https:\/\/www.respublica.org.al\/web\/wp-content\/uploads\/2023\/09\/328266378_555937623226360_560917659053072471_n-768x355.jpg 768w, https:\/\/www.respublica.org.al\/web\/wp-content\/uploads\/2023\/09\/328266378_555937623226360_560917659053072471_n-1536x709.jpg 1536w, https:\/\/www.respublica.org.al\/web\/wp-content\/uploads\/2023\/09\/328266378_555937623226360_560917659053072471_n-750x346.jpg 750w, https:\/\/www.respublica.org.al\/web\/wp-content\/uploads\/2023\/09\/328266378_555937623226360_560917659053072471_n-1140x527.jpg 1140w, https:\/\/www.respublica.org.al\/web\/wp-content\/uploads\/2023\/09\/328266378_555937623226360_560917659053072471_n.jpg 1600w\" sizes=\"(max-width: 1024px) 100vw, 1024px\" \/><\/a><\/figure>\n\n\n\n<figure class=\"wp-block-image size-large\"><a href=\"https:\/\/www.respublica.org.al\/wp-content\/uploads\/2023\/09\/328271269_956357689068286_8776199571493699799_n.jpg\"><img loading=\"lazy\" decoding=\"async\" width=\"1024\" height=\"473\" data-id=\"2490\" src=\"https:\/\/www.respublica.org.al\/wp-content\/uploads\/2023\/09\/328271269_956357689068286_8776199571493699799_n-1024x473.jpg\" alt=\"\" class=\"wp-image-2490\" srcset=\"https:\/\/www.respublica.org.al\/web\/wp-content\/uploads\/2023\/09\/328271269_956357689068286_8776199571493699799_n-1024x473.jpg 1024w, https:\/\/www.respublica.org.al\/web\/wp-content\/uploads\/2023\/09\/328271269_956357689068286_8776199571493699799_n-300x139.jpg 300w, https:\/\/www.respublica.org.al\/web\/wp-content\/uploads\/2023\/09\/328271269_956357689068286_8776199571493699799_n-768x355.jpg 768w, https:\/\/www.respublica.org.al\/web\/wp-content\/uploads\/2023\/09\/328271269_956357689068286_8776199571493699799_n-1536x709.jpg 1536w, https:\/\/www.respublica.org.al\/web\/wp-content\/uploads\/2023\/09\/328271269_956357689068286_8776199571493699799_n-750x346.jpg 750w, https:\/\/www.respublica.org.al\/web\/wp-content\/uploads\/2023\/09\/328271269_956357689068286_8776199571493699799_n-1140x527.jpg 1140w, https:\/\/www.respublica.org.al\/web\/wp-content\/uploads\/2023\/09\/328271269_956357689068286_8776199571493699799_n.jpg 1600w\" sizes=\"(max-width: 1024px) 100vw, 1024px\" \/><\/a><\/figure>\n<\/figure>\n\n\n\n<figure class=\"wp-block-image size-full\"><a href=\"https:\/\/www.respublica.org.al\/wp-content\/uploads\/2023\/09\/image.png\"><img loading=\"lazy\" decoding=\"async\" width=\"20\" height=\"20\" src=\"https:\/\/www.respublica.org.al\/wp-content\/uploads\/2023\/09\/image.png\" alt=\"\" class=\"wp-image-2489\"\/><\/a><\/figure>\n","protected":false},"excerpt":{"rendered":"<p>Forumi i par\u00eb i dedikuar t\u00ebr\u00ebsisht Zonave t\u00eb Mbrojtura n\u00eb Shqip\u00ebri u mbajt n\u00eb Tiran\u00eb n\u00eb datat 26 dhe 27 [&hellip;]<\/p>\n","protected":false},"author":2,"featured_media":2493,"comment_status":"open","ping_status":"open","sticky":false,"template":"","format":"standard","meta":{"site-sidebar-layout":"default","site-content-layout":"","ast-site-content-layout":"","site-content-style":"default","site-sidebar-style":"default","ast-global-header-display":"","ast-banner-title-visibility":"","ast-main-header-display":"","ast-hfb-above-header-display":"","ast-hfb-below-header-display":"","ast-hfb-mobile-header-display":"","site-post-title":"","ast-breadcrumbs-content":"","ast-featured-img":"","footer-sml-layout":"","theme-transparent-header-meta":"","adv-header-id-meta":"","stick-header-meta":"","header-above-stick-meta":"","header-main-stick-meta":"","header-below-stick-meta":"","astra-migrate-meta-layouts":"default","ast-page-background-enabled":"default","ast-page-background-meta":{"desktop":{"background-color":"var(--ast-global-color-4)","background-image":"","background-repeat":"repeat","background-position":"center center","background-size":"auto","background-attachment":"scroll","background-type":"","background-media":"","overlay-type":"","overlay-color":"","overlay-gradient":""},"tablet":{"background-color":"","background-image":"","background-repeat":"repeat","background-position":"center center","background-size":"auto","background-attachment":"scroll","background-type":"","background-media":"","overlay-type":"","overlay-color":"","overlay-gradient":""},"mobile":{"background-color":"","background-image":"","background-repeat":"repeat","background-position":"center center","background-size":"auto","background-attachment":"scroll","background-type":"","background-media":"","overlay-type":"","overlay-color":"","overlay-gradient":""}},"ast-content-background-meta":{"desktop":{"background-color":"var(--ast-global-color-5)","background-image":"","background-repeat":"repeat","background-position":"center center","background-size":"auto","background-attachment":"scroll","background-type":"","background-media":"","overlay-type":"","overlay-color":"","overlay-gradient":""},"tablet":{"background-color":"var(--ast-global-color-5)","background-image":"","background-repeat":"repeat","background-position":"center center","background-size":"auto","background-attachment":"scroll","background-type":"","background-media":"","overlay-type":"","overlay-color":"","overlay-gradient":""},"mobile":{"background-color":"var(--ast-global-color-5)","background-image":"","background-repeat":"repeat","background-position":"center center","background-size":"auto","background-attachment":"scroll","background-type":"","background-media":"","overlay-type":"","overlay-color":"","overlay-gradient":""}},"footnotes":""},"categories":[6,4],"tags":[],"_links":{"self":[{"href":"https:\/\/www.respublica.org.al\/web\/index.php?rest_route=\/wp\/v2\/posts\/2488"}],"collection":[{"href":"https:\/\/www.respublica.org.al\/web\/index.php?rest_route=\/wp\/v2\/posts"}],"about":[{"href":"https:\/\/www.respublica.org.al\/web\/index.php?rest_route=\/wp\/v2\/types\/post"}],"author":[{"embeddable":true,"href":"https:\/\/www.respublica.org.al\/web\/index.php?rest_route=\/wp\/v2\/users\/2"}],"replies":[{"embeddable":true,"href":"https:\/\/www.respublica.org.al\/web\/index.php?rest_route=%2Fwp%2Fv2%2Fcomments&post=2488"}],"version-history":[{"count":6,"href":"https:\/\/www.respublica.org.al\/web\/index.php?rest_route=\/wp\/v2\/posts\/2488\/revisions"}],"predecessor-version":[{"id":2508,"href":"https:\/\/www.respublica.org.al\/web\/index.php?rest_route=\/wp\/v2\/posts\/2488\/revisions\/2508"}],"wp:featuredmedia":[{"embeddable":true,"href":"https:\/\/www.respublica.org.al\/web\/index.php?rest_route=\/wp\/v2\/media\/2493"}],"wp:attachment":[{"href":"https:\/\/www.respublica.org.al\/web\/index.php?rest_route=%2Fwp%2Fv2%2Fmedia&parent=2488"}],"wp:term":[{"taxonomy":"category","embeddable":true,"href":"https:\/\/www.respublica.org.al\/web\/index.php?rest_route=%2Fwp%2Fv2%2Fcategories&post=2488"},{"taxonomy":"post_tag","embeddable":true,"href":"https:\/\/www.respublica.org.al\/web\/index.php?rest_route=%2Fwp%2Fv2%2Ftags&post=2488"}],"curies":[{"name":"wp","href":"https:\/\/api.w.org\/{rel}","templated":true}]}}