{"id":2504,"date":"2023-03-03T15:56:00","date_gmt":"2023-03-03T14:56:00","guid":{"rendered":"https:\/\/www.respublica.org.al\/?p=2504"},"modified":"2023-09-21T16:01:46","modified_gmt":"2023-09-21T14:01:46","slug":"zonat-e-mbrojtura-shqiptare-seanca-e-dyte-gjyqesore-pala-e-paditur-ne-mungese","status":"publish","type":"post","link":"https:\/\/www.respublica.org.al\/web\/?p=2504","title":{"rendered":"Zonat e mbrojtura shqiptare: seanca e dyt\u00eb gjyq\u00ebsore, pala e paditur n\u00eb munges\u00eb"},"content":{"rendered":"\n<p>M\u00eb 2 Mars 2023, u zhvillua seanca e dyt\u00eb gjyq\u00ebsore p\u00ebr Vendimin e K\u00ebshillit t\u00eb Ministrave (VKM) nr. 60, dat\u00eb 26.1.2022, \u201cP\u00ebr Shpalljen e Ekosistemeve Natyrore, Rezervave Natyrore\/Parqeve Natyrore t\u00eb Menaxhuara (Kategoria IV), n\u00eb Gjykat\u00ebn Administrative t\u00eb Apelit, ku 11 Organizata t\u00eb Shoq\u00ebris\u00eb Civile Mjedisore Shqiptare kan\u00eb paditur autoritetet publike p\u00ebr shfuqizimin e vendimit t\u00eb K\u00ebshillit t\u00eb Ministrave nr. 59 dhe nr. 60.<\/p>\n\n\n\n<p>N\u00eb seanc\u00eb morr\u00ebn pjes\u00eb nga pala padit\u00ebse avokat Franc Terihati CLE, avokat Irena Dule Res Publica dhe Besjana Shehu AOSALB, nd\u00ebrsa nga pala e paditur, K\u00ebshilli i Ministrave dhe K\u00ebshilli Komb\u00ebtar i Territorit nuk u paraqit asnj\u00eb p\u00ebrfaq\u00ebsues dhe nuk u paraqit\u00ebn prap\u00ebsime dhe prova p\u00ebr t\u00eb kund\u00ebrshtuar pretendimet e parashtruara n\u00eb padi.<\/p>\n\n\n\n<p>Deri m\u00eb tani procesi ka avancuar me depozitimin a) e k\u00ebrkes-padis\u00eb, b) e provave shkresore, c) e k\u00ebrkes\u00ebs p\u00ebr sakt\u00ebsimin e objektit t\u00eb padis\u00eb duke kund\u00ebrshtuar rishikimin e sip\u00ebrfaqeve, kufijve dhe statusit t\u00eb zonave; Bredhi i Sotir\u00ebs, Korab\u2013Koritnik, Qaf\u00ebshtam\u00eb, Syri i Kalt\u00ebr, Bredhi i Kardhiqit, G\u00ebrmenj, Karaburun, Kune\u2013Vain\u2013Tale dhe Patok \u2013 Fush\u00ebkuqe \u2013 Ish\u00ebm, Liqeni i Shkodr\u00ebs dhe heqjen e 10 zonave t\u00eb tjera; d) e k\u00ebrkes\u00ebs p\u00ebr kryerjen e aktit t\u00eb eksertimit, dh) e parashtrimeve shtes\u00eb lidhur me legjitimimin e organizatave jofitimprurese.<\/p>\n\n\n\n<p>Theksojm\u00eb, edhe p\u00ebr k\u00ebt\u00eb seanc\u00eb K\u00ebshilli i Ministrave dhe K\u00ebshilli Komb\u00ebtar i Territorit kan\u00eb q\u00ebn\u00eb n\u00eb munges\u00eb. Gjithashtu, Avokatura e shtetit ka paraqitur k\u00ebrkes\u00eb p\u00ebr thirrjen n\u00eb cil\u00ebsin\u00eb e personit t\u00eb tret\u00eb t\u00eb Ministris\u00eb Turizmit dhe Mjedisit dhe Agjensis\u00eb Komb\u00ebtare t\u00eb Zonave t\u00eb Mbrojtura.<\/p>\n\n\n\n<p>Seanca e sotme u shty p\u00ebr shkak se parashtrimet shtes\u00eb lidhur me legjitimimin e organizatave jofitimprur\u00ebse t\u00eb cilat jan\u00eb depozituar q\u00eb n\u00eb daten 23.02.2023, nuk i ishin p\u00ebrcjell\u00eb gjyqtares nga sekrataria dhe p\u00ebr rrjedhoj\u00eb vet\u00ebm diten e sotme gjykata i mori ne administrim p\u00ebr t\u2019ia njoftuar K\u00ebshilli t\u00eb Ministrave dhe K\u00ebshilli Komb\u00ebtar t\u00eb Territorit, t\u00eb cil\u00ebt ishin n\u00eb munges\u00eb.<\/p>\n\n\n\n<p>Ju b\u00ebjm\u00eb me dije q\u00eb seanca e radh\u00ebs p\u00ebr Vendimin e K\u00ebshillit t\u00eb Ministrave (VKM) nr. 60 u la p\u00ebr 17 Mars ora 09:00, dhe data p\u00ebr seanc\u00ebn e par\u00eb gjyq\u00ebsore p\u00ebr Vendimin e K\u00ebshillit t\u00eb Ministrave (VKM) nr. 59, dat\u00eb 26.1.2022, \u201cP\u00ebr Miratimin e Ndryshimit t\u00eb Statusit Dhe t\u00eb Sip\u00ebrfaqes s\u00eb Ekosistemeve Natyrore Park Komb\u00ebtar (Kategoria II) t\u00eb Zonave t\u00eb Mbrojtura Mjedisore, \u00ebsht\u00eb p\u00ebrcaktuar m\u00eb 10 Mars ora 09:00.<\/p>\n\n\n\n<p>M\u00eb 2 Mars 2023, u zhvillua seanca e dyt\u00eb gjyq\u00ebsore p\u00ebr Vendimin e K\u00ebshillit t\u00eb Ministrave (VKM) nr. 60, dat\u00eb 26.1.2022, \u201cP\u00ebr Shpalljen e Ekosistemeve Natyrore, Rezervave Natyrore\/Parqeve Natyrore t\u00eb Menaxhuara (Kategoria IV), n\u00eb Gjykat\u00ebn Administrative t\u00eb Apelit, ku 11 Organizata t\u00eb Shoq\u00ebris\u00eb Civile Mjedisore Shqiptare kan\u00eb paditur autoritetet publike p\u00ebr shfuqizimin e vendimit t\u00eb K\u00ebshillit t\u00eb Ministrave nr. 59 dhe nr. 60.<\/p>\n\n\n\n<p>N\u00eb seanc\u00eb morr\u00ebn pjes\u00eb nga pala padit\u00ebse avokat Franc Terihati CLE, avokat Irena Dule Res Publica dhe Besjana Shehu AOSALB, nd\u00ebrsa nga pala e paditur, K\u00ebshilli i Ministrave dhe K\u00ebshilli Komb\u00ebtar i Territorit nuk u paraqit asnj\u00eb p\u00ebrfaq\u00ebsues dhe nuk u paraqit\u00ebn prap\u00ebsime dhe prova p\u00ebr t\u00eb kund\u00ebrshtuar pretendimet e parashtruara n\u00eb padi.<\/p>\n\n\n\n<p>Deri m\u00eb tani procesi ka avancuar me depozitimin a) e k\u00ebrkes-padis\u00eb, b) e provave shkresore, c) e k\u00ebrkes\u00ebs p\u00ebr sakt\u00ebsimin e objektit t\u00eb padis\u00eb duke kund\u00ebrshtuar rishikimin e sip\u00ebrfaqeve, kufijve dhe statusit t\u00eb zonave; Bredhi i Sotir\u00ebs, Korab\u2013Koritnik, Qaf\u00ebshtam\u00eb, Syri i Kalt\u00ebr, Bredhi i Kardhiqit, G\u00ebrmenj, Karaburun, Kune\u2013Vain\u2013Tale dhe Patok \u2013 Fush\u00ebkuqe \u2013 Ish\u00ebm, Liqeni i Shkodr\u00ebs dhe heqjen e 10 zonave t\u00eb tjera; d) e k\u00ebrkes\u00ebs p\u00ebr kryerjen e aktit t\u00eb eksertimit, dh) e parashtrimeve shtes\u00eb lidhur me legjitimimin e organizatave jofitimprurese.<\/p>\n\n\n\n<p>Theksojm\u00eb, edhe p\u00ebr k\u00ebt\u00eb seanc\u00eb K\u00ebshilli i Ministrave dhe K\u00ebshilli Komb\u00ebtar i Territorit kan\u00eb q\u00ebn\u00eb n\u00eb munges\u00eb. Gjithashtu, Avokatura e shtetit ka paraqitur k\u00ebrkes\u00eb p\u00ebr thirrjen n\u00eb cil\u00ebsin\u00eb e personit t\u00eb tret\u00eb t\u00eb Ministris\u00eb Turizmit dhe Mjedisit dhe Agjensis\u00eb Komb\u00ebtare t\u00eb Zonave t\u00eb Mbrojtura.<\/p>\n\n\n\n<p>Seanca e sotme u shty p\u00ebr shkak se parashtrimet shtes\u00eb lidhur me legjitimimin e organizatave jofitimprur\u00ebse t\u00eb cilat jan\u00eb depozituar q\u00eb n\u00eb daten 23.02.2023, nuk i ishin p\u00ebrcjell\u00eb gjyqtares nga sekretaria dhe p\u00ebr rrjedhoj\u00eb vet\u00ebm diten e sotme gjykata i mori ne administrim p\u00ebr t\u2019ia njoftuar K\u00ebshilli t\u00eb Ministrave dhe K\u00ebshilli Komb\u00ebtar t\u00eb Territorit, t\u00eb cil\u00ebt ishin n\u00eb munges\u00eb.<\/p>\n\n\n\n<p>Ju b\u00ebjm\u00eb me dije q\u00eb seanca e radh\u00ebs p\u00ebr Vendimin e K\u00ebshillit t\u00eb Ministrave (VKM) nr. 60 u la p\u00ebr 17 Mars ora 09:00, dhe data p\u00ebr seanc\u00ebn e par\u00eb gjyq\u00ebsore p\u00ebr Vendimin e K\u00ebshillit t\u00eb Ministrave (VKM) nr. 59, dat\u00eb 26.1.2022, \u201cP\u00ebr Miratimin e Ndryshimit t\u00eb Statusit Dhe t\u00eb Sip\u00ebrfaqes s\u00eb Ekosistemeve Natyrore Park Komb\u00ebtar (Kategoria II) t\u00eb Zonave t\u00eb Mbrojtura Mjedisore, \u00ebsht\u00eb p\u00ebrcaktuar m\u00eb 10 Mars ora 09:00.<\/p>\n","protected":false},"excerpt":{"rendered":"<p>M\u00eb 2 Mars 2023, u zhvillua seanca e dyt\u00eb gjyq\u00ebsore p\u00ebr Vendimin e K\u00ebshillit t\u00eb Ministrave (VKM) nr. 60, dat\u00eb [&hellip;]<\/p>\n","protected":false},"author":2,"featured_media":2505,"comment_status":"open","ping_status":"open","sticky":false,"template":"","format":"standard","meta":{"site-sidebar-layout":"default","site-content-layout":"","ast-site-content-layout":"","site-content-style":"default","site-sidebar-style":"default","ast-global-header-display":"","ast-banner-title-visibility":"","ast-main-header-display":"","ast-hfb-above-header-display":"","ast-hfb-below-header-display":"","ast-hfb-mobile-header-display":"","site-post-title":"","ast-breadcrumbs-content":"","ast-featured-img":"","footer-sml-layout":"","theme-transparent-header-meta":"","adv-header-id-meta":"","stick-header-meta":"","header-above-stick-meta":"","header-main-stick-meta":"","header-below-stick-meta":"","astra-migrate-meta-layouts":"default","ast-page-background-enabled":"default","ast-page-background-meta":{"desktop":{"background-color":"var(--ast-global-color-4)","background-image":"","background-repeat":"repeat","background-position":"center center","background-size":"auto","background-attachment":"scroll","background-type":"","background-media":"","overlay-type":"","overlay-color":"","overlay-gradient":""},"tablet":{"background-color":"","background-image":"","background-repeat":"repeat","background-position":"center center","background-size":"auto","background-attachment":"scroll","background-type":"","background-media":"","overlay-type":"","overlay-color":"","overlay-gradient":""},"mobile":{"background-color":"","background-image":"","background-repeat":"repeat","background-position":"center center","background-size":"auto","background-attachment":"scroll","background-type":"","background-media":"","overlay-type":"","overlay-color":"","overlay-gradient":""}},"ast-content-background-meta":{"desktop":{"background-color":"var(--ast-global-color-5)","background-image":"","background-repeat":"repeat","background-position":"center center","background-size":"auto","background-attachment":"scroll","background-type":"","background-media":"","overlay-type":"","overlay-color":"","overlay-gradient":""},"tablet":{"background-color":"var(--ast-global-color-5)","background-image":"","background-repeat":"repeat","background-position":"center center","background-size":"auto","background-attachment":"scroll","background-type":"","background-media":"","overlay-type":"","overlay-color":"","overlay-gradient":""},"mobile":{"background-color":"var(--ast-global-color-5)","background-image":"","background-repeat":"repeat","background-position":"center center","background-size":"auto","background-attachment":"scroll","background-type":"","background-media":"","overlay-type":"","overlay-color":"","overlay-gradient":""}},"footnotes":""},"categories":[6],"tags":[],"_links":{"self":[{"href":"https:\/\/www.respublica.org.al\/web\/index.php?rest_route=\/wp\/v2\/posts\/2504"}],"collection":[{"href":"https:\/\/www.respublica.org.al\/web\/index.php?rest_route=\/wp\/v2\/posts"}],"about":[{"href":"https:\/\/www.respublica.org.al\/web\/index.php?rest_route=\/wp\/v2\/types\/post"}],"author":[{"embeddable":true,"href":"https:\/\/www.respublica.org.al\/web\/index.php?rest_route=\/wp\/v2\/users\/2"}],"replies":[{"embeddable":true,"href":"https:\/\/www.respublica.org.al\/web\/index.php?rest_route=%2Fwp%2Fv2%2Fcomments&post=2504"}],"version-history":[{"count":1,"href":"https:\/\/www.respublica.org.al\/web\/index.php?rest_route=\/wp\/v2\/posts\/2504\/revisions"}],"predecessor-version":[{"id":2506,"href":"https:\/\/www.respublica.org.al\/web\/index.php?rest_route=\/wp\/v2\/posts\/2504\/revisions\/2506"}],"wp:featuredmedia":[{"embeddable":true,"href":"https:\/\/www.respublica.org.al\/web\/index.php?rest_route=\/wp\/v2\/media\/2505"}],"wp:attachment":[{"href":"https:\/\/www.respublica.org.al\/web\/index.php?rest_route=%2Fwp%2Fv2%2Fmedia&parent=2504"}],"wp:term":[{"taxonomy":"category","embeddable":true,"href":"https:\/\/www.respublica.org.al\/web\/index.php?rest_route=%2Fwp%2Fv2%2Fcategories&post=2504"},{"taxonomy":"post_tag","embeddable":true,"href":"https:\/\/www.respublica.org.al\/web\/index.php?rest_route=%2Fwp%2Fv2%2Ftags&post=2504"}],"curies":[{"name":"wp","href":"https:\/\/api.w.org\/{rel}","templated":true}]}}