{"id":2535,"date":"2023-02-21T10:02:00","date_gmt":"2023-02-21T09:02:00","guid":{"rendered":"https:\/\/www.respublica.org.al\/?p=2535"},"modified":"2023-09-22T10:04:59","modified_gmt":"2023-09-22T08:04:59","slug":"zonat-e-mbrojtura-shqiptare-ne-gjykate-zhvillohet-seanca-e-pare-gjyqesore","status":"publish","type":"post","link":"https:\/\/www.respublica.org.al\/web\/?p=2535","title":{"rendered":"Zonat e mbrojtura shqiptare n\u00eb gjykat\u00eb, zhvillohet seanca e par\u00eb gjyq\u00ebsore"},"content":{"rendered":"\n<p>M\u00eb 21 shkurt 2023, u zhvillua seanca e par\u00eb gjyq\u00ebsore p\u00ebr Vendimin e K\u00ebshillit t\u00eb Ministrave (VKM) nr. 60, dat\u00eb 26.1.2022, \u201cP\u00ebr Shpalljen e Ekosistemeve Natyrore, Rezervave Natyrore\/Parqeve Natyrore t\u00eb Menaxhuara (Kategoria IV), n\u00eb Gjykat\u00ebn Administrative t\u00eb Apelit, ku 11 Organizata t\u00eb Shoq\u00ebris\u00eb Civile Mjedisore Shqiptare kan\u00eb paditur autoritetet publike p\u00ebr shfuqizimin e vendimit t\u00eb K\u00ebshillit t\u00eb Ministrave nr. 59 dhe nr. 60.<\/p>\n\n\n\n<p>N\u00eb seanc\u00eb morr\u00ebn pjes\u00eb nga pala padit\u00ebse avokati Franc Terihati CLE, avokati Dorian Matlija Res Publica dhe Besjana Shehu AOSALB, nd\u00ebrsa nga pala e paditur, K\u00ebshilli i Ministrave dhe K\u00ebshilli Komb\u00ebtar i Territorit nuk u paraqit asnj\u00eb p\u00ebrfaq\u00ebsues dhe nuk u paraqit\u00ebn prap\u00ebsime dhe prova p\u00ebr t\u00eb kund\u00ebrshtuar pretendimet e parashtruara n\u00eb padi. Seanca ishte p\u00ebrgatitore ku n\u00eb fokus ishte shqyrtimi i dokumentacionit p\u00ebrkat\u00ebs dhe legjitimimi i pal\u00ebve.<\/p>\n\n\n\n<p>E nd\u00ebrsa seanca e radh\u00ebs p\u00ebr VKM nr. 60 u la p\u00ebr 2 Mars, data p\u00ebr seanc\u00ebn e par\u00eb gjyq\u00ebsore p\u00ebr Vendimin e K\u00ebshillit t\u00eb Ministrave (VKM) nr. 59, dat\u00eb 26.1.2022, \u201cP\u00ebr Miratimin e Ndryshimit t\u00eb Statusit Dhe t\u00eb Sip\u00ebrfaqes s\u00eb Ekosistemeve Natyrore Park Komb\u00ebtar (Kategoria II) t\u00eb Zonave t\u00eb Mbrojtura Mjedisore, \u00ebsht\u00eb p\u00ebrcaktuar m\u00eb 10 Mars.<\/p>\n\n\n\n<p>T\u00eb dyja vendimet p\u00ebrmbajn\u00eb shkelje ligjore, m\u00eb konkretisht Avokati Franc Terihati shprehet q\u00eb \u201cVendimet jan\u00eb miratuar pa u zbatuar procedura e konsultimit me komunitetet e c\u00ebnuara, OSHC, akademik\u00ebt dhe nj\u00ebsit\u00eb e qeverisjes vendore jan\u00eb anashkaluar t\u00ebr\u00ebsisht nga dh\u00ebnia e opinionit n\u00eb lidhje me k\u00ebt\u00eb proces. Gjithashtu, nuk jan\u00eb zbatuar detyrimet e parashikuara n\u00eb kuadrin ligjor q\u00eb ka n\u00eb fokus mbrojtjen ne mjedisit, ku nd\u00ebr t\u00eb tjera theksojm\u00eb: Miratimin e akteve n\u00eb munges\u00eb t\u00eb Planit Specifik i T\u00ebr\u00ebsis\u00eb s\u00eb Zonave t\u00eb Mbrojtura; Inicimin e procedur\u00ebs p\u00ebr ndryshimin e kufijve t\u00eb Zonave t\u00eb Mbrojtura dhe zonimin e tyre nga Agjencia Komb\u00ebtare e Zonave t\u00eb Mbrojtura, nd\u00ebrkoh\u00eb q\u00eb \u00ebsht\u00eb n\u00eb kompetenc\u00eb t\u00eb Ministris\u00eb s\u00eb Turizmit dhe Mjedisit, aktet jan\u00eb miratuar n\u00eb munges\u00eb t\u00eb nj\u00eb Vler\u00ebsimi t\u00eb Ndikimit n\u00eb Mjedis, etj. Miratimi i ndryshimin e sip\u00ebrfaqeve dhe kufijve t\u00eb Zonave t\u00eb Mbrojtura, ndryshimi i statusit dhe heqja e tyre, nuk mund t\u00eb b\u00ebhej n\u00eb t\u00ebr\u00ebsi p\u00ebr t\u00eb gjith\u00eb territorin e Republik\u00ebs s\u00eb Shqip\u00ebris\u00eb por duke marr\u00eb parasysh q\u00eb secila zon\u00eb ka specifikat dhe karakteristikat e saj, faun\u00ebn dhe flor\u00ebn, dhe n\u00eb k\u00ebt\u00eb m\u00ebnyr\u00eb k\u00ebrkohet nj\u00eb analiz\u00eb e detajuar p\u00ebr secil\u00ebn zon\u00eb\u201d.<\/p>\n\n\n\n<p>Avokati Dorian Matlija shprehet q\u00eb \u201cNdryshimi i statusit, heqja nga kategoria dhe ndryshimi sip\u00ebrfaqes dhe kufijve p\u00ebr Zonat e Mbrojtura \u00ebsht\u00eb b\u00ebr\u00eb n\u00eb kund\u00ebrshtim flagrant me ligjin, pa nj\u00eb hetim dhe vler\u00ebsim t\u00eb thell\u00eb dhe t\u00eb detajuar, nuk jan\u00eb respektuar procedurat e parashikuara n\u00eb aktet ligjore, nj\u00ebsit\u00eb e qeverisjes vendore jan\u00eb anashkaluar t\u00ebr\u00ebsisht nga dh\u00ebnia e opinionit n\u00eb lidhje me k\u00ebt\u00eb proces, nuk \u00ebsht\u00eb marr\u00eb parasysh opinioni i akademik\u00ebve, ekspert\u00ebve t\u00eb fush\u00ebs, organiztatave t\u00eb shoq\u00ebris\u00eb civile, si rrjedhoj\u00eb aktet objekt gjykimi duhet t\u00eb shfuqizohen pasi mund t\u00eb sjellin d\u00ebme t\u00eb parikuperueshme n\u00eb mjedis.\u201d<\/p>\n\n\n\n<p>Ajo q\u00eb pritet t\u00eb zhvillohet potencialisht n\u00eb k\u00ebto sip\u00ebrfaqe t\u00eb reduktuara, \u00ebsht\u00eb z\u00ebnia e habitateve me bujq\u00ebsi intensive, me industri mb\u00ebshtet\u00ebse p\u00ebr bujq\u00ebsin\u00eb, me nd\u00ebrtime e zona t\u00eb reja urbane, humbje t\u00eb sip\u00ebrfaqes \u201cbuffer zone\u201d si dhe humbje e fragmentim t\u00eb habitateve. Kjo do t\u00eb ket\u00eb ndikim n\u00eb integritetin ekologjik dhe natyralitetin e gjith\u00eb ZM-ve duke p\u00ebrkeq\u00ebsuar habitate e specie prioritare n\u00ebp\u00ebrmjet p\u00ebrkeq\u00ebsimit t\u00eb cil\u00ebsis\u00eb s\u00eb uj\u00ebrave, pak\u00ebsimit t\u00eb resurseve p\u00ebr ushqim e folezim, shqet\u00ebsimit t\u00eb shtuar etj; shprehet eksperti Taulant Bino.<\/p>\n\n\n\n<p>Nisur nga kjo iniciative gjithashtu edhe n\u00eb vazhdim\u00ebsi t\u00eb Forumit t\u00eb dat\u00ebs 26 Janar, 52 Organizata t\u00eb Shoq\u00ebris\u00eb Civile, komb\u00ebtare dhe nd\u00ebrkomb\u00ebtare, q\u00eb veprojm\u00eb n\u00eb fush\u00ebn e mbrojtjes s\u00eb natyr\u00ebs, institucione akademike-k\u00ebrkimore t\u00eb shkencave t\u00eb natyr\u00ebs, k\u00ebrkojn\u00eb nga institucionet politik\u00eb-b\u00ebr\u00ebse\/vendimmarr\u00ebse dhe ato ligjzbatuese t\u00eb vendit q\u00eb \u00e7\u00ebshtja e ruajtjes s\u00eb natyr\u00ebs t\u00eb kthehet n\u00eb p\u00ebrpar\u00ebsi.<\/p>\n","protected":false},"excerpt":{"rendered":"<p>M\u00eb 21 shkurt 2023, u zhvillua seanca e par\u00eb gjyq\u00ebsore p\u00ebr Vendimin e K\u00ebshillit t\u00eb Ministrave (VKM) nr. 60, dat\u00eb [&hellip;]<\/p>\n","protected":false},"author":2,"featured_media":2484,"comment_status":"open","ping_status":"open","sticky":false,"template":"","format":"standard","meta":{"site-sidebar-layout":"default","site-content-layout":"","ast-site-content-layout":"","site-content-style":"default","site-sidebar-style":"default","ast-global-header-display":"","ast-banner-title-visibility":"","ast-main-header-display":"","ast-hfb-above-header-display":"","ast-hfb-below-header-display":"","ast-hfb-mobile-header-display":"","site-post-title":"","ast-breadcrumbs-content":"","ast-featured-img":"","footer-sml-layout":"","theme-transparent-header-meta":"","adv-header-id-meta":"","stick-header-meta":"","header-above-stick-meta":"","header-main-stick-meta":"","header-below-stick-meta":"","astra-migrate-meta-layouts":"default","ast-page-background-enabled":"default","ast-page-background-meta":{"desktop":{"background-color":"var(--ast-global-color-4)","background-image":"","background-repeat":"repeat","background-position":"center center","background-size":"auto","background-attachment":"scroll","background-type":"","background-media":"","overlay-type":"","overlay-color":"","overlay-gradient":""},"tablet":{"background-color":"","background-image":"","background-repeat":"repeat","background-position":"center center","background-size":"auto","background-attachment":"scroll","background-type":"","background-media":"","overlay-type":"","overlay-color":"","overlay-gradient":""},"mobile":{"background-color":"","background-image":"","background-repeat":"repeat","background-position":"center center","background-size":"auto","background-attachment":"scroll","background-type":"","background-media":"","overlay-type":"","overlay-color":"","overlay-gradient":""}},"ast-content-background-meta":{"desktop":{"background-color":"var(--ast-global-color-5)","background-image":"","background-repeat":"repeat","background-position":"center center","background-size":"auto","background-attachment":"scroll","background-type":"","background-media":"","overlay-type":"","overlay-color":"","overlay-gradient":""},"tablet":{"background-color":"var(--ast-global-color-5)","background-image":"","background-repeat":"repeat","background-position":"center center","background-size":"auto","background-attachment":"scroll","background-type":"","background-media":"","overlay-type":"","overlay-color":"","overlay-gradient":""},"mobile":{"background-color":"var(--ast-global-color-5)","background-image":"","background-repeat":"repeat","background-position":"center center","background-size":"auto","background-attachment":"scroll","background-type":"","background-media":"","overlay-type":"","overlay-color":"","overlay-gradient":""}},"footnotes":""},"categories":[6],"tags":[],"_links":{"self":[{"href":"https:\/\/www.respublica.org.al\/web\/index.php?rest_route=\/wp\/v2\/posts\/2535"}],"collection":[{"href":"https:\/\/www.respublica.org.al\/web\/index.php?rest_route=\/wp\/v2\/posts"}],"about":[{"href":"https:\/\/www.respublica.org.al\/web\/index.php?rest_route=\/wp\/v2\/types\/post"}],"author":[{"embeddable":true,"href":"https:\/\/www.respublica.org.al\/web\/index.php?rest_route=\/wp\/v2\/users\/2"}],"replies":[{"embeddable":true,"href":"https:\/\/www.respublica.org.al\/web\/index.php?rest_route=%2Fwp%2Fv2%2Fcomments&post=2535"}],"version-history":[{"count":1,"href":"https:\/\/www.respublica.org.al\/web\/index.php?rest_route=\/wp\/v2\/posts\/2535\/revisions"}],"predecessor-version":[{"id":2536,"href":"https:\/\/www.respublica.org.al\/web\/index.php?rest_route=\/wp\/v2\/posts\/2535\/revisions\/2536"}],"wp:featuredmedia":[{"embeddable":true,"href":"https:\/\/www.respublica.org.al\/web\/index.php?rest_route=\/wp\/v2\/media\/2484"}],"wp:attachment":[{"href":"https:\/\/www.respublica.org.al\/web\/index.php?rest_route=%2Fwp%2Fv2%2Fmedia&parent=2535"}],"wp:term":[{"taxonomy":"category","embeddable":true,"href":"https:\/\/www.respublica.org.al\/web\/index.php?rest_route=%2Fwp%2Fv2%2Fcategories&post=2535"},{"taxonomy":"post_tag","embeddable":true,"href":"https:\/\/www.respublica.org.al\/web\/index.php?rest_route=%2Fwp%2Fv2%2Ftags&post=2535"}],"curies":[{"name":"wp","href":"https:\/\/api.w.org\/{rel}","templated":true}]}}