{"id":2537,"date":"2022-10-13T10:06:00","date_gmt":"2022-10-13T08:06:00","guid":{"rendered":"https:\/\/www.respublica.org.al\/?p=2537"},"modified":"2023-09-22T10:15:01","modified_gmt":"2023-09-22T08:15:01","slug":"ne-fillim-te-javes-koalicioni-organizatave-te-shoqerise-civile-mjedisore-zhvilluan-takimin-e-dyte-keshillues-me-aktoret-lokal-ne-shkoder","status":"publish","type":"post","link":"https:\/\/www.respublica.org.al\/web\/?p=2537","title":{"rendered":"Zonat e Mbrojtura: diskutim me aktor\u00ebt lokal\u00eb mbi problematikat e vendimmarrjes"},"content":{"rendered":"\n<p>N\u00eb fillim t\u00eb jav\u00ebs, Koalicioni Organizatave t\u00eb Shoq\u00ebris\u00eb Civile Mjedisore, zhvilluan takimin e dyt\u00eb k\u00ebshillues me aktor\u00ebt lokal n\u00eb Shkod\u00ebr. N\u00eb k\u00ebt\u00eb takim mor\u00ebn pjes\u00eb p\u00ebrfaq\u00ebsues nga Administrata Rajonale e Zonave t\u00eb Mbrojtura Shkod\u00ebr, p\u00ebrfaq\u00ebsues nga Departamenti i Mjedisit dhe Planifikimit Strategjik pran\u00eb Bashkis\u00eb Shkod\u00ebr, Fakulteti i Shkencave t\u00eb Natyr\u00ebs pran\u00eb Universitetit te Shkodr\u00ebs dhe organizatave t\u00eb shoq\u00ebris\u00eb civile lokale.<\/p>\n\n\n\n<p>Diskutimi me aktor\u00ebt lokal u p\u00ebrq\u00ebndrua n\u00eb problematikat e vendimarrjes p\u00ebr rishikimin dhe rizonimin e Zonave t\u00eb Mbrojtura. Konkretisht n\u00eb drejtim t\u00eb:<\/p>\n\n\n\n<p>1. Impaktit t\u00eb pritsh\u00ebm n\u00eb integritetin biologjik dhe social-ekonomik lokal n\u00eb ZM-t\u00eb, vecan\u00ebrisht n\u00eb Rezervatin Natyror t\u00eb Menaxhuar (RNM) \u201cLiqeni i Shkodr\u00ebs\u201d;<\/p>\n\n\n\n<p>2. Trendeve dhe hart\u00ebzimit t\u00eb eksponent\u00ebve zhvillimor jo t\u00eb q\u00ebndruesh\u00ebm n\u00eb zon\u00eb;<\/p>\n\n\n\n<p>3. Diskutime rreth procesit konsultativ t\u00eb nd\u00ebrmarr\u00eb nga autoritetet publike.<\/p>\n\n\n\n<p>N\u00eb Janar 2022 jan\u00eb miratuar dy Vendime t\u00eb K\u00ebshillit t\u00eb Ministrave, VKM Nr. 59 dhe VKM Nr. 60, t\u00eb cilat ndryshojn\u00eb kufijt\u00eb dhe zonimin e ZM-ve, kategoria e II dhe IV, n\u00eb t\u00eb gjith\u00eb territorin e vendit. N\u00eb rajonin e Shkodr\u00ebs, ky ndryshim ka sjell\u00eb heqjen e rreth 2920 ha nga ZM Liqeni i Shkodr\u00ebs dhe jan\u00eb bashkuar Zonat e Mbrojtura n\u00eb rajonin e Alpeve t\u00eb Shqip\u00ebris\u00eb, ku rizonimi ka sjell\u00eb jo pak ndryshime n\u00eb drejtim t\u00eb ekspozimit te tyre ndaj zhvillimeve jo t\u00eb q\u00ebndrueshme.<\/p>\n\n\n\n<figure class=\"wp-block-gallery has-nested-images columns-default is-cropped wp-block-gallery-1 is-layout-flex wp-block-gallery-is-layout-flex\">\n<figure class=\"wp-block-image size-large\"><a href=\"https:\/\/www.respublica.org.al\/wp-content\/uploads\/2023\/09\/311586536_5535430509871149_5877379166166014909_n.jpg\"><img fetchpriority=\"high\" decoding=\"async\" width=\"1024\" height=\"484\" data-id=\"2539\" src=\"https:\/\/www.respublica.org.al\/wp-content\/uploads\/2023\/09\/311586536_5535430509871149_5877379166166014909_n-1024x484.jpg\" alt=\"\" class=\"wp-image-2539\" srcset=\"https:\/\/www.respublica.org.al\/web\/wp-content\/uploads\/2023\/09\/311586536_5535430509871149_5877379166166014909_n-1024x484.jpg 1024w, https:\/\/www.respublica.org.al\/web\/wp-content\/uploads\/2023\/09\/311586536_5535430509871149_5877379166166014909_n-300x142.jpg 300w, https:\/\/www.respublica.org.al\/web\/wp-content\/uploads\/2023\/09\/311586536_5535430509871149_5877379166166014909_n-768x363.jpg 768w, https:\/\/www.respublica.org.al\/web\/wp-content\/uploads\/2023\/09\/311586536_5535430509871149_5877379166166014909_n-1536x727.jpg 1536w, https:\/\/www.respublica.org.al\/web\/wp-content\/uploads\/2023\/09\/311586536_5535430509871149_5877379166166014909_n-750x355.jpg 750w, https:\/\/www.respublica.org.al\/web\/wp-content\/uploads\/2023\/09\/311586536_5535430509871149_5877379166166014909_n-1140x539.jpg 1140w, https:\/\/www.respublica.org.al\/web\/wp-content\/uploads\/2023\/09\/311586536_5535430509871149_5877379166166014909_n.jpg 1600w\" sizes=\"(max-width: 1024px) 100vw, 1024px\" \/><\/a><\/figure>\n\n\n\n<figure class=\"wp-block-image size-large\"><a href=\"https:\/\/www.respublica.org.al\/wp-content\/uploads\/2023\/09\/311776994_5535430536537813_3252283842055177688_n.jpg\"><img decoding=\"async\" width=\"1024\" height=\"484\" data-id=\"2538\" src=\"https:\/\/www.respublica.org.al\/wp-content\/uploads\/2023\/09\/311776994_5535430536537813_3252283842055177688_n-1024x484.jpg\" alt=\"\" class=\"wp-image-2538\" srcset=\"https:\/\/www.respublica.org.al\/web\/wp-content\/uploads\/2023\/09\/311776994_5535430536537813_3252283842055177688_n-1024x484.jpg 1024w, https:\/\/www.respublica.org.al\/web\/wp-content\/uploads\/2023\/09\/311776994_5535430536537813_3252283842055177688_n-300x142.jpg 300w, https:\/\/www.respublica.org.al\/web\/wp-content\/uploads\/2023\/09\/311776994_5535430536537813_3252283842055177688_n-768x363.jpg 768w, https:\/\/www.respublica.org.al\/web\/wp-content\/uploads\/2023\/09\/311776994_5535430536537813_3252283842055177688_n-1536x727.jpg 1536w, https:\/\/www.respublica.org.al\/web\/wp-content\/uploads\/2023\/09\/311776994_5535430536537813_3252283842055177688_n-750x355.jpg 750w, https:\/\/www.respublica.org.al\/web\/wp-content\/uploads\/2023\/09\/311776994_5535430536537813_3252283842055177688_n-1140x539.jpg 1140w, https:\/\/www.respublica.org.al\/web\/wp-content\/uploads\/2023\/09\/311776994_5535430536537813_3252283842055177688_n.jpg 1600w\" sizes=\"(max-width: 1024px) 100vw, 1024px\" \/><\/a><\/figure>\n<\/figure>\n","protected":false},"excerpt":{"rendered":"<p>N\u00eb fillim t\u00eb jav\u00ebs, Koalicioni Organizatave t\u00eb Shoq\u00ebris\u00eb Civile Mjedisore, zhvilluan takimin e dyt\u00eb k\u00ebshillues me aktor\u00ebt lokal n\u00eb Shkod\u00ebr. [&hellip;]<\/p>\n","protected":false},"author":2,"featured_media":2540,"comment_status":"open","ping_status":"open","sticky":false,"template":"","format":"standard","meta":{"site-sidebar-layout":"default","site-content-layout":"","ast-site-content-layout":"","site-content-style":"default","site-sidebar-style":"default","ast-global-header-display":"","ast-banner-title-visibility":"","ast-main-header-display":"","ast-hfb-above-header-display":"","ast-hfb-below-header-display":"","ast-hfb-mobile-header-display":"","site-post-title":"","ast-breadcrumbs-content":"","ast-featured-img":"","footer-sml-layout":"","theme-transparent-header-meta":"","adv-header-id-meta":"","stick-header-meta":"","header-above-stick-meta":"","header-main-stick-meta":"","header-below-stick-meta":"","astra-migrate-meta-layouts":"default","ast-page-background-enabled":"default","ast-page-background-meta":{"desktop":{"background-color":"var(--ast-global-color-4)","background-image":"","background-repeat":"repeat","background-position":"center center","background-size":"auto","background-attachment":"scroll","background-type":"","background-media":"","overlay-type":"","overlay-color":"","overlay-gradient":""},"tablet":{"background-color":"","background-image":"","background-repeat":"repeat","background-position":"center center","background-size":"auto","background-attachment":"scroll","background-type":"","background-media":"","overlay-type":"","overlay-color":"","overlay-gradient":""},"mobile":{"background-color":"","background-image":"","background-repeat":"repeat","background-position":"center center","background-size":"auto","background-attachment":"scroll","background-type":"","background-media":"","overlay-type":"","overlay-color":"","overlay-gradient":""}},"ast-content-background-meta":{"desktop":{"background-color":"var(--ast-global-color-5)","background-image":"","background-repeat":"repeat","background-position":"center center","background-size":"auto","background-attachment":"scroll","background-type":"","background-media":"","overlay-type":"","overlay-color":"","overlay-gradient":""},"tablet":{"background-color":"var(--ast-global-color-5)","background-image":"","background-repeat":"repeat","background-position":"center center","background-size":"auto","background-attachment":"scroll","background-type":"","background-media":"","overlay-type":"","overlay-color":"","overlay-gradient":""},"mobile":{"background-color":"var(--ast-global-color-5)","background-image":"","background-repeat":"repeat","background-position":"center center","background-size":"auto","background-attachment":"scroll","background-type":"","background-media":"","overlay-type":"","overlay-color":"","overlay-gradient":""}},"footnotes":""},"categories":[6],"tags":[],"_links":{"self":[{"href":"https:\/\/www.respublica.org.al\/web\/index.php?rest_route=\/wp\/v2\/posts\/2537"}],"collection":[{"href":"https:\/\/www.respublica.org.al\/web\/index.php?rest_route=\/wp\/v2\/posts"}],"about":[{"href":"https:\/\/www.respublica.org.al\/web\/index.php?rest_route=\/wp\/v2\/types\/post"}],"author":[{"embeddable":true,"href":"https:\/\/www.respublica.org.al\/web\/index.php?rest_route=\/wp\/v2\/users\/2"}],"replies":[{"embeddable":true,"href":"https:\/\/www.respublica.org.al\/web\/index.php?rest_route=%2Fwp%2Fv2%2Fcomments&post=2537"}],"version-history":[{"count":2,"href":"https:\/\/www.respublica.org.al\/web\/index.php?rest_route=\/wp\/v2\/posts\/2537\/revisions"}],"predecessor-version":[{"id":2543,"href":"https:\/\/www.respublica.org.al\/web\/index.php?rest_route=\/wp\/v2\/posts\/2537\/revisions\/2543"}],"wp:featuredmedia":[{"embeddable":true,"href":"https:\/\/www.respublica.org.al\/web\/index.php?rest_route=\/wp\/v2\/media\/2540"}],"wp:attachment":[{"href":"https:\/\/www.respublica.org.al\/web\/index.php?rest_route=%2Fwp%2Fv2%2Fmedia&parent=2537"}],"wp:term":[{"taxonomy":"category","embeddable":true,"href":"https:\/\/www.respublica.org.al\/web\/index.php?rest_route=%2Fwp%2Fv2%2Fcategories&post=2537"},{"taxonomy":"post_tag","embeddable":true,"href":"https:\/\/www.respublica.org.al\/web\/index.php?rest_route=%2Fwp%2Fv2%2Ftags&post=2537"}],"curies":[{"name":"wp","href":"https:\/\/api.w.org\/{rel}","templated":true}]}}