{"id":2791,"date":"2023-11-01T11:15:36","date_gmt":"2023-11-01T10:15:36","guid":{"rendered":"https:\/\/www.respublica.org.al\/?p=2791"},"modified":"2023-11-01T11:17:52","modified_gmt":"2023-11-01T10:17:52","slug":"njoftim-per-shtyp-organizatat-mjedisore-dhe-ligjore-fitojne-betejen-e-pare-ne-gjykate-ate-te-legjitimimit-per-te-kundershtuar-gjyqesisht-vendimet-e-keshillit-te-ministrave-qe-zvogeluan-siperfaqe-me","status":"publish","type":"post","link":"https:\/\/www.respublica.org.al\/web\/?p=2791","title":{"rendered":"Fitohet beteja e par\u00eb n\u00eb gjykat\u00eb p\u00ebr legjitimimin p\u00ebr t\u00eb kund\u00ebrshtuar gjyq\u00ebsisht VKM q\u00eb zvog\u00ebluan sip\u00ebrfaqe nga Zonat e Mbrojtura, pasuri komb\u00ebtare."},"content":{"rendered":"\n<p><strong>NJOFTIM P\u00cbR SHTYP: Organizatat mjedisore dhe ligjore fitojn\u00eb betej\u00ebn e par\u00eb n\u00eb gjykat\u00eb, at\u00eb t\u00eb legjitimimit p\u00ebr t\u00eb kund\u00ebrshtuar gjyq\u00ebsisht Vendimet e K\u00ebshillit t\u00eb Ministrave q\u00eb zvog\u00ebluan sip\u00ebrfaqe me vler\u00eb nga Zonat e Mbrojtura, pasuri komb\u00ebtare.<\/strong><\/p>\n\n\n\n<p>Nj\u00eb hap i drejt\u00eb p\u00ebr mbrojtjen e mjedisit dhe trash\u00ebgimis\u00eb son\u00eb t\u00eb burimeve natyrore, Gjykata Administrative e Apelit ka pranuar t\u00eb legjitimoj\u00eb 11 organizata t\u00eb shoq\u00ebris\u00eb civile, t\u00eb njohura p\u00ebr aktivitetin e tyre pro mjedisit, p\u00ebr t\u00eb kund\u00ebrshtuar vendimet q\u00eb kan\u00eb zvog\u00ebluar sip\u00ebrfaqet dhe kan\u00eb ulur statusin e disa prej Zonave t\u00eb Mbrojtura t\u00eb vendit ton\u00eb.<\/p>\n\n\n\n<p>Dy nga Vendimet q\u00eb jan\u00eb kund\u00ebrshtuar gjyq\u00ebsisht, VKM nr. 59, dat\u00eb 26.01.2022, &#8220;P\u00ebr Miratimin e Ndryshimit t\u00eb Statusit dhe Sip\u00ebrfaqes s\u00eb Ekosistemeve Natyrore t\u00eb Parkut Komb\u00ebtar (Kategoria II) t\u00eb Zonave t\u00eb Mbrojtura Mjedisore&#8221; dhe VKM nr. 60, dat\u00eb 26.1.2022, &#8220;P\u00ebr Shpalljen e Ekosistemeve Natyrore, Rezervave Natyrore t\u00eb Parkut t\u00eb Menaxhuar\/Natyral (Kategoria IV), si dhe Miratimin e Ndryshimit t\u00eb Statusit t\u00eb Sip\u00ebrfaqeve Ekzistuese t\u00eb Zonave t\u00eb Mbrojtura q\u00eb i p\u00ebrkasin k\u00ebsaj Kategorie&#8221;, kan\u00eb ngritur shqet\u00ebsime t\u00eb m\u00ebdha p\u00ebr OSHC-t\u00eb mjedisore dhe publikun e gjer\u00eb, lidhur me pasojat afatgjata p\u00ebr Zonat e Mbrojtura. Me njohjen e legjitimitetit t\u00eb 11 organizatava, gjykata njeh r\u00ebnd\u00ebsin\u00eb e z\u00ebrit t\u00eb shoq\u00ebris\u00eb civile n\u00eb \u00e7\u00ebshtjet e interesit komb\u00ebtar mjedisor.<\/p>\n\n\n\n<p>Organizatat 11 t\u00eb shoq\u00ebris\u00eb civile q\u00eb jan\u00eb pal\u00eb t\u00eb padis\u00eb dhe t\u00eb autorizuara p\u00ebr t\u00eb ndjekur keto \u00e7\u00ebshtje jan\u00eb:<\/p>\n\n\n\n<ol type=\"1\">\n<li>AOS ALB<\/li>\n\n\n\n<li>ECO ALBANIA<\/li>\n\n\n\n<li>PPNEA<\/li>\n\n\n\n<li>EDEN<\/li>\n\n\n\n<li>MILIEKONTAKT<\/li>\n\n\n\n<li>REC<\/li>\n\n\n\n<li>IMPETUS<\/li>\n\n\n\n<li>ACEG<\/li>\n\n\n\n<li>KUJRI<\/li>\n\n\n\n<li>RES PUBLICA<\/li>\n\n\n\n<li>QENDRA P\u00cbR FUQIZIMIN LIGJOR<\/li>\n<\/ol>\n\n\n\n<p>Qendra ligjore Res Publica, n\u00eb bashk\u00ebpunim me organizatat e p\u00ebrmendura t\u00eb shoq\u00ebris\u00eb civile, fton publikun dhe \u00e7do pal\u00eb tjet\u00ebr t\u00eb interesuar t\u00eb mb\u00ebshtesin dhe t\u00eb marrin pjes\u00eb aktivisht n\u00eb k\u00ebt\u00eb litigim strategjik. Duke synuar sundimin e ligjit, transparenc\u00ebn, llogari-dh\u00ebnien dhe mir\u00eb-qeverisjen dhe duke shqyrtuar k\u00ebto vendime n\u00eb drit\u00ebn e lup\u00ebn e kuadrit ligjor ekzistues mjedisor dhe konventave nd\u00ebrkomb\u00ebtare, synojm\u00eb t\u00eb mbrojm\u00eb t\u00eb drejtat e trash\u00ebgueshme p\u00ebr t\u00eb ruajtur dhe shijuar pasurit\u00eb tona natyrore p\u00ebr brezat e tanish\u00ebm dhe t\u00eb ardhsh\u00ebm.<\/p>\n\n\n\n<hr class=\"wp-block-separator has-alpha-channel-opacity\"\/>\n\n\n\n<p>A rightful step towards protecting our environment and our heritage of natural resources, the Administrative Court of Appeals has accepted to legitimize 11 civil society organizations, known for their pro-environmental activities, to challenge the decisions that have reduced areas and lowered the status of some of our country&#8217;s Protected Areas.<\/p>\n\n\n\n<p>Two of the Decisions that have been legally challenged, DCM no. 59, dated 26.01.2022, &#8220;On the Approval of the Change of Status and Area of Natural Ecosystems of the National Park (Category II) of the Environmental Protected Areas&#8221; and DCM no. 60, dated 26.1.2022, &#8220;On the Declaration of Natural Ecosystems, Natural Reserves of the Managed\/Natural Park (Category IV), and the Approval of the Change of Status of Existing Areas of Protected Areas belonging to this Category&#8221;, have raised significant concerns for environmental CSOs, and the general public, regarding the long-term consequences for Protected Areas. By recognizing the legitimacy of the 11 organizations, the court acknowledges the importance of the voice of civil society in national environmental issues.<\/p>\n\n\n\n<p>The 11 civil society organizations that are parties to the lawsuit and authorized to pursue these matters are:<\/p>\n\n\n\n<ol type=\"1\">\n<li>AOS ALB<\/li>\n\n\n\n<li>ECO ALBANIA<\/li>\n\n\n\n<li>PPNEA<\/li>\n\n\n\n<li>EDEN<\/li>\n\n\n\n<li>MILIEKONTAKT<\/li>\n\n\n\n<li>REC<\/li>\n\n\n\n<li>IMPETUS<\/li>\n\n\n\n<li>ACEG<\/li>\n\n\n\n<li>KUJRI<\/li>\n\n\n\n<li>RES PUBLICA<\/li>\n\n\n\n<li>CENTER FOR LEGAL EMPOWERMENT<\/li>\n<\/ol>\n\n\n\n<p>Res Publica legal center, in collaboration with the aforementioned civil society organizations, invites the public and any other interested party to support and actively participate in this strategic litigation. Aiming for the rule of law, transparency, accountability, and good governance, and by reviewing these decisions in the light of the existing environmental legal framework and international conventions, we strive to protect the inalienable rights to preserve and enjoy our natural riches for present and future generations.<\/p>\n","protected":false},"excerpt":{"rendered":"<p>NJOFTIM P\u00cbR SHTYP: Organizatat mjedisore dhe ligjore fitojn\u00eb betej\u00ebn e par\u00eb n\u00eb gjykat\u00eb, at\u00eb t\u00eb legjitimimit p\u00ebr t\u00eb kund\u00ebrshtuar gjyq\u00ebsisht [&hellip;]<\/p>\n","protected":false},"author":2,"featured_media":2792,"comment_status":"open","ping_status":"open","sticky":false,"template":"","format":"standard","meta":{"site-sidebar-layout":"default","site-content-layout":"","ast-site-content-layout":"","site-content-style":"default","site-sidebar-style":"default","ast-global-header-display":"","ast-banner-title-visibility":"","ast-main-header-display":"","ast-hfb-above-header-display":"","ast-hfb-below-header-display":"","ast-hfb-mobile-header-display":"","site-post-title":"","ast-breadcrumbs-content":"","ast-featured-img":"","footer-sml-layout":"","theme-transparent-header-meta":"","adv-header-id-meta":"","stick-header-meta":"","header-above-stick-meta":"","header-main-stick-meta":"","header-below-stick-meta":"","astra-migrate-meta-layouts":"default","ast-page-background-enabled":"default","ast-page-background-meta":{"desktop":{"background-color":"var(--ast-global-color-4)","background-image":"","background-repeat":"repeat","background-position":"center center","background-size":"auto","background-attachment":"scroll","background-type":"","background-media":"","overlay-type":"","overlay-color":"","overlay-gradient":""},"tablet":{"background-color":"","background-image":"","background-repeat":"repeat","background-position":"center center","background-size":"auto","background-attachment":"scroll","background-type":"","background-media":"","overlay-type":"","overlay-color":"","overlay-gradient":""},"mobile":{"background-color":"","background-image":"","background-repeat":"repeat","background-position":"center center","background-size":"auto","background-attachment":"scroll","background-type":"","background-media":"","overlay-type":"","overlay-color":"","overlay-gradient":""}},"ast-content-background-meta":{"desktop":{"background-color":"var(--ast-global-color-5)","background-image":"","background-repeat":"repeat","background-position":"center center","background-size":"auto","background-attachment":"scroll","background-type":"","background-media":"","overlay-type":"","overlay-color":"","overlay-gradient":""},"tablet":{"background-color":"var(--ast-global-color-5)","background-image":"","background-repeat":"repeat","background-position":"center center","background-size":"auto","background-attachment":"scroll","background-type":"","background-media":"","overlay-type":"","overlay-color":"","overlay-gradient":""},"mobile":{"background-color":"var(--ast-global-color-5)","background-image":"","background-repeat":"repeat","background-position":"center center","background-size":"auto","background-attachment":"scroll","background-type":"","background-media":"","overlay-type":"","overlay-color":"","overlay-gradient":""}},"footnotes":""},"categories":[6,3],"tags":[],"_links":{"self":[{"href":"https:\/\/www.respublica.org.al\/web\/index.php?rest_route=\/wp\/v2\/posts\/2791"}],"collection":[{"href":"https:\/\/www.respublica.org.al\/web\/index.php?rest_route=\/wp\/v2\/posts"}],"about":[{"href":"https:\/\/www.respublica.org.al\/web\/index.php?rest_route=\/wp\/v2\/types\/post"}],"author":[{"embeddable":true,"href":"https:\/\/www.respublica.org.al\/web\/index.php?rest_route=\/wp\/v2\/users\/2"}],"replies":[{"embeddable":true,"href":"https:\/\/www.respublica.org.al\/web\/index.php?rest_route=%2Fwp%2Fv2%2Fcomments&post=2791"}],"version-history":[{"count":2,"href":"https:\/\/www.respublica.org.al\/web\/index.php?rest_route=\/wp\/v2\/posts\/2791\/revisions"}],"predecessor-version":[{"id":2795,"href":"https:\/\/www.respublica.org.al\/web\/index.php?rest_route=\/wp\/v2\/posts\/2791\/revisions\/2795"}],"wp:featuredmedia":[{"embeddable":true,"href":"https:\/\/www.respublica.org.al\/web\/index.php?rest_route=\/wp\/v2\/media\/2792"}],"wp:attachment":[{"href":"https:\/\/www.respublica.org.al\/web\/index.php?rest_route=%2Fwp%2Fv2%2Fmedia&parent=2791"}],"wp:term":[{"taxonomy":"category","embeddable":true,"href":"https:\/\/www.respublica.org.al\/web\/index.php?rest_route=%2Fwp%2Fv2%2Fcategories&post=2791"},{"taxonomy":"post_tag","embeddable":true,"href":"https:\/\/www.respublica.org.al\/web\/index.php?rest_route=%2Fwp%2Fv2%2Ftags&post=2791"}],"curies":[{"name":"wp","href":"https:\/\/api.w.org\/{rel}","templated":true}]}}