{"id":2797,"date":"2023-11-07T16:03:02","date_gmt":"2023-11-07T15:03:02","guid":{"rendered":"https:\/\/www.respublica.org.al\/?p=2797"},"modified":"2023-11-07T16:03:05","modified_gmt":"2023-11-07T15:03:05","slug":"sqarim-per-mediat-nga-shoqata-e-familjareve-te-viktimave-te-gerdecit-per-domethenien-e-vendimit-te-strasburgut","status":"publish","type":"post","link":"https:\/\/www.respublica.org.al\/web\/?p=2797","title":{"rendered":"Sqarim p\u00ebr mediat nga Shoqata e Familjar\u00ebve t\u00eb Viktimave t\u00eb G\u00ebrdecit p\u00ebr dometh\u00ebnien e vendimit\u00a0t\u00eb\u00a0Strasburgut"},"content":{"rendered":"\n<p>Shoqata e Familjar\u00ebve t\u00eb Viktimave t\u00eb Shp\u00ebrthimit t\u00eb G\u00ebrdecit mir\u00ebpriti sot vendimin e Gjykat\u00ebs s\u00eb Strasburgut. Ne ndihemi t\u00eb p\u00ebrligjur nga mb\u00ebshtetja q\u00eb kjo gjykat\u00eb supreme i dha dy ankesave tona kryesore dhe konkretisht: Gjyqi penal nuk mund t\u00eb b\u00ebhet pa pjes\u00ebmarrjen ton\u00eb t\u00eb plot\u00eb dhe se autoritetet e hetimit dhe gjykimit kan\u00eb vonuar padrejt\u00ebsisht zbardhjen e plot\u00eb t\u00eb rolit dhe t\u00eb p\u00ebrgjegj\u00ebsis\u00eb penale t\u00eb mundshme t\u00eb ish Ministrit t\u00eb Mbrojtjes. Tashm\u00eb Gjykata e Strasburgut na konfirmoi q\u00eb kemi pasur t\u00eb drejt\u00eb gjat\u00eb gjith\u00eb koh\u00ebs kur drejt\u00ebsia shqiptare na ka shp\u00ebrfillur \u00e7do k\u00ebrkes\u00eb, p\u00ebrpara se ta merrte seriozisht vet\u00ebm drejt\u00ebsia e sotme.<\/p>\n\n\n\n<p>Ne e mir\u00ebprit\u00ebm gjithashtu arsyetimin e Gjykat\u00ebs s\u00eb Strasburgut se tragjedia e G\u00ebrdecit, si n\u00eb impaktin q\u00eb ka pasur n\u00eb historin\u00eb moderne shqiptare, ashtu edhe dhe p\u00ebr provat q\u00eb tashm\u00eb jan\u00eb t\u00eb disponueshme, nuk \u00ebsht\u00eb vet\u00ebm n\u00eb interesin ton\u00eb, por edhe t\u00eb shoq\u00ebris\u00eb shqiptare, q\u00eb t\u00eb gjith\u00eb s\u00eb bashku t\u00eb m\u00ebsojm\u00eb rrethanat e sakta n\u00eb t\u00eb cilat ndodhi ajo dhe \u00e7far\u00eb roli ka pasur n\u00eb t\u00eb Z. Mediu.<\/p>\n\n\n\n<p>Meq\u00ebn\u00ebse gjat\u00eb dit\u00ebs s\u00eb sotme kemi konstatuar interpretime t\u00eb ndryshme t\u00eb k\u00ebsaj \u00e7\u00ebshtjeje, e shohim t\u00eb arsyeshme t\u00eb sqarojm\u00eb dhe k\u00ebrkojm\u00eb nga mediat p\u00ebrkat\u00ebse t\u00eb reflektojn\u00eb mbi sa m\u00eb posht\u00eb:<\/p>\n\n\n\n<ul>\n<li>S\u00eb pari, e drejta kryesore e fituar n\u00eb k\u00ebt\u00eb \u00e7\u00ebshtje \u00ebsht\u00eb pjes\u00ebmarrja aktive e t\u00eb d\u00ebmtuarve n\u00eb procesin penal, duke k\u00ebrkuar marrje provash, pyetje d\u00ebshmitar\u00ebsh, e \u00e7do gj\u00eb tjet\u00ebr q\u00eb pal\u00ebt e tjera n\u00eb proces kan\u00eb t\u00eb drejt\u00eb t\u00eb ushtrojn\u00eb. Hetimi dhe gjykimi penal mund t\u00eb jen\u00eb efektiv kur t\u00eb gjith\u00eb pal\u00ebt p\u00ebrballen me nj\u00ebra-tjetr\u00ebn n\u00eb nj\u00eb proces t\u00eb rregullt q\u00eb zbaton parimin e kontradiktoritetit;<\/li>\n\n\n\n<li>S\u00eb dyti, vendimi i Gjykat\u00ebs s\u00eb Strasburgut vulosi faktin q\u00eb kjo \u00ebsht\u00eb nj\u00eb \u00e7\u00ebshtje e past\u00ebr juridike dhe jo politike ndaj askujt. Zbardhja e plot\u00eb e rolit t\u00eb ish Ministrit t\u00eb Mbrojtjes \u00ebsht\u00eb detyr\u00eb e gjykatave vendase dhe pa realizuar k\u00ebt\u00eb aspekt, shkelja e konstatuar nga Gjykata e Strasburgut nuk riparohet;<\/li>\n\n\n\n<li>S\u00eb treti, t\u00eb respektohet plot\u00ebsisht e drejta e Z. Mediu p\u00ebr prezumimin e pafaj\u00ebsis\u00eb. Q\u00eb nga fillimi dhe deri n\u00eb fund, k\u00ebrkimi yn\u00eb lidhet me zbardhjen e t\u00eb v\u00ebrtet\u00ebs dhe jo me hakmarrje;<\/li>\n\n\n\n<li>S\u00eb kat\u00ebrti, t\u00eb kuptohet q\u00eb d\u00ebmshp\u00ebrblimet e dh\u00ebna nga Gjykata e Strasburgut nuk jan\u00eb p\u00ebr humbjen e jet\u00ebs, nuk z\u00ebvend\u00ebsojn\u00eb asnj\u00eb drejt\u00ebsi t\u00eb mohuar dhe nuk jan\u00eb as n\u00eb fokusin e viktimave, por kjo \u00ebsht\u00eb nj\u00eb m\u00ebnyr\u00eb normale e t\u00eb vepruarit t\u00eb k\u00ebsaj gjykate kur ajo konstaton se ata kan\u00eb kaluar n\u00eb andralla procedurale, pa arritur t\u00eb realizojn\u00eb t\u00eb drejtat e tyre;<\/li>\n\n\n\n<li>S\u00eb fundi, gjetjet dhe arsyetimi i Gjykat\u00ebs s\u00eb Strasburgut jan\u00eb komplekse dhe me shum\u00eb interes p\u00ebr t\u00eb v\u00ebn\u00eb organet vendase t\u00eb drejt\u00ebsis\u00eb p\u00ebrpara nj\u00eb presioni pozitiv p\u00ebr t\u00eb p\u00ebrmbushur t\u00eb drejtat e ligjshme t\u00eb familjar\u00ebve t\u00eb viktimave dhe t\u00eb plagosurve.<\/li>\n<\/ul>\n\n\n\n<p>Gjejm\u00eb rastin q\u00eb t\u00eb shprehim vler\u00ebsimin ton\u00eb pozitiv p\u00ebr Struktur\u00ebn e Posa\u00e7me Anti Korrupsion dhe Gjykat\u00ebn e Posa\u00e7me p\u00ebr Krimin e Organizuar dhe Korrupsionin q\u00eb nis\u00ebn t\u00eb plot\u00ebsonin k\u00ebto t\u00eb drejta (rihapjen e \u00e7\u00ebshtjes dhe lejimin n\u00eb parim t\u00eb ushtrimit t\u00eb rolit aktiv t\u00eb familjar\u00ebve t\u00eb viktimave n\u00eb proces) q\u00eb p\u00ebrpara se Gjykata e Strasburgut t\u2019i theksonte ato n\u00eb akt-gjykimin e sot\u00ebm.<\/p>\n\n\n\n<p>Gjejm\u00eb rastin gjithashtu q\u00eb t\u00eb k\u00ebrkojm\u00eb nga qeveria shqiptare q\u00eb t\u00eb pranoj\u00eb k\u00ebt\u00eb akt-gjykim si t\u00eb drejt\u00eb dhe t\u00eb mos shtyj\u00eb m\u00eb tej procesin n\u00eb Strasburg me ankime t\u00eb m\u00ebtejshme t\u00eb panevojshme. Gjykata e Strasburgut foli dhe tashm\u00eb t\u00eb drejtat e theksuara nga ajo duhen p\u00ebrmbushur t\u00eb plota, pa asnj\u00eb vones\u00eb t\u00eb m\u00ebtejshme, n\u00eb em\u00ebr t\u00eb zbardhjes s\u00eb nj\u00eb tragjedie q\u00eb shteti shqiptar ua ka borxh shtetasve t\u2019ua ofroj\u00eb q\u00eb prej 15 vjet\u00ebsh.<\/p>\n\n\n\n<p><strong><em>Shoqata e Familjar\u00ebve t\u00eb Viktimave t\u00eb Shp\u00ebrthimit t\u00eb G\u00ebrdecit<\/em><\/strong><\/p>\n","protected":false},"excerpt":{"rendered":"<p>Shoqata e Familjar\u00ebve t\u00eb Viktimave t\u00eb Shp\u00ebrthimit t\u00eb G\u00ebrdecit mir\u00ebpriti sot vendimin e Gjykat\u00ebs s\u00eb Strasburgut. Ne ndihemi t\u00eb p\u00ebrligjur [&hellip;]<\/p>\n","protected":false},"author":2,"featured_media":2798,"comment_status":"open","ping_status":"open","sticky":false,"template":"","format":"standard","meta":{"site-sidebar-layout":"default","site-content-layout":"","ast-site-content-layout":"","site-content-style":"default","site-sidebar-style":"default","ast-global-header-display":"","ast-banner-title-visibility":"","ast-main-header-display":"","ast-hfb-above-header-display":"","ast-hfb-below-header-display":"","ast-hfb-mobile-header-display":"","site-post-title":"","ast-breadcrumbs-content":"","ast-featured-img":"","footer-sml-layout":"","theme-transparent-header-meta":"","adv-header-id-meta":"","stick-header-meta":"","header-above-stick-meta":"","header-main-stick-meta":"","header-below-stick-meta":"","astra-migrate-meta-layouts":"default","ast-page-background-enabled":"default","ast-page-background-meta":{"desktop":{"background-color":"var(--ast-global-color-4)","background-image":"","background-repeat":"repeat","background-position":"center center","background-size":"auto","background-attachment":"scroll","background-type":"","background-media":"","overlay-type":"","overlay-color":"","overlay-gradient":""},"tablet":{"background-color":"","background-image":"","background-repeat":"repeat","background-position":"center center","background-size":"auto","background-attachment":"scroll","background-type":"","background-media":"","overlay-type":"","overlay-color":"","overlay-gradient":""},"mobile":{"background-color":"","background-image":"","background-repeat":"repeat","background-position":"center center","background-size":"auto","background-attachment":"scroll","background-type":"","background-media":"","overlay-type":"","overlay-color":"","overlay-gradient":""}},"ast-content-background-meta":{"desktop":{"background-color":"var(--ast-global-color-5)","background-image":"","background-repeat":"repeat","background-position":"center center","background-size":"auto","background-attachment":"scroll","background-type":"","background-media":"","overlay-type":"","overlay-color":"","overlay-gradient":""},"tablet":{"background-color":"var(--ast-global-color-5)","background-image":"","background-repeat":"repeat","background-position":"center center","background-size":"auto","background-attachment":"scroll","background-type":"","background-media":"","overlay-type":"","overlay-color":"","overlay-gradient":""},"mobile":{"background-color":"var(--ast-global-color-5)","background-image":"","background-repeat":"repeat","background-position":"center center","background-size":"auto","background-attachment":"scroll","background-type":"","background-media":"","overlay-type":"","overlay-color":"","overlay-gradient":""}},"footnotes":""},"categories":[6,3],"tags":[],"_links":{"self":[{"href":"https:\/\/www.respublica.org.al\/web\/index.php?rest_route=\/wp\/v2\/posts\/2797"}],"collection":[{"href":"https:\/\/www.respublica.org.al\/web\/index.php?rest_route=\/wp\/v2\/posts"}],"about":[{"href":"https:\/\/www.respublica.org.al\/web\/index.php?rest_route=\/wp\/v2\/types\/post"}],"author":[{"embeddable":true,"href":"https:\/\/www.respublica.org.al\/web\/index.php?rest_route=\/wp\/v2\/users\/2"}],"replies":[{"embeddable":true,"href":"https:\/\/www.respublica.org.al\/web\/index.php?rest_route=%2Fwp%2Fv2%2Fcomments&post=2797"}],"version-history":[{"count":1,"href":"https:\/\/www.respublica.org.al\/web\/index.php?rest_route=\/wp\/v2\/posts\/2797\/revisions"}],"predecessor-version":[{"id":2799,"href":"https:\/\/www.respublica.org.al\/web\/index.php?rest_route=\/wp\/v2\/posts\/2797\/revisions\/2799"}],"wp:featuredmedia":[{"embeddable":true,"href":"https:\/\/www.respublica.org.al\/web\/index.php?rest_route=\/wp\/v2\/media\/2798"}],"wp:attachment":[{"href":"https:\/\/www.respublica.org.al\/web\/index.php?rest_route=%2Fwp%2Fv2%2Fmedia&parent=2797"}],"wp:term":[{"taxonomy":"category","embeddable":true,"href":"https:\/\/www.respublica.org.al\/web\/index.php?rest_route=%2Fwp%2Fv2%2Fcategories&post=2797"},{"taxonomy":"post_tag","embeddable":true,"href":"https:\/\/www.respublica.org.al\/web\/index.php?rest_route=%2Fwp%2Fv2%2Ftags&post=2797"}],"curies":[{"name":"wp","href":"https:\/\/api.w.org\/{rel}","templated":true}]}}