{"id":2813,"date":"2023-11-15T12:49:29","date_gmt":"2023-11-15T11:49:29","guid":{"rendered":"https:\/\/www.respublica.org.al\/?p=2813"},"modified":"2023-11-15T12:49:32","modified_gmt":"2023-11-15T11:49:32","slug":"gjykata-evropiane-e-te-drejtave-te-njeriut-vendos-autoritetet-shqiptare-duhet-te-identifikojne-dhe-ndeshkojne-pergjegjesit-per-vrasjen-e-a-nikes-gjate-protestes-se-21-janarit-2011","status":"publish","type":"post","link":"https:\/\/www.respublica.org.al\/web\/?p=2813","title":{"rendered":"Gjykata Evropiane e t\u00eb Drejtave t\u00eb Njeriut vendos: Autoritetet shqiptare duhet t\u00eb identifikojn\u00eb dhe nd\u00ebshkojn\u00eb p\u00ebrgjegj\u00ebsit p\u00ebr vrasjen e A. Nik\u00ebs gjat\u00eb protest\u00ebs s\u00eb 21 janarit 2011"},"content":{"rendered":"\n<p>N\u00eb vendimin e 14 N\u00ebntorit 2023, p\u00ebr \u00e7\u00ebshtjen Nika k. Shqip\u00ebris\u00eb, Gjykata Evropiane e t\u00eb Drejtave t\u00eb Njeriut (GJEDNj) n\u00eb Strasburg gjeti nj\u00ebz\u00ebri se ka pasur dy shkelje t\u00eb nenit 2 (e drejta p\u00ebr jet\u00ebn dhe p\u00ebr hetimin p\u00ebr humbjen e jet\u00ebs) t\u00eb Konvent\u00ebs Evropiane t\u00eb t\u00eb Drejtave t\u00eb Njeriut.<\/p>\n\n\n\n<p>\u00c7\u00ebshtja n\u00eb fjal\u00eb q\u00eb nga autoritetet shqiptare \u00ebsht\u00eb zvarritur prej 12 vjet\u00ebsh, lidhet me nj\u00eb ankim pran\u00eb GJEDNj nga familjar\u00ebt e Aleks Nik\u00ebs, nj\u00eb nga kat\u00ebr protestuesit e vrar\u00eb me plumb n\u00eb kok\u00eb n\u00eb vitin 2011 gjat\u00eb protest\u00ebs p\u00ebrpara Kryeministris\u00eb. N\u00eb p\u00ebrgjigje t\u00eb ankimit nga bashk\u00ebshortja dhe dy vajzat e t\u00eb ndjerit Nika, GJEDNj konstatoi nj\u00eb varg shkeljesh p\u00ebr sa i p\u00ebrket p\u00ebrgjegj\u00ebsive t\u00eb shtetit shqiptar dhe t\u00eb organeve t\u00eb drejt\u00ebsis\u00eb n\u00eb Shqip\u00ebri n\u00eb lidhje me hetimin ndaj dosjes s\u00eb 21 janarit.<\/p>\n\n\n\n<p>GJEDNj konstatoi se \u00e7\u00ebshtja e p\u00ebrgjegj\u00ebsis\u00eb s\u00eb mundshme t\u00eb zinxhirit komandues t\u00eb Gard\u00ebs nuk ishte zbardhur nga hetimi p\u00ebrkat\u00ebs, i cili nuk zbardh sekuenc\u00ebn apo natyr\u00ebn e urdhrave t\u00eb dh\u00ebn\u00eb p\u00ebr t\u00eb sht\u00ebnat mbi protestuesit. Gjat\u00eb hetimit kishte pasur gjithashtu edhe nj\u00eb s\u00ebr\u00eb mang\u00ebsish t\u00eb tjera, duke p\u00ebrfshir\u00eb fshirjen e videoregjistrimeve t\u00eb incidentit nga kamerat e siguris\u00eb s\u00eb ministris\u00eb dhe mos-ndjekjen e disa pistave ky\u00e7e t\u00eb hetimit, si shenjat e plumbave t\u00eb gjetura n\u00eb gardhin e hekurt q\u00eb rrethon Kryeministrin\u00eb. K\u00ebto mang\u00ebsi ngrit\u00ebn dyshime nga GJEDNj se autoritetet ishin p\u00ebrpjekur ta devijonin apo t\u00eb nd\u00ebrhynin n\u00eb hetim padrejt\u00ebsisht.<\/p>\n\n\n\n<p>GJEDNj ka pranuar si t\u00eb drejta t\u00eb gjith\u00eb argumentat e paraqitura nga qendra \u201cRes Publica\u201d e cila n\u00eb k\u00ebt\u00eb proces nd\u00ebrhyri si pal\u00eb e tret\u00eb. Trupi gjykues gjeti t\u00eb meta n\u00eb kuadrin ligjor q\u00eb rregullonte n\u00eb at\u00eb koh\u00eb p\u00ebrdorimin e arm\u00ebve t\u00eb zjarrit n\u00eb kontekstin e tubimeve masive, i cili ka qen\u00eb nj\u00eb nga argumentet kryesore t\u00eb sjell\u00eb nga Res Publica. Gjithashtu, sipas GJEDNj ka pasur defekte serioze n\u00eb menaxhimin e protest\u00ebs dhe planin e masave t\u00eb asaj dite, ku v\u00ebrehen mang\u00ebsi n\u00eb koordinimin mes Policis\u00eb s\u00eb Shtetit dhe Gard\u00ebs s\u00eb Republik\u00ebs, mjeteve t\u00eb p\u00ebrdorura p\u00ebrpara arm\u00ebve t\u00eb zjarrit dhe m\u00eb pas n\u00eb m\u00ebnyr\u00ebn se si jan\u00eb p\u00ebrdorur k\u00ebto arm\u00eb. Res Publica i theksoi k\u00ebto argumente p\u00ebr shkak se nj\u00eb nga m\u00ebnyrat q\u00eb ka p\u00ebrdorur mbrojtja e t\u00eb pandehurve n\u00eb k\u00ebt\u00eb rast ishte pik\u00ebrisht fakti q\u00eb ligji u lejonte gardist\u00ebve t\u00eb p\u00ebrdornin arm\u00ebt n\u00ebse sulmohej nj\u00eb institucion i r\u00ebnd\u00ebsis\u00eb s\u00eb ve\u00e7ant\u00eb. Sipas GJEDNJ dhe jurisprudenc\u00ebs s\u00eb saj t\u00eb konsoliduar, p\u00ebrdorimi i arm\u00ebve t\u00eb zjarrit justifikohet vet\u00ebm ndaj personave q\u00eb rrezikojn\u00eb n\u00eb m\u00ebnyr\u00eb t\u00eb dukshme dhe iminente jet\u00ebn e dikujt tjet\u00ebr dhe jo kur rrezikojn\u00eb pasuri materiale si\u00e7 \u00ebsht\u00eb edhe nj\u00eb godin\u00eb kryeministrie.<\/p>\n\n\n\n<p>Trupa gjyq\u00ebsore vendosi se sipas nenit 46 (forca detyruese dhe ekzekutimi i vendimeve) autoritetet duhet t\u00eb vazhdojn\u00eb p\u00ebrpjekjet p\u00ebr zbardhjen e vdekjes s\u00eb A. Nik\u00ebs dhe t\u00eb identifikojn\u00eb e nd\u00ebshkojn\u00eb&nbsp;p\u00ebrgjegj\u00ebsit.<\/p>\n\n\n\n<p>Ky vendim qart\u00ebsoi p\u00ebrfundimisht se hetimi p\u00ebr vrasjen e Aleks Nik\u00ebs ka qen\u00eb i mang\u00ebt dhe duhet ripar\u00eb me p\u00ebrgjegj\u00ebsi mund\u00ebsia p\u00ebr ta zbardhur plot\u00ebsisht ngjarjen, p\u00ebrmes \u00e7do metode hetimi. Gjithashtu vendimi qart\u00ebsoi se asnj\u00eb nuk duhet plagosur ose vrar\u00eb sepse po sulmon thjesht nj\u00eb godin\u00eb. Vendimi mund t\u00eb konsiderohet edhe si nj\u00eb vul\u00eb p\u00ebrmbyll\u00ebse e debatit n\u00ebse hetimi i koh\u00ebs ishte nj\u00eb sulm politik, si\u00e7 e ka etiketuar kryeministri i asaj kohe, apo jo. GJEDNJ la t\u00eb kuptohet se&nbsp; domosdoshm\u00ebria e hetimit dhe gjykimit t\u00eb fajtor\u00ebve \u00ebsht\u00eb vet\u00ebm juridike dhe aspak politike.<\/p>\n","protected":false},"excerpt":{"rendered":"<p>N\u00eb vendimin e 14 N\u00ebntorit 2023, p\u00ebr \u00e7\u00ebshtjen Nika k. Shqip\u00ebris\u00eb, Gjykata Evropiane e t\u00eb Drejtave t\u00eb Njeriut (GJEDNj) n\u00eb [&hellip;]<\/p>\n","protected":false},"author":2,"featured_media":2814,"comment_status":"open","ping_status":"open","sticky":false,"template":"","format":"standard","meta":{"site-sidebar-layout":"default","site-content-layout":"","ast-site-content-layout":"","site-content-style":"default","site-sidebar-style":"default","ast-global-header-display":"","ast-banner-title-visibility":"","ast-main-header-display":"","ast-hfb-above-header-display":"","ast-hfb-below-header-display":"","ast-hfb-mobile-header-display":"","site-post-title":"","ast-breadcrumbs-content":"","ast-featured-img":"","footer-sml-layout":"","theme-transparent-header-meta":"","adv-header-id-meta":"","stick-header-meta":"","header-above-stick-meta":"","header-main-stick-meta":"","header-below-stick-meta":"","astra-migrate-meta-layouts":"default","ast-page-background-enabled":"default","ast-page-background-meta":{"desktop":{"background-color":"var(--ast-global-color-4)","background-image":"","background-repeat":"repeat","background-position":"center center","background-size":"auto","background-attachment":"scroll","background-type":"","background-media":"","overlay-type":"","overlay-color":"","overlay-gradient":""},"tablet":{"background-color":"","background-image":"","background-repeat":"repeat","background-position":"center center","background-size":"auto","background-attachment":"scroll","background-type":"","background-media":"","overlay-type":"","overlay-color":"","overlay-gradient":""},"mobile":{"background-color":"","background-image":"","background-repeat":"repeat","background-position":"center center","background-size":"auto","background-attachment":"scroll","background-type":"","background-media":"","overlay-type":"","overlay-color":"","overlay-gradient":""}},"ast-content-background-meta":{"desktop":{"background-color":"var(--ast-global-color-5)","background-image":"","background-repeat":"repeat","background-position":"center center","background-size":"auto","background-attachment":"scroll","background-type":"","background-media":"","overlay-type":"","overlay-color":"","overlay-gradient":""},"tablet":{"background-color":"var(--ast-global-color-5)","background-image":"","background-repeat":"repeat","background-position":"center center","background-size":"auto","background-attachment":"scroll","background-type":"","background-media":"","overlay-type":"","overlay-color":"","overlay-gradient":""},"mobile":{"background-color":"var(--ast-global-color-5)","background-image":"","background-repeat":"repeat","background-position":"center center","background-size":"auto","background-attachment":"scroll","background-type":"","background-media":"","overlay-type":"","overlay-color":"","overlay-gradient":""}},"footnotes":""},"categories":[6,3],"tags":[],"_links":{"self":[{"href":"https:\/\/www.respublica.org.al\/web\/index.php?rest_route=\/wp\/v2\/posts\/2813"}],"collection":[{"href":"https:\/\/www.respublica.org.al\/web\/index.php?rest_route=\/wp\/v2\/posts"}],"about":[{"href":"https:\/\/www.respublica.org.al\/web\/index.php?rest_route=\/wp\/v2\/types\/post"}],"author":[{"embeddable":true,"href":"https:\/\/www.respublica.org.al\/web\/index.php?rest_route=\/wp\/v2\/users\/2"}],"replies":[{"embeddable":true,"href":"https:\/\/www.respublica.org.al\/web\/index.php?rest_route=%2Fwp%2Fv2%2Fcomments&post=2813"}],"version-history":[{"count":1,"href":"https:\/\/www.respublica.org.al\/web\/index.php?rest_route=\/wp\/v2\/posts\/2813\/revisions"}],"predecessor-version":[{"id":2815,"href":"https:\/\/www.respublica.org.al\/web\/index.php?rest_route=\/wp\/v2\/posts\/2813\/revisions\/2815"}],"wp:featuredmedia":[{"embeddable":true,"href":"https:\/\/www.respublica.org.al\/web\/index.php?rest_route=\/wp\/v2\/media\/2814"}],"wp:attachment":[{"href":"https:\/\/www.respublica.org.al\/web\/index.php?rest_route=%2Fwp%2Fv2%2Fmedia&parent=2813"}],"wp:term":[{"taxonomy":"category","embeddable":true,"href":"https:\/\/www.respublica.org.al\/web\/index.php?rest_route=%2Fwp%2Fv2%2Fcategories&post=2813"},{"taxonomy":"post_tag","embeddable":true,"href":"https:\/\/www.respublica.org.al\/web\/index.php?rest_route=%2Fwp%2Fv2%2Ftags&post=2813"}],"curies":[{"name":"wp","href":"https:\/\/api.w.org\/{rel}","templated":true}]}}