{"id":2870,"date":"2024-01-18T11:35:24","date_gmt":"2024-01-18T10:35:24","guid":{"rendered":"https:\/\/www.respublica.org.al\/?p=2870"},"modified":"2024-01-18T14:11:51","modified_gmt":"2024-01-18T13:11:51","slug":"e-paprecedent-okb-alarmohet-dhe-urdheron-pezullimin-e-veprimeve-te-spak-ndaj-gazetarit-elton-qyno","status":"publish","type":"post","link":"https:\/\/www.respublica.org.al\/web\/?p=2870","title":{"rendered":"E paprecedent: OKB alarmohet dhe urdh\u00ebron pezullimin e veprimeve t\u00eb SPAK ndaj gazetarit Elton Qyno\u00a0"},"content":{"rendered":"\n<p>Mbr\u00ebmjen e djeshme, Komiteti i t\u00eb Drejtave t\u00eb Njeriut n\u00eb OKB ka k\u00ebrkuar nga Shqip\u00ebria pezullimin e menj\u00ebhersh\u00ebm t\u00eb veprimeve t\u00eb aksesit dhe p\u00ebrpunimit t\u00eb materialeve t\u00eb sekuestruara nga SPAK prej gazetarit Elton Qyno.<\/p>\n\n\n\n<p>Avokat\u00ebt e qendr\u00ebs Res Publica, fal\u00eb mb\u00ebshtetjes nga National Endowment for Democracy, e adresuan \u00e7\u00ebshtjen me urgjenc\u00eb te Komiteti p\u00ebr t\u00eb Drejtat e Njeriut n\u00eb OKB, si gjykata nd\u00ebrkomb\u00ebtare m\u00eb e madhe n\u00eb rang global. Nisur nga r\u00ebnd\u00ebsia e rastit, d\u00ebmi i r\u00ebnd\u00eb dhe i pariparuesh\u00ebm q\u00eb mund t\u2018i vinte jo vet\u00ebm gazetarit Elton Qyno, por edhe t\u00eb gjith\u00eb gazetar\u00ebve n\u00eb Shqip\u00ebri, duke i frik\u00ebsuar ata, OKB reagoi shpejt dhe pozitivisht duke b\u00ebr\u00eb t\u00eb mundur q\u00eb tashm\u00eb SPAK t\u00eb ndaloj\u00eb dor\u00ebn dhe t\u00eb mos nxjerr\u00eb e t\u00eb p\u00ebrpunoj\u00eb materialet e sekuestruara derisa \u00e7\u00ebshtja t\u00eb shqyrtohet nga vet\u00eb OKB.&nbsp;<\/p>\n\n\n\n<p>Nj\u00eb kopje e k\u00ebtij vendimi tashm\u00eb i \u00ebsht\u00eb komunikuar shtetit shqiptar dhe avokat\u00ebt e z. Qyno do ia v\u00ebn\u00eb n\u00eb dispozicion edhe Gjykat\u00ebs s\u00eb Lart\u00eb, e cila ka n\u00eb shqyrtim rekursin e gazetarit.<\/p>\n\n\n\n<p>Ky reagim i paprecedent i OKB-s\u00eb n\u00eb nivel nd\u00ebrkomb\u00ebtar, tregon nivelin e lart\u00eb t\u00eb alarmit t\u00eb ngritur p\u00ebr k\u00ebt\u00eb shkelje kaq flagrante t\u00eb t\u00eb drejtave t\u00eb gazetar\u00ebve, e theksuar edhe m\u00eb her\u00ebt n\u00eb dat\u00ebn 10 janar 2024 n\u00eb letr\u00ebn e p\u00ebrbashket t\u00eb shtat\u00eb organizatave nd\u00ebrkomb\u00ebtare q\u00eb advokojn\u00eb p\u00ebr lirin\u00eb e medias, drejtuar kreut t\u00eb SPAK, z. Altin Dumani (<a href=\"https:\/\/www.respublica.org.al\/wp-content\/uploads\/2024\/01\/Leter-e-hapur-SPAK-10.01.2024.pdf\">letr\u00ebn mund ta lexoni k\u00ebtu<\/a>).<\/p>\n\n\n\n<p>Kujtojm\u00eb se m\u00eb her\u00ebt, m\u00eb 13 dhjetor 2023, SPAK nd\u00ebrhyri n\u00eb m\u00ebnyr\u00eb brutale n\u00eb ambientet e banimit, pun\u00ebs dhe automjetin e gazetarit Elton Qyno, si dhe n\u00eb nj\u00eb bar kafe p\u00ebrball\u00eb godin\u00ebs s\u00eb SPAK, duke sekuestruar kompjuterat, telefonat, USB, disqe e dokumenta, p\u00ebrfshir\u00eb k\u00ebtu edhe telefonin e djalit t\u00eb mitur t\u00eb gazetarit.<\/p>\n\n\n\n<p>Kjo nd\u00ebrhyrje u lejua p\u00ebrmes tre vendimeve t\u00eb n\u00ebnshkruara n\u00eb pak minuta t\u00eb gjyqtares Atalanta Zeqiraj, pran\u00eb GJKKO. Gjithashtu, gjyqtarja Zeqiraj legjitimoi edhe sekuestrimin e telefonave t\u00eb gjetur n\u00eb bar kafe, duke i cil\u00ebsuar ato thjesht si sende dhe jo si pajisje q\u00eb mbartin t\u00eb dh\u00ebna dhe komunikime, duke shtuar doz\u00ebn e absurdit n\u00eb d\u00ebm t\u00eb gazetarit.<\/p>\n\n\n\n<p>Vendimet e gjyqtares Zeqiraj ishin t\u00ebr\u00ebsisht n\u00eb shkelje t\u00eb standardeve nd\u00ebrkomb\u00ebtare p\u00ebr mbrojtjen e burimeve dhe sekreteve profesionale t\u00eb gazetar\u00ebve, si dhe n\u00eb shkelje t\u00eb nj\u00eb Vendimi nj\u00ebsues t\u00eb Gjykat\u00ebs s\u00eb Lart\u00eb, q\u00eb nisur nga rasti \u201cLapsi\u201c kishte urdh\u00ebruar gjykatat m\u00eb t\u00eb ul\u00ebta se si duhej t\u00eb vepronin p\u00ebr t\u00eb mbrojtur burimet e gazetarit n\u00eb \u00e7do rast n\u00eb t\u00eb ardhmen.<\/p>\n\n\n\n<p>Gazetari Elton Qyno ishte duke investiguar p\u00ebr nj\u00eb \u00e7\u00ebshtje q\u00eb p\u00ebrkonte me dosjet e SPAK dhe nisi t\u00eb publikonte t\u00eb dh\u00ebna mbi k\u00ebt\u00eb. Rrjedhja e informacionit nga dosja \u00ebsht\u00eb nj\u00eb krim i d\u00ebnuesh\u00ebm, por ai r\u00ebndon mbi personat q\u00eb punojn\u00eb me dosjen hetimore dhe jo mbi gazetarin. Si\u00e7 konfirmohet edhe nga vendimet e gjykat\u00ebs, n\u00ebn hetim nuk \u00ebsht\u00eb gazetari Elton Qyno, por prokuror\u00ebt e \u00e7\u00ebshtjes nga ka rrjedhur informacioni, si dhe oficer\u00ebt e policis\u00eb gjyq\u00ebsore q\u00eb punojn\u00eb me dosjen.<\/p>\n\n\n\n<p>Pa hetuar aspak p\u00ebr rolin e vet\u00eb prokuror\u00ebve, si t\u00eb dyshuar p\u00ebr k\u00ebt\u00eb krim, nj\u00eb prej prokuror\u00ebve, potencialisht i dyshuar edhe ai, u ngarkua p\u00ebr t\u00eb hetuar veten dhe koleg\u00ebt e tij, duke pasur edhe miratimin nga kreu i SPAK, z. Altin Dumani, i cili edhe ky \u00ebsht\u00eb nj\u00eb nga t\u00eb dyshuarit e mundsh\u00ebm sepse ka qen\u00eb pjes\u00eb e grupit t\u00eb prokuror\u00ebve q\u00eb kan\u00eb punuar me dosjen nga rrodhi informacioni. Ky hetim, n\u00eb konflikt t\u00eb past\u00ebr interesi, ka b\u00ebr\u00eb q\u00eb gazetari Elton Qyno t\u00eb bjer\u00eb viktim\u00eb e loj\u00ebs s\u00eb brendshme t\u00eb prokuror\u00ebve. At\u00eb e izoluan me or\u00eb t\u00eb t\u00ebra, duke i b\u00ebr\u00eb kontroll fizik, kontroll banese, kontroll n\u00eb vendin e pun\u00ebs dhe duke i sekuestruar \u00e7do mjet pune dhe komunikimi q\u00eb dispononte. P\u00ebr t\u00eb shmangur ndonj\u00eb nd\u00ebrhyrje t\u00eb mundshme nga Gjykata e Strasburgut, si\u00e7 ndodhi n\u00eb rastin \u201cLapsi\u201c, SPAK veproi me shpejt\u00ebsi, duke mos i l\u00ebn\u00eb aspak koh\u00eb p\u00ebr reagim gazetarit Elton Qyno, nd\u00ebrkoh\u00eb q\u00eb e mbanin t\u00eb izoluar.<\/p>\n\n\n\n<p>M\u00eb pas, gazetari Elton Qyno, i mbrojtur nga avokat\u00eb t\u00eb qendr\u00ebs Res Publica, iu drejtua fillimisht Gjykat\u00ebs s\u00eb Posa\u00e7me t\u00eb Apelit, por edhe n\u00eb k\u00ebt\u00eb rast gjyqtarja Daniela Shirka shp\u00ebrfilli urdh\u00ebresat e Gjykat\u00ebs s\u00eb Lart\u00eb dhe standardet nd\u00ebkomb\u00ebtare, duke mos folur fare p\u00ebr c\u00ebnimin e burimeve t\u00eb gazetarit dhe faktin q\u00eb prokuroria nuk kishte hetuar s\u00eb pari vet\u00eb prokuror\u00ebt e \u00e7\u00ebshtjes.<\/p>\n\n\n\n<p>Avokat\u00ebt e qendr\u00ebs \u201cRes Publica\u201d jo vet\u00ebm q\u00eb kan\u00eb shpres\u00eb q\u00eb Gjykata e Lart\u00eb nga nj\u00ebra an\u00eb ose Komiteti p\u00ebr t\u00eb Drejtat e Njeriut t\u00eb OKB nga ana tjet\u00ebr do t\u2018i japin nj\u00eb zgjidhje p\u00ebrfundimtare dhe pozitive rastit, por edhe paralajm\u00ebrojn\u00eb nj\u00eb s\u00ebr\u00eb masash q\u00eb do t\u00eb merren gjat\u00eb dit\u00ebve n\u00eb vijim ndaj gjyqtareve q\u00eb legjitimuam veprimet e paligjshme dhe alarmuese t\u00eb SPAK, n\u00eb shkelje t\u00eb konventave nd\u00ebrkomb\u00ebtare, Kushtetut\u00ebs dhe ligjeve t\u00eb Shqip\u00ebris\u00eb.<\/p>\n\n\n\n<p>M\u00eb posht\u00eb do t\u00eb gjeni komunikimin e OKB drejtuar qendr\u00ebs &#8220;Res Publica&#8221;.<\/p>\n\n\n\n<div data-wp-interactive=\"core\/file\" class=\"wp-block-file\"><object data-wp-bind--hidden=\"!state.hasPdfPreview\"  class=\"wp-block-file__embed\" data=\"https:\/\/www.respublica.org.al\/wp-content\/uploads\/2024\/01\/Letter_4565-2024-A-1.pdf\" type=\"application\/pdf\" style=\"width:100%;height:600px\" aria-label=\"Embed of Komunikimi i OKB.\"><\/object><a id=\"wp-block-file--media-c32e3a99-6fcd-4538-b312-59f570680eaf\">Komunikimi i OKB<\/a><a href=\"https:\/\/www.respublica.org.al\/wp-content\/uploads\/2024\/01\/Letter_4565-2024-A-1.pdf\" class=\"wp-block-file__button wp-element-button\" download aria-describedby=\"wp-block-file--media-c32e3a99-6fcd-4538-b312-59f570680eaf\">   Shkarko   <\/a><\/div>\n","protected":false},"excerpt":{"rendered":"<p>Mbr\u00ebmjen e djeshme, Komiteti i t\u00eb Drejtave t\u00eb Njeriut n\u00eb OKB ka k\u00ebrkuar nga Shqip\u00ebria pezullimin e menj\u00ebhersh\u00ebm t\u00eb veprimeve [&hellip;]<\/p>\n","protected":false},"author":2,"featured_media":2873,"comment_status":"open","ping_status":"open","sticky":false,"template":"","format":"standard","meta":{"site-sidebar-layout":"default","site-content-layout":"","ast-site-content-layout":"","site-content-style":"default","site-sidebar-style":"default","ast-global-header-display":"","ast-banner-title-visibility":"","ast-main-header-display":"","ast-hfb-above-header-display":"","ast-hfb-below-header-display":"","ast-hfb-mobile-header-display":"","site-post-title":"","ast-breadcrumbs-content":"","ast-featured-img":"","footer-sml-layout":"","theme-transparent-header-meta":"","adv-header-id-meta":"","stick-header-meta":"","header-above-stick-meta":"","header-main-stick-meta":"","header-below-stick-meta":"","astra-migrate-meta-layouts":"default","ast-page-background-enabled":"default","ast-page-background-meta":{"desktop":{"background-color":"var(--ast-global-color-4)","background-image":"","background-repeat":"repeat","background-position":"center center","background-size":"auto","background-attachment":"scroll","background-type":"","background-media":"","overlay-type":"","overlay-color":"","overlay-gradient":""},"tablet":{"background-color":"","background-image":"","background-repeat":"repeat","background-position":"center center","background-size":"auto","background-attachment":"scroll","background-type":"","background-media":"","overlay-type":"","overlay-color":"","overlay-gradient":""},"mobile":{"background-color":"","background-image":"","background-repeat":"repeat","background-position":"center center","background-size":"auto","background-attachment":"scroll","background-type":"","background-media":"","overlay-type":"","overlay-color":"","overlay-gradient":""}},"ast-content-background-meta":{"desktop":{"background-color":"var(--ast-global-color-5)","background-image":"","background-repeat":"repeat","background-position":"center center","background-size":"auto","background-attachment":"scroll","background-type":"","background-media":"","overlay-type":"","overlay-color":"","overlay-gradient":""},"tablet":{"background-color":"var(--ast-global-color-5)","background-image":"","background-repeat":"repeat","background-position":"center center","background-size":"auto","background-attachment":"scroll","background-type":"","background-media":"","overlay-type":"","overlay-color":"","overlay-gradient":""},"mobile":{"background-color":"var(--ast-global-color-5)","background-image":"","background-repeat":"repeat","background-position":"center center","background-size":"auto","background-attachment":"scroll","background-type":"","background-media":"","overlay-type":"","overlay-color":"","overlay-gradient":""}},"footnotes":""},"categories":[6],"tags":[],"_links":{"self":[{"href":"https:\/\/www.respublica.org.al\/web\/index.php?rest_route=\/wp\/v2\/posts\/2870"}],"collection":[{"href":"https:\/\/www.respublica.org.al\/web\/index.php?rest_route=\/wp\/v2\/posts"}],"about":[{"href":"https:\/\/www.respublica.org.al\/web\/index.php?rest_route=\/wp\/v2\/types\/post"}],"author":[{"embeddable":true,"href":"https:\/\/www.respublica.org.al\/web\/index.php?rest_route=\/wp\/v2\/users\/2"}],"replies":[{"embeddable":true,"href":"https:\/\/www.respublica.org.al\/web\/index.php?rest_route=%2Fwp%2Fv2%2Fcomments&post=2870"}],"version-history":[{"count":3,"href":"https:\/\/www.respublica.org.al\/web\/index.php?rest_route=\/wp\/v2\/posts\/2870\/revisions"}],"predecessor-version":[{"id":2878,"href":"https:\/\/www.respublica.org.al\/web\/index.php?rest_route=\/wp\/v2\/posts\/2870\/revisions\/2878"}],"wp:featuredmedia":[{"embeddable":true,"href":"https:\/\/www.respublica.org.al\/web\/index.php?rest_route=\/wp\/v2\/media\/2873"}],"wp:attachment":[{"href":"https:\/\/www.respublica.org.al\/web\/index.php?rest_route=%2Fwp%2Fv2%2Fmedia&parent=2870"}],"wp:term":[{"taxonomy":"category","embeddable":true,"href":"https:\/\/www.respublica.org.al\/web\/index.php?rest_route=%2Fwp%2Fv2%2Fcategories&post=2870"},{"taxonomy":"post_tag","embeddable":true,"href":"https:\/\/www.respublica.org.al\/web\/index.php?rest_route=%2Fwp%2Fv2%2Ftags&post=2870"}],"curies":[{"name":"wp","href":"https:\/\/api.w.org\/{rel}","templated":true}]}}