{"id":3258,"date":"2024-03-15T13:59:43","date_gmt":"2024-03-15T12:59:43","guid":{"rendered":"https:\/\/www.respublica.org.al\/web\/?p=3258"},"modified":"2024-03-15T14:42:54","modified_gmt":"2024-03-15T13:42:54","slug":"fushate-pushimesh-nga-puna-ne-rtsh-trajtim-cnjerezor-i-punonjesve-te-medias-publike","status":"publish","type":"post","link":"https:\/\/www.respublica.org.al\/web\/?p=3258","title":{"rendered":"Fushat\u00eb pushimesh nga puna n\u00eb RTSH. Trajtim \u00e7njer\u00ebzor i punonj\u00ebsve t\u00eb medias publike."},"content":{"rendered":"\n<p>Me t\u2019u shpallur Drejtor i P\u00ebrgjithsh\u00ebm i Radio Televizionit Shqiptar n\u00eb qershor 2023, Alfred Peza, ish-deputet i Partis\u00eb Socialiste, nisi nj\u00eb val\u00eb shkarkimesh deri n\u00eb nivelin e arbitraritetit n\u00eb RTSH. Afro 30 persona u pushuan nga puna n\u00eb nj\u00eb periudh\u00eb tremujore, disa prej t\u00eb cil\u00ebve punonj\u00ebs t\u00eb vjet\u00ebr t\u00eb RTSH.<\/p>\n\n\n\n<p>Nd\u00ebr ta edhe Edlira Kon\u00e7i, e pun\u00ebsuar n\u00eb RTSH q\u00eb prej vitit 1992. N\u00eb shtator 2023, Znj. Kon\u00e7i k\u00ebrkoi leje pa t\u00eb drejt\u00eb page p\u00ebr 1 muaj, p\u00ebr shkak t\u00eb gjendjes s\u00eb r\u00ebnd\u00eb sh\u00ebndet\u00ebsore t\u00eb bashk\u00ebshortit t\u00eb saj, B.V. K\u00ebrkesa iu miratua nga vet\u00eb Z. Peza, bashk\u00eb me n\u00ebnshkrimin e dy punonj\u00ebsve t\u00eb tjer\u00eb.<\/p>\n\n\n\n<p>Pas k\u00ebsaj, iu k\u00ebrkua q\u00eb t\u00eb paraqiste raportet mjek\u00ebsore t\u00eb bashk\u00ebshortit. P\u00ebr shkak t\u00eb gjendjes tep\u00ebr t\u00eb r\u00ebnduar dhe urgjenc\u00ebs, Znj. Kon\u00e7i u largua p\u00ebr Itali, ku bashk\u00ebshorti i saj u shtrua n\u00eb nj\u00eb klinik\u00eb. Ajo d\u00ebrgoi me email nj\u00eb v\u00ebrtetim p\u00ebr gjendjen sh\u00ebndet\u00ebsore nga Spitali p\u00ebrkat\u00ebs.<\/p>\n\n\n\n<p>Rikthimi n\u00eb pun\u00eb e p\u00ebrballi Znj. Kon\u00e7i me vendimin e zgjidhjes s\u00eb menj\u00ebhershme t\u00eb marr\u00ebdh\u00ebnies s\u00eb pun\u00ebs, nd\u00ebrkoh\u00eb q\u00eb bashk\u00ebshorti i saj nd\u00ebrroi jet\u00eb disa dit\u00eb m\u00eb von\u00eb. Pushimi nga puna ishte totalisht jasht\u00eb normave ligjore dhe morale, duke i shkaktuar Znj. Kon\u00e7i nj\u00eb d\u00ebm t\u00eb madh psikologjik n\u00eb momentet e v\u00ebshtira q\u00eb kaloi.<\/p>\n\n\n\n<p>N\u00ebse do t\u00eb analizojm\u00eb \u00e7\u00ebshtjen nga ana ligjore, sipas Kodit t\u00eb Pun\u00ebs afati i njoftimit p\u00ebr pushim nga puna \u00ebsht\u00eb tre muaj kur marr\u00ebdh\u00ebnia e pun\u00ebsimit ka zgjatur m\u00eb shum\u00eb se pes\u00eb vjet. N\u00eb rastin ton\u00eb, zgjidhja e kontrat\u00ebs s\u00eb pun\u00ebs \u00ebsht\u00eb b\u00ebr\u00eb n\u00eb m\u00ebnyr\u00eb t\u00eb menj\u00ebhershme, pa asnj\u00eb shkak t\u00eb justifikuar. Sipas Kodit t\u00eb Pun\u00ebs:<\/p>\n\n\n\n<p><em>\u201cN\u00eb rast s\u00ebmundjeje t\u00eb r\u00ebnd\u00eb t\u00eb an\u00ebtar\u00ebve t\u00eb familjes, bashk\u00ebjetuesit, t\u00eb paraardh\u00ebsve ose t\u00eb pasardh\u00ebsve t\u00eb tij t\u00eb drejtp\u00ebrdrejt\u00eb, t\u00eb v\u00ebrtetuar me raport mjek\u00ebsor, pun\u00ebmarr\u00ebsi p\u00ebrfiton jo m\u00eb shum\u00eb se 30 dit\u00eb pushimi t\u00eb papaguar.\u201d<\/em><\/p>\n\n\n\n<p>RTSH ka zgjidhur kontrat\u00ebn e pun\u00ebs duke mos respektuar asnj\u00eb procedur\u00eb njoftimi, pavar\u00ebsisht se Znj. Kon\u00e7i ka pasur nj\u00eb kontrat\u00eb pune prej 30 vitesh dhe ka qen\u00eb gjithmon\u00eb korrekte n\u00eb pun\u00eb.<\/p>\n\n\n\n<p>N\u00eb t\u00eb nj\u00ebjt\u00ebn koh\u00eb me Znj. Kon\u00e7i, jan\u00eb pushuar nga puna nj\u00eb num\u00ebr i madh punonj\u00ebsish, duke ngritur alarmin e organizatave mediatike. Sipas Kodit t\u00eb Pun\u00ebs, n\u00ebse n\u00eb nj\u00eb periudh\u00eb 90 ditore pushohen nga puna mbi 20 veta, kjo konsiderohet pushim kolektiv nga puna (p\u00ebr nd\u00ebrmarrje me mbi 200 punonj\u00ebs si\u00e7 \u00ebsht\u00eb RTSH). P\u00ebr k\u00ebt\u00eb rast, ekziston nj\u00eb procedur\u00eb e ve\u00e7ant\u00eb, ku pun\u00ebdh\u00ebn\u00ebsi duhet t\u00eb njoftoj\u00eb organizat\u00ebn sindikale dhe\/ose punonj\u00ebsit paraprakisht p\u00ebr detajet e shkarkimit, si dhe t\u00eb b\u00ebj\u00eb k\u00ebshillime me organizat\u00ebn sindikale dhe t\u00eb njoftoj\u00eb Ministrin\u00eb q\u00eb mbulon marr\u00ebdh\u00ebniet e pun\u00ebs, p\u00ebr t\u00eb shmangur ose pak\u00ebsuar pushimin kolektiv nga puna dhe p\u00ebr t\u00eb zbutur pasojat e tij. S\u00eb fundi, ministria p\u00ebrgjegj\u00ebse p\u00ebr pun\u00ebn i ndihmon pal\u00ebt t\u00eb arrijn\u00eb nj\u00eb marr\u00ebveshje.<\/p>\n\n\n\n<p>Kjo procedur\u00eb nuk \u00ebsht\u00eb marr\u00eb fare n\u00eb konsiderat\u00eb. Znj. Kon\u00e7i iu drejtua avokat\u00ebve t\u00eb qendr\u00ebs \u201cRes Publica\u201d, t\u00eb cil\u00ebt kan\u00eb k\u00ebrkuar d\u00ebmshp\u00ebrblim page p\u00ebr vjet\u00ebrsin\u00eb n\u00eb pun\u00eb, p\u00ebr zgjidhjen e kontrat\u00ebs n\u00eb m\u00ebnyr\u00eb t\u00eb menj\u00ebhershme dhe t\u00eb pajustifikuar, p\u00ebr mosrespektimin e afatit t\u00eb njoftimit dhe procedur\u00ebs s\u00eb pushimit nga puna, p\u00ebr d\u00ebmin moral dhe ekzistencial, p\u00ebr mosrespektimin e procedur\u00ebs s\u00eb pushimit kolektiv nga puna, etj.<\/p>\n\n\n\n<p>P\u00ebrvec dy ish-pun\u00ebmarr\u00ebsve t\u00eb RTSH q\u00eb jan\u00eb pushuar padrejt\u00ebsisht nga puna, q\u00eb mbrohen nga avokat\u00eb t\u00eb qendr\u00ebs Res Publica, m\u00ebsohet q\u00eb edhe punonj\u00ebsit e tjer\u00eb kan\u00eb nisur tashm\u00eb procedurat gjyq\u00ebsore, p\u00ebr at\u00eb q\u00eb p\u00ebrb\u00ebn pushimin kolektiv m\u00eb masiv n\u00eb RTSH.<\/p>\n\n\n\n<p>RTSH \u00ebsht\u00eb jo vet\u00ebm nj\u00eb media komb\u00ebtare, por \u00ebsht\u00eb e vetmja media publike, e cila duket se po kalon n\u00eb nj\u00eb faz\u00eb t\u00eb v\u00ebshtir\u00eb t\u00eb trajtimit t\u00eb punonj\u00ebsve, duke shkuar deri n\u00eb nivele ekstreme.<\/p>\n\n\n\n<p>Res Publica<\/p>\n","protected":false},"excerpt":{"rendered":"<p>Me t\u2019u shpallur Drejtor i P\u00ebrgjithsh\u00ebm i Radio Televizionit Shqiptar n\u00eb qershor 2023, Alfred Peza, ish-deputet i Partis\u00eb Socialiste, nisi [&hellip;]<\/p>\n","protected":false},"author":2,"featured_media":3260,"comment_status":"open","ping_status":"open","sticky":false,"template":"","format":"standard","meta":{"site-sidebar-layout":"default","site-content-layout":"","ast-site-content-layout":"","site-content-style":"default","site-sidebar-style":"default","ast-global-header-display":"","ast-banner-title-visibility":"","ast-main-header-display":"","ast-hfb-above-header-display":"","ast-hfb-below-header-display":"","ast-hfb-mobile-header-display":"","site-post-title":"","ast-breadcrumbs-content":"","ast-featured-img":"","footer-sml-layout":"","theme-transparent-header-meta":"","adv-header-id-meta":"","stick-header-meta":"","header-above-stick-meta":"","header-main-stick-meta":"","header-below-stick-meta":"","astra-migrate-meta-layouts":"default","ast-page-background-enabled":"default","ast-page-background-meta":{"desktop":{"background-color":"var(--ast-global-color-4)","background-image":"","background-repeat":"repeat","background-position":"center center","background-size":"auto","background-attachment":"scroll","background-type":"","background-media":"","overlay-type":"","overlay-color":"","overlay-gradient":""},"tablet":{"background-color":"","background-image":"","background-repeat":"repeat","background-position":"center center","background-size":"auto","background-attachment":"scroll","background-type":"","background-media":"","overlay-type":"","overlay-color":"","overlay-gradient":""},"mobile":{"background-color":"","background-image":"","background-repeat":"repeat","background-position":"center center","background-size":"auto","background-attachment":"scroll","background-type":"","background-media":"","overlay-type":"","overlay-color":"","overlay-gradient":""}},"ast-content-background-meta":{"desktop":{"background-color":"var(--ast-global-color-5)","background-image":"","background-repeat":"repeat","background-position":"center center","background-size":"auto","background-attachment":"scroll","background-type":"","background-media":"","overlay-type":"","overlay-color":"","overlay-gradient":""},"tablet":{"background-color":"var(--ast-global-color-5)","background-image":"","background-repeat":"repeat","background-position":"center center","background-size":"auto","background-attachment":"scroll","background-type":"","background-media":"","overlay-type":"","overlay-color":"","overlay-gradient":""},"mobile":{"background-color":"var(--ast-global-color-5)","background-image":"","background-repeat":"repeat","background-position":"center center","background-size":"auto","background-attachment":"scroll","background-type":"","background-media":"","overlay-type":"","overlay-color":"","overlay-gradient":""}},"footnotes":""},"categories":[6],"tags":[95,97,81,96,80],"_links":{"self":[{"href":"https:\/\/www.respublica.org.al\/web\/index.php?rest_route=\/wp\/v2\/posts\/3258"}],"collection":[{"href":"https:\/\/www.respublica.org.al\/web\/index.php?rest_route=\/wp\/v2\/posts"}],"about":[{"href":"https:\/\/www.respublica.org.al\/web\/index.php?rest_route=\/wp\/v2\/types\/post"}],"author":[{"embeddable":true,"href":"https:\/\/www.respublica.org.al\/web\/index.php?rest_route=\/wp\/v2\/users\/2"}],"replies":[{"embeddable":true,"href":"https:\/\/www.respublica.org.al\/web\/index.php?rest_route=%2Fwp%2Fv2%2Fcomments&post=3258"}],"version-history":[{"count":3,"href":"https:\/\/www.respublica.org.al\/web\/index.php?rest_route=\/wp\/v2\/posts\/3258\/revisions"}],"predecessor-version":[{"id":3262,"href":"https:\/\/www.respublica.org.al\/web\/index.php?rest_route=\/wp\/v2\/posts\/3258\/revisions\/3262"}],"wp:featuredmedia":[{"embeddable":true,"href":"https:\/\/www.respublica.org.al\/web\/index.php?rest_route=\/wp\/v2\/media\/3260"}],"wp:attachment":[{"href":"https:\/\/www.respublica.org.al\/web\/index.php?rest_route=%2Fwp%2Fv2%2Fmedia&parent=3258"}],"wp:term":[{"taxonomy":"category","embeddable":true,"href":"https:\/\/www.respublica.org.al\/web\/index.php?rest_route=%2Fwp%2Fv2%2Fcategories&post=3258"},{"taxonomy":"post_tag","embeddable":true,"href":"https:\/\/www.respublica.org.al\/web\/index.php?rest_route=%2Fwp%2Fv2%2Ftags&post=3258"}],"curies":[{"name":"wp","href":"https:\/\/api.w.org\/{rel}","templated":true}]}}