{"id":347,"date":"2013-03-25T21:12:48","date_gmt":"2013-03-25T21:12:48","guid":{"rendered":"http:\/\/www.respublica.org.al\/?p=347"},"modified":"2014-10-07T10:39:02","modified_gmt":"2014-10-07T08:39:02","slug":"reagim-i-shoqerise-civile-per-drejtesine-e-munguar","status":"publish","type":"post","link":"https:\/\/www.respublica.org.al\/web\/?p=347","title":{"rendered":"Reagim i shoq\u00ebris\u00eb civile p\u00ebr drejt\u00ebsin\u00eb e munguar"},"content":{"rendered":"<p><em>* Per te pasur akses\u00a0<\/em><em><a href=\"https:\/\/docs.google.com\/folder\/d\/0B8CK2ofqUmYsTmE0eVU5UnYzUkE\/edit?usp=sharing\">ne dokumentat ilustruese<\/a>\u00a0<\/em><em><a href=\"https:\/\/docs.google.com\/folder\/d\/0B8CK2ofqUmYsTmE0eVU5UnYzUkE\/edit?usp=sharing\">per veprimet e p\u00ebrmendura m\u00eb posht\u00eb\u00a0<\/a><\/em><a href=\"https:\/\/docs.google.com\/folder\/d\/0B8CK2ofqUmYsTmE0eVU5UnYzUkE\/edit?usp=sharing\"><em>klikoni ketu<\/em>.<\/a><\/p>\n<p>Shoq\u00ebria civile shqiptare reagon me forc\u00eb ndaj shkeljes sistematike t\u00eb t\u00eb drejtave t\u00eb familjar\u00ebve t\u00eb viktimave p\u00ebr t\u00eb pasur nj\u00eb proces t\u00eb rregullt ligjor. Reagimi vjen p\u00ebr dy ngjarjet e konsideruara si\u00a0 m\u00eb t\u00eb r\u00ebndat e k\u00ebtyre 2 dekadave t\u00eb fundit, ku autoritetet shtet\u00ebrore kan\u00eb d\u00ebshtuar n\u00eb kryerjen e funksioneve t\u00eb tyre n\u00eb mbrojtje t\u00eb s\u00eb drejt\u00ebs s\u00eb jet\u00ebs, dhe investigimit t\u00eb k\u00ebsaj humbjeje, si e drejta m\u00eb thelb\u00ebsore e parashikuar n\u00eb \u00e7do sistem demokratik.<\/p>\n<p>\u00cbsht\u00eb fakt se n\u00eb shp\u00ebrthimin e 15 marsit 2008 dhe n\u00eb demostrat\u00ebn e 21 janarit 2011 kan\u00eb humbur jet\u00ebn 30 viktima dhe jan\u00eb plagosur qindra t\u00eb tjer\u00eb. Pasoj\u00eb e drejtp\u00ebrdrejt\u00eb e k\u00ebtyre ngjarjeve ishin dhe humbjet e jet\u00ebve t\u00eb tre personave t\u00eb tjer\u00eb m\u00eb von\u00eb, familjar\u00eb t\u00eb viktimave t\u00eb k\u00ebtyre ngjarjeve tragjike, t\u00eb cil\u00ebt duksh\u00ebm nuk e p\u00ebrballuan dot hapin e ngadalsh\u00ebm e t\u00eb pasigurt t\u00eb drejt\u00ebsis\u00eb. Pse procesi ligjor ishte i parregullt n\u00eb\u00a0<i>iterin<\/i>\u00a0e tij?<\/p>\n<p>1. Autoritetet shtet\u00ebrore kan\u00eb d\u00ebshtuar n\u00eb marrjen e masave p\u00ebr mbrojtjen e jet\u00ebs.<\/p>\n<ul>\n<li>N\u00eb rastin e shp\u00ebrthimit t\u00eb G\u00ebrdecit, Ministria e Mbrojtjes, Shtabi i P\u00ebrgjithsh\u00ebm i Ushtris\u00eb dhe nd\u00ebrmarrja shtet\u00ebrore MEICO, nuk respektuan asnj\u00eb nga rregullat specifik\u00eb me karakter ushtarak n\u00eb procesin e demontimit t\u00eb arm\u00ebve, duke sjell\u00eb si pasoj\u00eb rrezik t\u00eb lart\u00eb p\u00ebr jet\u00ebn e punonj\u00ebsve dhe banor\u00ebve t\u00eb fshatrave p\u00ebrreth. Mungesa e respektimit t\u00eb nj\u00eb s\u00ebr\u00eb rregullash \u00e7oi n\u00eb shp\u00ebrthimin tragjik me pasojat q\u00eb t\u00eb gjith\u00eb i njohin.<\/li>\n<li>N\u00eb rastin e protestave t\u00eb 21 janarit 2011, Garda e Republik\u00ebs nuk mori masat e duhura ligjore q\u00eb t\u00eb garantonte t\u00eb drejt\u00ebn e jet\u00ebs t\u00eb demonstruesve, duke marr\u00eb jet\u00ebn e 4 prej tyre.<\/li>\n<\/ul>\n<p>2. Procesi hetimor p\u00ebr zbardhjen e ngjarjeve ka l\u00ebn\u00eb shum\u00eb p\u00ebr t\u00eb d\u00ebshiruar.<\/p>\n<ul>\n<li>Nuk \u00ebsht\u00eb mund\u00ebsuar aksesi i duhur n\u00eb dosjen hetimore p\u00ebr familjar\u00ebt e viktimave. K\u00ebta t\u00eb fundit jan\u00eb detyruar q\u00eb n\u00eb dy rastet t\u2019i drejtohen gjykat\u00ebs pas k\u00ebrkesash t\u00eb nj\u00ebpasnj\u00ebshme ndaj prokuroris\u00eb. Familjar\u00ebt e viktimave t\u00eb G\u00ebrdecit kan\u00eb gjithsej 8 k\u00ebrkesa<a title=\"\" href=\"http:\/\/respublicalb.wordpress.com\/Documents%20and%20Settings\/Administrator\/My%20Documents\/Downloads\/reagim%20i%20shoqerise%20civile%20OK%202%20(1).doc#_ftn1\">[1]<\/a>, p\u00ebr ta detyruar k\u00ebt\u00eb organ t\u00eb p\u00ebrmbush\u00eb detyrimin ligjor p\u00ebr t\u00eb informuar mbi procesin hetimor si dhe p\u00ebr t\u00eb lejuar aksesin n\u00eb dosjen hetimore. Familjar\u00ebt e viktimave t\u00eb 21 janarit 2011 kan\u00eb d\u00ebrguar gjithsej 2 k\u00ebrkesa Prokuroris\u00eb s\u00eb P\u00ebrgjithshme dhe asaj t\u00eb rrethit Tiran\u00eb<a title=\"\" href=\"http:\/\/respublicalb.wordpress.com\/Documents%20and%20Settings\/Administrator\/My%20Documents\/Downloads\/reagim%20i%20shoqerise%20civile%20OK%202%20(1).doc#_ftn2\">[2]<\/a>.<\/li>\n<\/ul>\n<ul>\n<li>N\u00ebse n\u00eb rastin e shp\u00ebrthimit t\u00eb G\u00ebrdecit, prokuroria reflektoi pjes\u00ebrisht n\u00eb seanc\u00eb gjyq\u00ebsore duke v\u00ebn\u00eb n\u00eb dispozicion nj\u00eb DVD q\u00eb gjithsesi nuk p\u00ebrb\u00ebn prov\u00eb t\u00eb vlefshme, kurse n\u00eb rastin e 21 janarit prokuroria e shp\u00ebrfilli k\u00ebrkes\u00ebn duke mos qen\u00eb e pranishme n\u00eb gjykim p\u00ebr 9 seanca rresht, pa dh\u00ebn\u00eb asnj\u00eb justifikim p\u00ebr munges\u00ebn<a title=\"\" href=\"http:\/\/respublicalb.wordpress.com\/Documents%20and%20Settings\/Administrator\/My%20Documents\/Downloads\/reagim%20i%20shoqerise%20civile%20OK%202%20(1).doc#_ftn3\">[3]<\/a>. N\u00eb momentin kur prokurori u paraqit n\u00eb seanc\u00eb objekti i k\u00ebrkes\u00ebs nuk mund t\u00eb p\u00ebrmbushej m\u00eb, pasi dosja e hetimit ishte dor\u00ebzuar tashm\u00eb p\u00ebr gjykim.<\/li>\n<li>N\u00eb rastin e G\u00ebrdecit, prokuroria ende nuk ka \u00e7uar p\u00ebrpara drejt\u00ebsis\u00eb t\u00eb gjith\u00eb t\u00eb pandehurit e dal\u00eb nga hetimi i saj. Familjar\u00ebt e viktimave kan\u00eb k\u00ebrkuar me insistim nisjen e k\u00ebtyre proceseve. N\u00eb nj\u00eb rast, Gjykat\u00ebs Kushtetuese me vendimin nr. 27, dat\u00eb 09.05.2012 i k\u00ebrkoi Gjykat\u00ebs s\u00eb Lart\u00eb rigjykimin e \u00e7\u00ebshtjes penale t\u00eb dy t\u00eb plagosurve R.Durdaj dhe A. Hazizaj kund\u00ebr ish ministrit t\u00eb Mbrojtjes F. Mediu<a title=\"\" href=\"http:\/\/respublicalb.wordpress.com\/Documents%20and%20Settings\/Administrator\/My%20Documents\/Downloads\/reagim%20i%20shoqerise%20civile%20OK%202%20(1).doc#_ftn4\">[4]<\/a>. Kjo k\u00ebrkes\u00eb e familjar\u00ebve vjen n\u00eb t\u00eb nj\u00ebjt\u00ebn linj\u00eb dhe me k\u00ebrkesat e faktorit nd\u00ebrkomb\u00ebtar. K\u00ebrkesa e fundit e paraqitur p\u00ebrpara organit t\u00eb Prokuroris\u00eb, pas ndryshimeve kushtetuese p\u00ebr kufizimin e imunitetit t\u00eb zyrtar\u00ebve t\u00eb lart\u00eb, nuk ka marr\u00eb ende nj\u00eb p\u00ebrgjigje nga Prokuroria e P\u00ebrgjithshme, duke u prer\u00eb rrug\u00ebn q\u00ebllimisht familjar\u00ebve t\u00eb viktimave q\u00eb t\u00eb ankohen n\u00eb gjykat\u00eb ndaj k\u00ebtij mosveprimi. Megjith\u00eb p\u00ebrpjekjen e familjar\u00ebve t\u00eb viktimave p\u00ebr t\u00eb p\u00ebrdorur analogjin\u00eb me ligje t\u00eb tjer\u00eb, Gjykata e Lart\u00eb konkludoi me mospranimin e k\u00ebrkes\u00ebs p\u00ebr t\u00eb gjykuar mbi mosveprimin e Prokuroris\u00eb s\u00eb P\u00ebrgjithme, duke e l\u00ebn\u00eb k\u00ebt\u00eb organ t\u00eb veproj\u00eb sipas d\u00ebshir\u00ebs, pa u v\u00ebn\u00eb n\u00eb asnj\u00eb rast n\u00ebn kontrollin e gjykat\u00ebs<a title=\"\" href=\"http:\/\/respublicalb.wordpress.com\/Documents%20and%20Settings\/Administrator\/My%20Documents\/Downloads\/reagim%20i%20shoqerise%20civile%20OK%202%20(1).doc#_ftn5\">[5]<\/a>.<\/li>\n<li>N\u00eb rastin e 21 janarit, hetimi nuk ka qen\u00eb gjith\u00ebp\u00ebrfshir\u00ebs, duke mos p\u00ebrfshir\u00eb n\u00eb m\u00ebnyr\u00eb konkluzive edhe veprat penale t\u00eb pengimit t\u00eb drejt\u00ebsis\u00eb, si fshirja e pamjeve filmime nga serveri i kryeministris\u00eb, nd\u00ebrrimi i tytave t\u00eb pistoletave, manipulimi i pretenduar nga prokuroria p\u00ebr ekspertimin e teshave t\u00eb t\u00eb ndjerit Ziver Veizi, mosv\u00ebnia p\u00ebrpara drejt\u00ebsis\u00eb t\u00eb t\u00eb gjith\u00eb personave q\u00eb penguan ekzekutimin e urdh\u00ebr-arresteve dhe sekuestrimin e arm\u00ebve n\u00eb koh\u00ebn e duhur, mos hetimi i plot\u00eb i organizimit t\u00eb protest\u00ebs dhe t\u00eb planit t\u00eb masave operacionale t\u00eb mara nga Garda e Republik\u00ebs dhe Policia e Shtetit p\u00ebr t\u00eb menaxhuar protest\u00ebn duke minimizuar pasojat e d\u00ebmshme. Nj\u00eb mang\u00ebsi thelb\u00ebsore u vu re kur duksh\u00ebm gjykat\u00ebs iu vun\u00eb p\u00ebrpara ekspertizave kontradiktore n\u00eb lidhje me mund\u00ebsin\u00eb e rikoshet\u00ebs. P\u00ebrgjigja n\u00eb k\u00ebt\u00eb rast do t\u00eb vinte nga p\u00ebrcaktimi me baza shkencore i k\u00ebndit t\u00eb mundsh\u00ebm maksimal t\u00eb kthimit t\u00eb predhave 9 mm t\u00eb trupa t\u00eb drunjt\u00eb, ekspertim deri tani i pakryer.<\/li>\n<\/ul>\n<p>3. N\u00eb t\u00eb dyja rastet padia civile brenda procesit penal e ngritur nga familjar\u00ebt e viktimave, nuk \u00ebsht\u00eb pranuar nga gjykata<a title=\"\" href=\"http:\/\/respublicalb.wordpress.com\/Documents%20and%20Settings\/Administrator\/My%20Documents\/Downloads\/reagim%20i%20shoqerise%20civile%20OK%202%20(1).doc#_ftn6\">[6]<\/a>, duke i l\u00ebn\u00eb pa asnj\u00eb shteg ligjor p\u00ebr t\u2019u animuar<a title=\"\" href=\"http:\/\/respublicalb.wordpress.com\/Documents%20and%20Settings\/Administrator\/My%20Documents\/Downloads\/reagim%20i%20shoqerise%20civile%20OK%202%20(1).doc#_ftn7\">[7]<\/a>. Kjo u ka mohuar atyre t\u00eb drejt\u00ebn q\u00eb t\u00eb jen\u00eb pjes\u00eb aktive e procesit, p\u00ebr t\u00eb pyetur d\u00ebshmitar\u00ebt dhe ekspert\u00ebt, p\u00ebr t\u00eb k\u00ebrkuar prova, etj.<\/p>\n<ul>\n<li>N\u00eb rastin e G\u00ebrdecit, mospranimi i familjar\u00ebve t\u00eb viktimave si pal\u00eb n\u00eb proces solli si pasoj\u00eb mos marrjen parasysh dhe t\u00eb k\u00ebrkes\u00ebs s\u00eb tyre t\u00eb par\u00eb p\u00ebr p\u00ebrjashtim t\u00eb gjyqtar\u00ebve q\u00eb kishin konflikt interesi. Kjo ngriti shqet\u00ebsimin p\u00ebr kompromentimin e mundsh\u00ebm t\u00eb procesit t\u00eb rregullt gjyq\u00ebsor.<\/li>\n<li>N\u00eb rastin e 21 janarit, padia e familjar\u00ebve t\u00eb viktimave nuk u pranua p\u00ebr shkak t\u00eb penges\u00ebs s\u00eb padrejt\u00eb t\u00eb krijuar nga taksa e lart\u00eb e padis\u00eb, prej 510.000 lek\u00eb (t\u00eb reja). Mohimi i mund\u00ebsis\u00eb s\u00eb familjar\u00ebve t\u00eb viktimave q\u00eb me an\u00eb t\u00eb avokat\u00ebve t\u00eb tyre t\u00eb pyesnin ekspert\u00ebt dhe d\u00ebshmitar\u00ebt, erdhi si pasoj\u00eb e nj\u00eb orientimi jo t\u00eb mir\u00eb t\u00eb procesit, duke e l\u00ebn\u00eb at\u00eb vet\u00ebm n\u00eb dor\u00ebn e prokuroris\u00eb, e cila jo n\u00eb pak raste ka deklaruar se \u00ebsht\u00eb n\u00ebn trysnin\u00eb e politik\u00ebs duke mos garantuar nj\u00eb hetim t\u00eb plot\u00eb e t\u00eb sakt\u00eb.<\/li>\n<\/ul>\n<p>4. Gjykimi n\u00eb t\u00eb dy rastet nuk ishte n\u00eb standardet e k\u00ebrkuara nga ligji<\/p>\n<ul>\n<li>T\u00eb dy proceset penale nuk u zhvilluan \u00e7do dit\u00eb pune si\u00e7 k\u00ebrkon neni 342 i K.Pr.P. duke krijuar tejzgjatje t\u00eb pajustifikuara. N\u00eb rastin e G\u00ebrdecit familjar\u00ebt e viktimave k\u00ebrkuan q\u00eb kjo dispozit\u00eb t\u00eb zbatohej nga gjykata<a title=\"\" href=\"http:\/\/respublicalb.wordpress.com\/Documents%20and%20Settings\/Administrator\/My%20Documents\/Downloads\/reagim%20i%20shoqerise%20civile%20OK%202%20(1).doc#_ftn8\">[8]<\/a>, e cila e menaxhoi \u00e7\u00ebshtjen sipas k\u00ebrkesave t\u00eb avokat\u00ebve mbrojt\u00ebs dhe jo sipas nevoj\u00ebs p\u00ebr zbardhje sa m\u00eb t\u00eb shpejt\u00eb t\u00eb ngjarjes. Tejzgjatja solli si pasoj\u00eb konsumimin kohor t\u00eb ngjarjeve dhe ndryshimin e mas\u00ebs nga arrest me burg n\u00eb at\u00eb me arrest sht\u00ebpie p\u00ebr nj\u00eb pjes\u00eb t\u00eb t\u00eb akuzuarve kryesor\u00eb (n\u00eb rastin e G\u00ebrdecit).<\/li>\n<li>Vonesat \u00e7uan n\u00eb disa raste, n\u00eb p\u00ebrfitim t\u00eb amnistis\u00eb nga t\u00eb akuzuarit<a title=\"\" href=\"http:\/\/respublicalb.wordpress.com\/Documents%20and%20Settings\/Administrator\/My%20Documents\/Downloads\/reagim%20i%20shoqerise%20civile%20OK%202%20(1).doc#_ftn9\">[9]<\/a>. Rasti R. Durdaj dhe A. Hazizaj kund\u00ebr F. Mediu si dhe rasti i t\u00eb plagosurit r\u00ebnd\u00eb kund\u00ebr t\u00eb akuzuarve kryesor\u00eb, nuk mor\u00ebn asnj\u00ebher\u00eb p\u00ebrgjigje, me gjith\u00eb p\u00ebrpjekjet e tyre q\u00eb vun\u00eb n\u00eb l\u00ebvizje Gjykat\u00ebn e Lart\u00eb dhe Gjykat\u00ebn Kushtetuese. Kjo e fundit konstatoi shkelje serioze t\u00eb procesit t\u00eb rregullt ligjor, kur t\u00eb plagosurit r\u00ebnd\u00eb R. Durdaj dhe A. Hazizaj k\u00ebrkuan shfuqizimin e vendimit nr. 5 dt. 01.03.2010 t\u00eb Gjykat\u00ebs s\u00eb Lart\u00eb, e cila pa t\u00eb drejt\u00eb vendosi mosfillimin e procedimit penal ndaj t\u00eb akuzuarit F. Mediu4.<\/li>\n<\/ul>\n<p>5. Vendimet e gjykatave nuk p\u00ebrmbush\u00ebn funksionet kryesore t\u00eb tyre, at\u00eb t\u00eb drejt\u00ebsiv\u00ebnies dhe t\u00eb dekurajimit t\u00eb p\u00ebrgjegj\u00ebsve p\u00ebr krime kaq t\u00eb r\u00ebnda. Vendimet e gjykat\u00ebs hap\u00ebn rrug\u00eb p\u00ebr p\u00ebrs\u00ebritje t\u00eb ngjarjeve kaq tragjike edhe n\u00eb t\u00eb ardhmen, duke u dh\u00ebn\u00eb garanci funksionar\u00ebve shtet\u00ebror\u00eb p\u00ebr pand\u00ebshkueshm\u00ebri edhe n\u00eb rastet e humbjes s\u00eb jet\u00ebve njer\u00ebzore. Vendimet gjyq\u00ebsore t\u00eb dh\u00ebna nuk iu p\u00ebrgjigj\u00ebn shkall\u00ebs s\u00eb tragjedis\u00eb s\u00eb G\u00ebrdecit dhe ngjarjes s\u00eb 21 janarit dhe p\u00ebrgjegj\u00ebsive p\u00ebrkat\u00ebse p\u00ebr to, duke l\u00ebn\u00eb pa autor\u00eb, ose duke d\u00ebnuar relativisht leht\u00eb shkaktar\u00ebt e vdekjes s\u00eb 30 viktimave t\u00eb pafajshme.<\/p>\n<ul>\n<li>Vendimi i G\u00ebrdecit n\u00eb t\u00eb dyja shkall\u00ebt e gjyq\u00ebsorit nuk ishte n\u00eb ashp\u00ebrsin\u00eb e duhur, krahasimisht me vendime t\u00eb tjera t\u00eb gjykatave respektive kur d\u00ebmi ka qen\u00eb i kufizuar n\u00eb nj\u00eb ose dy plagosje pa humbje jete.<\/li>\n<li>Vendimi i 21 janarit nuk nxorri asnj\u00eb fajtor, duke kap\u00ebrcyer \u00e7do pritshm\u00ebri t\u00eb ligjshme t\u00eb mundshme. Edhe sikur akuza t\u00eb ishte ngritur n\u00eb m\u00ebnyr\u00eb t\u00eb gabuar nga prokuroria, gjykata i kishte mund\u00ebsit\u00eb dhe mjetet ligjore, p\u00ebr t\u00eb b\u00ebr\u00eb ricil\u00ebsim t\u00eb faktit<a title=\"\" href=\"http:\/\/respublicalb.wordpress.com\/Documents%20and%20Settings\/Administrator\/My%20Documents\/Downloads\/reagim%20i%20shoqerise%20civile%20OK%202%20(1).doc#_ftn10\">[10]<\/a>. Ricil\u00ebsimi juridik i faktit u b\u00eb n\u00eb rastin e G\u00ebrdecit dhe, ashtu si\u00e7 ndodh shpesh n\u00eb praktik\u00ebn gjyq\u00ebsore, duhej t\u00eb ishte b\u00ebr\u00eb edhe n\u00eb rastin e 21 janarit. N\u00eb k\u00ebt\u00eb kuptim ngrihet dyshimi i arsyesh\u00ebm se Gjykata e Rrethit Gjyq\u00ebsor Tiran\u00eb lidhur me rastin konkret, nuk ka respektuar at\u00eb \u00e7\u2019ka Gjykata Kushtetuese ka sanksionuar prej vitesh tashm\u00eb.<\/li>\n<li>Gjykatat nuk vler\u00ebsuan drejt raportet e ekspert\u00ebve, duke krijuar situat\u00eb t\u00eb paqart\u00eb lidhur me ekspertiz\u00ebn pavar\u00ebsisht se n\u00eb t\u00eb dy rastet \u00ebsht\u00eb ofruar ndihm\u00eb e specializuar nga ekspert\u00ebt amerikan\u00eb, me k\u00ebrkes\u00eb t\u00eb autoriteteve shqiptare p\u00ebr \u00e7\u00ebshtjen.<\/li>\n<\/ul>\n<p>6. Familjar\u00ebt e viktimave kan\u00eb hasur pengesa t\u00eb pakap\u00ebrcyeshme dhe n\u00eb k\u00ebrkimin e d\u00ebmshp\u00ebrblimit p\u00ebr humbjen e jet\u00ebs t\u00eb af\u00ebrmve t\u00eb tyre.<\/p>\n<ul>\n<li>Pagesa e taks\u00ebs s\u00eb padis\u00eb n\u00eb rastin e G\u00ebrdecit varion nga 600 mij\u00eb deri n\u00eb 4.8 milion lek\u00eb t\u00eb reja p\u00ebr nj\u00eb familje, duke e b\u00ebr\u00eb praktikisht t\u00eb pamundur nisjen e gjyqeve p\u00ebr d\u00ebmin e p\u00ebsuar<a title=\"\" href=\"http:\/\/respublicalb.wordpress.com\/Documents%20and%20Settings\/Administrator\/My%20Documents\/Downloads\/reagim%20i%20shoqerise%20civile%20OK%202%20(1).doc#_ftn11\">[11]<\/a>. T\u00eb nj\u00ebjtin problem kan\u00eb dhe familjar\u00ebt e viktimave t\u00eb 21 janarit<a title=\"\" href=\"http:\/\/respublicalb.wordpress.com\/Documents%20and%20Settings\/Administrator\/My%20Documents\/Downloads\/reagim%20i%20shoqerise%20civile%20OK%202%20(1).doc#_ftn12\">[12]<\/a>. Kjo penges\u00eb \u00ebsht\u00eb e padrejt\u00eb dhe n\u00eb kund\u00ebrshtim me nenet 17 dhe 42 t\u00eb Kushtetut\u00ebs s\u00eb Shqip\u00ebris\u00eb dhe me nenin 6 t\u00eb Konvent\u00ebs Europiane p\u00ebr t\u00eb Drejtat e Njeriut. P\u00ebr k\u00ebt\u00eb shkak n\u00eb t\u00eb gjitha rastet familjar\u00ebt e viktimave kan\u00eb k\u00ebrkuar p\u00ebrjashtimin nga taksa e padis\u00eb. Ky problem \u00ebsht\u00eb ngritur dhe n\u00eb Progres Raportin e fundit t\u00eb Komisionit Europian<a title=\"\" href=\"http:\/\/respublicalb.wordpress.com\/Documents%20and%20Settings\/Administrator\/My%20Documents\/Downloads\/reagim%20i%20shoqerise%20civile%20OK%202%20(1).doc#_ftn13\">[13]<\/a>\u00a0ndaj Shqip\u00ebris\u00eb si dhe nga Komisioneri i t\u00eb Drejtave t\u00eb Njeriut, Nils Mui\u017enieks i cili i ka nisur nj\u00eb let\u00ebr t\u00eb posa\u00e7me Ministrit t\u00eb Drejt\u00ebsis\u00eb Z. Eduard Halimi p\u00ebr t\u00eb zgjidhur p\u00ebrfundimisht k\u00ebt\u00eb problem<a title=\"\" href=\"http:\/\/respublicalb.wordpress.com\/Documents%20and%20Settings\/Administrator\/My%20Documents\/Downloads\/reagim%20i%20shoqerise%20civile%20OK%202%20(1).doc#_ftn14\">[14]<\/a>. Me gjith\u00eb presionin nd\u00ebrkomb\u00ebtar situata e padrejt\u00eb ka mbetur ende pa zgjidhje.<\/li>\n<li>Zgjatja e procesit penal p\u00ebrtej afateve t\u00eb arsyeshme ka sjell\u00eb n\u00eb shum\u00eb raste pezullimin e proceseve civile, duke vonuar marrjen e d\u00ebmshp\u00ebrblimeve nga ato familje q\u00eb e kan\u00eb tejet t\u00eb nevojshme.<\/li>\n<\/ul>\n<p>7. P\u00ebr 4 vjet rresht, familjar\u00ebt e viktimave k\u00ebrkuan vazhdimisht kopje t\u00eb provave shkresore nga gjykatat dhe institucione t\u00eb tjera.<\/p>\n<ul>\n<li>Provat e disponuara nga vet\u00eb Gjykata e Rrethit Gjyq\u00ebsor Tiran\u00eb dhe nga Gjykata e Lart\u00eb, nuk u vun\u00eb n\u00eb dispozicion t\u00eb familjar\u00ebve t\u00eb viktimave t\u00eb G\u00ebrdecit p\u00ebr t\u00eb mb\u00ebshtetur pretendimet e tyre para gjykat\u00ebs. Asnj\u00eb prej k\u00ebrkesave nuk mori qoft\u00eb dhe nj\u00eb p\u00ebrgjigje zyrtare<a title=\"\" href=\"http:\/\/respublicalb.wordpress.com\/Documents%20and%20Settings\/Administrator\/My%20Documents\/Downloads\/reagim%20i%20shoqerise%20civile%20OK%202%20(1).doc#_ftn15\">[15]<\/a>.<\/li>\n<li>T\u00eb nj\u00ebjtin fat pat\u00ebn edhe 10 k\u00ebrkesat e tjera p\u00ebr informacion drejtuar Ministris\u00eb s\u00eb Mbrojtjes, Ministris\u00eb s\u00eb Pun\u00ebs, Ministris\u00eb s\u00eb Sh\u00ebndet\u00ebsis\u00eb, QSUT N\u00ebn\u00eb Tereza, Bashkis\u00eb Vor\u00eb, Uzin\u00ebs s\u00eb Poli\u00e7anit, Drejtoris\u00eb s\u00eb Mbrojtjes nga Zjarri, etj. N\u00eb ato 5 raste kur \u00ebsht\u00eb dh\u00ebn\u00eb p\u00ebrgjigje, k\u00ebto kan\u00eb qen\u00eb gjysmake dhe t\u00eb pashoq\u00ebruara me dokumentacionin autentik si\u00e7 e k\u00ebrkon ligji<a title=\"\" href=\"http:\/\/respublicalb.wordpress.com\/Documents%20and%20Settings\/Administrator\/My%20Documents\/Downloads\/reagim%20i%20shoqerise%20civile%20OK%202%20(1).doc#_ftn16\">[16]<\/a>.<\/li>\n<li>Familjar\u00ebt e viktimave i kan\u00eb k\u00ebrkuar Ministrit t\u00eb Drejt\u00ebsis\u00eb t\u00eb marr\u00eb masat q\u00eb i k\u00ebrkon ligji p\u00ebr t\u00eb p\u00ebrjashtuar t\u00eb interesuarit nga taksat e larta e t\u00eb pap\u00ebrballueshme t\u00eb vler\u00ebs s\u00eb padis\u00eb<a title=\"\" href=\"http:\/\/respublicalb.wordpress.com\/Documents%20and%20Settings\/Administrator\/My%20Documents\/Downloads\/reagim%20i%20shoqerise%20civile%20OK%202%20(1).doc#_ftn17\">[17]<\/a>. Deri m\u00eb sot nuk \u00ebsht\u00eb marr\u00eb asnj\u00eb p\u00ebrgjigje.<\/li>\n<li>Me k\u00ebrkes\u00eb t\u00eb familjar\u00ebve t\u00eb viktimave, Gjykata e Rrethit Gjyq\u00ebsor Tiran\u00eb ka k\u00ebrkuar nga Gjykata Kushtetuese q\u00eb t\u00eb shmang\u00eb penges\u00ebn p\u00ebr pagimin e taks\u00ebs s\u00eb padis\u00eb. S\u00eb shpejti pritet q\u00eb kjo \u00e7\u00ebshtje serioze e shkeljes s\u00eb t\u00eb drejt\u00ebs s\u00eb njeriut p\u00ebr akses n\u00eb drejt\u00ebsi dhe p\u00ebr t\u00eb pasur nj\u00eb proces t\u00eb rregullt ligjor, t\u00eb zgjidhet p\u00ebrfundimisht nga Gjykata Kushtetuese.<\/li>\n<\/ul>\n<p>Padrejt\u00ebsia e hasur n\u00eb \u00e7do hap nga familjar\u00ebt e viktimave \u00ebsht\u00eb padrejt\u00ebsi n\u00eb kurriz t\u00eb \u00e7do qytetari shqiptar. Shoq\u00ebria civile shpreh solidaritetin me familjar\u00ebt e viktimave t\u00eb dy tragjedive, shpreh revoltimin qytetar ndaj maraton\u00ebs s\u00eb padrejt\u00ebsive, dhe u k\u00ebrkojn\u00eb nj\u00ebz\u00ebri institucioneve p\u00ebrkat\u00ebse t\u00eb tregohen n\u00eb lart\u00ebsin\u00eb e situat\u00ebs dhe t\u00eb realizojn\u00eb detyrat me t\u00eb cilat i ngarkon Kushtetuta dhe ligjet e k\u00ebtij vendi dhe nj\u00eb s\u00ebr\u00eb aktesh normative nd\u00ebrkomb\u00ebtare.<\/p>\n<p>Duket qart\u00eb q\u00eb kemi t\u00eb b\u00ebjm\u00eb me probleme strukturore t\u00eb sistemit ligjor n\u00eb Shqip\u00ebri, por jo vet\u00ebm. Situata k\u00ebrkon nd\u00ebrhyrjen energjike t\u00eb t\u00eb gjith\u00eb aktor\u00ebve p\u00ebr sa m\u00eb posht\u00eb:<\/p>\n<p>1. T\u00eb merren masa p\u00ebr ndreqjen e hap\u00ebsirave ligjore, t\u00eb cilat jan\u00eb duke sjell\u00eb efekte t\u00eb d\u00ebmshme p\u00ebr familjar\u00ebt e viktimave, sic jan\u00eb:<\/p>\n<ul>\n<li>mungesa e nj\u00eb detyrimi ligjor p\u00ebr dh\u00ebnien e nj\u00eb p\u00ebrgjigjeje, qoft\u00eb edhe negative nga prokuroria, p\u00ebr t\u2019i hapur rrug\u00eb m\u00eb pas kontrollit gjyq\u00ebsor t\u00eb k\u00ebsaj vendimmarrjeje;<\/li>\n<li>paqart\u00ebsia e pozicionit t\u00eb t\u00eb af\u00ebrmve t\u00eb viktimave n\u00eb raport me t\u00eb drejt\u00ebn e tyre p\u00ebr t\u00eb k\u00ebrkuar kryerjen e veprimeve t\u00eb ndryshme nga ana prokuroris\u00eb gjat\u00eb procesit penal;<\/li>\n<li>pamund\u00ebsia e p\u00ebrjashtimit nga detyrimi p\u00ebr t\u00eb parapaguar tarifat gjyq\u00ebsore, duke u shnd\u00ebrruar n\u00eb nj\u00eb penges\u00eb serioze p\u00ebr t\u00eb k\u00ebrkuar shp\u00ebrblimin e d\u00ebmit.<\/li>\n<\/ul>\n<p>2. Brenda kuadrit ligjor ekzistues, t\u00eb merren masat q\u00eb:<\/p>\n<ul>\n<li>t\u00eb niset procedimi penal edhe p\u00ebr personat e tjer\u00eb t\u00eb akuzuar n\u00eb rastin e G\u00ebrdecit, pasi nuk kan\u00eb m\u00eb imunitet, si dhe ngritjen e akuzave t\u00eb reja t\u00eb paartikuluar ende nga organi i prokuroris\u00eb, n\u00eb t\u00eb dy rastet;<\/li>\n<li>familjar\u00ebt e viktimave t\u00eb G\u00ebrdecit dhe 21 janarit t\u00eb p\u00ebrjashtohen nga detyrimi p\u00ebr parapagimin e taks\u00ebs s\u00eb padis\u00eb, me an\u00eb t\u00eb nj\u00eb vendimi apo urdhri t\u00eb Ministrit t\u00eb Drejt\u00ebsis\u00eb dhe Ministrit t\u00eb Financave, brenda kompetencave q\u00eb ata kan\u00eb. Aktualisht, pas dh\u00ebnies s\u00eb vendimit t\u00eb form\u00ebs s\u00eb prer\u00eb nga Gjykata e Apelit Tiran\u00eb, \u00ebsht\u00eb pranuar zyrtarisht q\u00eb zyrtar\u00eb t\u00eb lart\u00eb t\u00eb Ministris\u00eb s\u00eb Mbrojtjes dhe nd\u00ebrmarrjes MEICO kan\u00eb vepruar n\u00eb kund\u00ebrshtim me ligjin, duke ngarkuar direkt shtetin me p\u00ebrgjegj\u00ebsi p\u00ebr shp\u00ebrblimin e d\u00ebmit t\u00eb shkaktuar. Nj\u00eb veprim i till\u00eb duhej t\u00eb ishte n\u00eb p\u00ebrputhje edhe me parashikimin e nenit 44 t\u00eb Kushtetut\u00ebs<a title=\"\" href=\"http:\/\/respublicalb.wordpress.com\/Documents%20and%20Settings\/Administrator\/My%20Documents\/Downloads\/reagim%20i%20shoqerise%20civile%20OK%202%20(1).doc#_ftn18\">[18]<\/a>, duke e b\u00ebr\u00eb detyrimin e shtetit t\u00eb mundsh\u00ebm p\u00ebr t\u2019u p\u00ebrmbushur jo vet\u00ebm teorikisht, por edhe praktikisht n\u00eb m\u00ebnyr\u00eb efektive;<\/li>\n<li>autoritetet shtet\u00ebrore t\u00eb tregohen m\u00eb t\u00eb p\u00ebrgjegjsh\u00ebm ndaj k\u00ebrkesave t\u00eb familjar\u00ebve t\u00eb viktimave, duke u p\u00ebrgjigjur n\u00eb nj\u00eb koh\u00eb t\u00eb arsyeshme, brenda afateve ligjore, pa qen\u00eb nevoja q\u00eb n\u00eb \u00e7do rast k\u00ebrkuesit t\u2019i drejtohen gjykatave p\u00ebr t\u00eb realizuar nj\u00eb t\u00eb drejt\u00eb kaq elementare sic \u00ebsht\u00eb informimi mbi dokumentat zyrtare.<\/li>\n<\/ul>\n<p>3. Gjykata Kushtetuese t\u00eb pranoj\u00eb k\u00ebrkes\u00ebn ende n\u00eb gjykim, t\u00eb nisur me k\u00ebrkes\u00eb t\u00eb Gjykat\u00ebs s\u00eb Rrethit Gjyq\u00ebsor Tiran\u00eb dhe Gjykat\u00ebs s\u00eb Rrethit Gjyq\u00ebsor Pogradec, p\u00ebr t\u00eb shfuqizuar dispozit\u00ebn p\u00ebr tarifat gjyq\u00ebsore t\u00eb pap\u00ebrballueshme, e cila pengon aksesin n\u00eb gjykat\u00eb p\u00ebr familjar\u00ebt e viktimave. Kjo vendimmarrje duhet t\u00eb vij\u00eb n\u00eb p\u00ebrputhje edhe me jurisprudenc\u00ebn e konsoliduar t\u00eb Gjykat\u00ebs Europiane p\u00ebr t\u00eb Drejtat e Njeriut<a title=\"\" href=\"http:\/\/respublicalb.wordpress.com\/Documents%20and%20Settings\/Administrator\/My%20Documents\/Downloads\/reagim%20i%20shoqerise%20civile%20OK%202%20(1).doc#_ftn19\">[19]<\/a>, si dhe n\u00eb vijim t\u00eb logjik\u00ebs s\u00eb p\u00ebrdorur edhe n\u00eb Vendimin nr. 18\/2010 t\u00eb vet\u00eb Gjykat\u00ebs Kushtetuese<a title=\"\" href=\"http:\/\/respublicalb.wordpress.com\/Documents%20and%20Settings\/Administrator\/My%20Documents\/Downloads\/reagim%20i%20shoqerise%20civile%20OK%202%20(1).doc#_ftn20\">[20]<\/a>\u00a0n\u00eb nj\u00eb rast t\u00eb ngjash\u00ebm.<\/p>\n<p>Shoq\u00ebria civile shqiptare e ndjen si detyrim t\u00eb sajin t\u00eb k\u00ebrkoj\u00eb vendosjen n\u00eb vend t\u00eb drejt\u00ebsis\u00eb. Tragjedit\u00eb e G\u00ebrdecit dhe 21 janarit jan\u00eb testi m\u00eb i r\u00ebnd\u00ebsish\u00ebm i funksionimit t\u00eb shtetit ligjor n\u00eb Shqip\u00ebri. N\u00ebse k\u00ebto procese d\u00ebshtojn\u00eb, besimi tek drejt\u00ebsia dhe demokracia do t\u00eb jet\u00eb i pamundur p\u00ebr t\u2019u rikuperuar.<\/p>\n<div>\n<hr align=\"left\" size=\"1\" width=\"33%\" \/>\n<div>\n<p>[1]\u00a0Shih\u00a0Kerkese Prokurorise se Pergjithshme, date 02.05.2008;\u00a0 k\u00ebrkes\u00eb Prokuroris\u00eb s\u00eb P\u00ebrgjithshme dt 28.05.2008; k\u00ebrkes\u00eb Prokuroris\u00eb s\u00eb P\u00ebrgjithshme dt 16.06.2008; k\u00ebrkes\u00eb Prokuroris\u00eb s\u00eb P\u00ebrgjithshme dt 14.01.2010; k\u00ebrkes\u00eb Prokuroris\u00eb s\u00eb P\u00ebrgjithshme dt 18.10.2010 (prot. nr 1276\/3 dt 21.10.2010);\u00a0 k\u00ebrkes\u00eb Prokuroris\u00eb s\u00eb P\u00ebrgjithshme me nr prot. 189 dt 03.03.2011;\u00a0 k\u00ebrkes\u00eb Prokuroris\u00eb s\u00eb P\u00ebrgjithshme dt 10.07.2012;\u00a0 k\u00ebrkes\u00eb Prokuroris\u00eb s\u00eb P\u00ebrgjithshme dt 26.10.2012.<\/p>\n<\/div>\n<div>\n<p><a title=\"\" href=\"http:\/\/respublicalb.wordpress.com\/Documents%20and%20Settings\/Administrator\/My%20Documents\/Downloads\/reagim%20i%20shoqerise%20civile%20OK%202%20(1).doc#_ftnref2\">[2]<\/a>\u00a0K\u00ebrkes\u00eb Prokuroris\u00eb s\u00eb P\u00ebrgjithshme dt 24.02.2011; k\u00ebrkes\u00eb Prokuroris\u00eb Tiran\u00eb me nr prot. 191, dt 18.03.2011.<\/p>\n<\/div>\n<div>\n<p><a title=\"\" href=\"http:\/\/respublicalb.wordpress.com\/Documents%20and%20Settings\/Administrator\/My%20Documents\/Downloads\/reagim%20i%20shoqerise%20civile%20OK%202%20(1).doc#_ftnref3\">[3]<\/a>\u00a0Shih kronologjin\u00eb e seancave\u00a0 tek\u00a0<a href=\"http:\/\/www.respublica.org.al\/\">www.respublica.org.al<\/a><\/p>\n<\/div>\n<div>\n<p><a title=\"\" href=\"http:\/\/respublicalb.wordpress.com\/Documents%20and%20Settings\/Administrator\/My%20Documents\/Downloads\/reagim%20i%20shoqerise%20civile%20OK%202%20(1).doc#_ftnref4\">[4]<\/a>\u00a0Shih vendimin e Gjykat\u00ebs Kushtetuese nr. 27, dt 09.05.2012<\/p>\n<\/div>\n<div>\n<p><a title=\"\" href=\"http:\/\/respublicalb.wordpress.com\/Documents%20and%20Settings\/Administrator\/My%20Documents\/Downloads\/reagim%20i%20shoqerise%20civile%20OK%202%20(1).doc#_ftnref5\">[5]<\/a>\u00a0Shih shkres\u00ebn e Gjykat\u00ebs s\u00eb Lart\u00eb nr protokolli F-13\/1 dt 12.02.2013.<\/p>\n<\/div>\n<div>\n<p><a title=\"\" href=\"http:\/\/respublicalb.wordpress.com\/Documents%20and%20Settings\/Administrator\/My%20Documents\/Downloads\/reagim%20i%20shoqerise%20civile%20OK%202%20(1).doc#_ftnref6\">[6]<\/a>\u00a0Shih vendimin nr 6 dt 14.09.2009 t\u00eb Gjykat\u00ebs s\u00eb lart\u00eb; vendimin nr 100, dt 07.02.2013, Gjykat\u00ebs s\u00eb Rrethit Gjyq\u00ebsor, Tiran\u00eb.<\/p>\n<\/div>\n<div>\n<p><a title=\"\" href=\"http:\/\/respublicalb.wordpress.com\/Documents%20and%20Settings\/Administrator\/My%20Documents\/Downloads\/reagim%20i%20shoqerise%20civile%20OK%202%20(1).doc#_ftnref7\">[7]<\/a>\u00a0Shih aktin nr 66 dt 17.07.2009, t\u00eb Gjykat\u00ebs Kushtetuese.<\/p>\n<\/div>\n<div>\n<p><a title=\"\" href=\"http:\/\/respublicalb.wordpress.com\/Documents%20and%20Settings\/Administrator\/My%20Documents\/Downloads\/reagim%20i%20shoqerise%20civile%20OK%202%20(1).doc#_ftnref8\">[8]<\/a>\u00a0Shih\u00a0\u00a0<a href=\"http:\/\/www.balkanweb.com\/kryesore\/1\/gerdecifamiljar-t-n--protest--gjyqi-t--zhvillohet-cdo-dit--57031.html\">http:\/\/www.balkanweb.com\/kryesore\/1\/gerdecifamiljar-t-n\u2013protest\u2013gjyqi-t\u2013zhvillohet-cdo-dit\u201357031.html<\/a><\/p>\n<\/div>\n<div>\n<p><a title=\"\" href=\"http:\/\/respublicalb.wordpress.com\/Documents%20and%20Settings\/Administrator\/My%20Documents\/Downloads\/reagim%20i%20shoqerise%20civile%20OK%202%20(1).doc#_ftnref9\">[9]<\/a>\u00a0Vendimi nr 1739 dt 03.12.2012 Gjykat\u00ebs s\u00eb Rrethit Gjyq\u00ebsor Tiran\u00eb;\u00a0 Vendimi i Gjykat\u00ebs s\u00eb Lart\u00eb dt. 10.12.2012.<\/p>\n<\/div>\n<div>\n<p><a title=\"\" href=\"http:\/\/respublicalb.wordpress.com\/Documents%20and%20Settings\/Administrator\/My%20Documents\/Downloads\/reagim%20i%20shoqerise%20civile%20OK%202%20(1).doc#_ftnref10\">[10]<\/a>\u00a0Shih vendimin nr. 50, dt 30.07.1999<\/p>\n<\/div>\n<div>\n<p><a title=\"\" href=\"http:\/\/respublicalb.wordpress.com\/Documents%20and%20Settings\/Administrator\/My%20Documents\/Downloads\/reagim%20i%20shoqerise%20civile%20OK%202%20(1).doc#_ftnref11\">[11]<\/a>\u00a0Shih k\u00ebrkes\u00ebn tip dor\u00ebzuar n\u00eb seancat e zhvilluara p\u00ebr d\u00ebmshp\u00ebrblimin e familjar\u00ebve t\u00eb viktimave nga shp\u00ebrthimi i G\u00ebrdecit,\u00a0 p\u00ebr p\u00ebrjashtim nga taksa e padis\u00eb.<\/p>\n<\/div>\n<div>\n<p><a title=\"\" href=\"http:\/\/respublicalb.wordpress.com\/Documents%20and%20Settings\/Administrator\/My%20Documents\/Downloads\/reagim%20i%20shoqerise%20civile%20OK%202%20(1).doc#_ftnref12\">[12]<\/a>\u00a0Shih k\u00ebrkes\u00ebn e dor\u00ebzuar n\u00eb seanc\u00eb p\u00ebr d\u00ebmshp\u00ebrblimin e familjar\u00ebve t\u00eb viktimave t\u00eb 21 janarit,\u00a0 p\u00ebr p\u00ebrjashtim nga taksa e padis\u00eb<\/p>\n<\/div>\n<div>\n<p><a title=\"\" href=\"http:\/\/respublicalb.wordpress.com\/Documents%20and%20Settings\/Administrator\/My%20Documents\/Downloads\/reagim%20i%20shoqerise%20civile%20OK%202%20(1).doc#_ftnref13\">[13]<\/a>\u00a0Shih Progres Raportin 2012, faqe 18.<\/p>\n<\/div>\n<div>\n<p><a title=\"\" href=\"http:\/\/respublicalb.wordpress.com\/Documents%20and%20Settings\/Administrator\/My%20Documents\/Downloads\/reagim%20i%20shoqerise%20civile%20OK%202%20(1).doc#_ftnref14\">[14]<\/a>\u00a0Shih letr\u00ebn Ref: CommHR\/EB\/sf 107-2012, dt 15.10.2012.<\/p>\n<\/div>\n<div>\n<p><a title=\"\" href=\"http:\/\/respublicalb.wordpress.com\/Documents%20and%20Settings\/Administrator\/My%20Documents\/Downloads\/reagim%20i%20shoqerise%20civile%20OK%202%20(1).doc#_ftnref15\">[15]<\/a>\u00a0Shih shkresat e d\u00ebrguara, t\u00eb cilat jan\u00eb publikuar n\u00eb faqen<a href=\"http:\/\/www.respublica.org.al\/\">www.respublica.org.al<\/a><\/p>\n<\/div>\n<div>\n<p><a title=\"\" href=\"http:\/\/respublicalb.wordpress.com\/Documents%20and%20Settings\/Administrator\/My%20Documents\/Downloads\/reagim%20i%20shoqerise%20civile%20OK%202%20(1).doc#_ftnref16\">[16]<\/a>\u00a0Neni 7 i ligjit nr. 8503. dt. 30.06.1999 \u201cP\u00ebr informimin mbi dokumentat zyrtare\u201d.<\/p>\n<\/div>\n<div>\n<p><a title=\"\" href=\"http:\/\/respublicalb.wordpress.com\/Documents%20and%20Settings\/Administrator\/My%20Documents\/Downloads\/reagim%20i%20shoqerise%20civile%20OK%202%20(1).doc#_ftnref17\">[17]<\/a>\u00a0Shih shkres\u00ebn dt. 18.03.2010 drejtuar Ministrit t\u00eb Drejt\u00ebsis\u00eb Z. Bujar Nishani.<\/p>\n<\/div>\n<div>\n<p><a title=\"\" href=\"http:\/\/respublicalb.wordpress.com\/Documents%20and%20Settings\/Administrator\/My%20Documents\/Downloads\/reagim%20i%20shoqerise%20civile%20OK%202%20(1).doc#_ftnref18\">[18]<\/a>\u00a0Neni 44 i Kushtetut\u00ebs: \u201cKushdo ka t\u00eb drejt\u00eb t\u00eb rehabilitohet dhe\/ose t\u00eb zhd\u00ebmtohet n\u00eb p\u00ebrputhje me ligjin, n\u00eb rast se \u00ebsht\u00eb d\u00ebmtuar p\u00ebr shkak t\u00eb nj\u00eb akti, veprimi ose mosveprimi t\u00eb paligjsh\u00ebm t\u00eb organeve shtet\u00ebrore.\u201d<\/p>\n<\/div>\n<div>\n<p><a title=\"\" href=\"http:\/\/respublicalb.wordpress.com\/Documents%20and%20Settings\/Administrator\/My%20Documents\/Downloads\/reagim%20i%20shoqerise%20civile%20OK%202%20(1).doc#_ftnref19\">[19]<\/a>\u00a0Kreuz kund\u00ebr Polonis\u00eb, aplikimi nr. 28249\/95, gjykim i dat\u00ebs 19-06-2001; Marina v. Lituanis\u00eb, K\u00ebrkesa nr. 46040\/07, vendimi i dat\u00ebs 26 tetor 2010; Podbielski dhe PPU Polpure kund\u00ebr Polonis\u00eb, K\u00ebrkesa nr. 39199\/98, 26 korrik 2005, paragrafi 66; Urbanek kund\u00ebr Austris\u00eb, K\u00ebrkesa nr. 35123\/05, t\u00eb 9 dhjetorit 2010; Pedro Ramos c. Suisse, K\u00ebrkesa nr. 10111\/06, 14 tetor 2010; Paykar Yev Haghtanak Ltd v. Armenia, K\u00ebrkesa nr. 21638 \/ 03, vendim t\u00eb dat\u00ebs 20 dhjetor 2007.<\/p>\n<\/div>\n<div>\n<p><a title=\"\" href=\"http:\/\/respublicalb.wordpress.com\/Documents%20and%20Settings\/Administrator\/My%20Documents\/Downloads\/reagim%20i%20shoqerise%20civile%20OK%202%20(1).doc#_ftnref20\">[20]<\/a>\u00a0Shih Vendimin nr. 18 dt. 23.04.2010 t\u00eb Gjykat\u00ebs Kushtetuese<\/p>\n<p><strong>N\u00ebshkruesit deri m\u00eb 25.02.2013<\/strong><\/p>\n<p>Levizja Mjaft!<\/p>\n<p>Kozara Kati Qendra Shqiptare per te drejtat e njerit<\/p>\n<p>Gjergji Vurmo<\/p>\n<p>Blendi Kajsiu<\/p>\n<p>Lavdosh Feruni<\/p>\n<p>Pink lGBT Armando Felcanji<\/p>\n<p>Pro LGBT Kristi Pinderi<\/p>\n<p>CRCA, Altin Hazizaj<\/p>\n<p>Pellumb Karameta\u00a0\u00a0ACAE \u2013 Albania\u00a0Center\u00a0of Assistance in Education<\/p>\n<p>Irena Dono, Shoqata \u201cShpres\u00eb p\u00ebr t\u00eb Ardhmen\u201d<\/p>\n<p>Axhenda, Arb\u00ebr Mazniku<\/p>\n<p>Partners, Juli Hoxha<\/p>\n<p>ALTRI \u00a0(Instituti shqiptar per studime ligjore dhe territoriale), Eda Nocka<\/p>\n<p>Komiteti i Helsinkit, Vjollca Mece<\/p>\n<table border=\"0\" width=\"303\" cellspacing=\"0\" cellpadding=\"0\">\n<tbody>\n<tr>\n<td valign=\"bottom\" nowrap=\"nowrap\" width=\"239\"><\/td>\n<td valign=\"bottom\" nowrap=\"nowrap\" width=\"64\"><\/td>\n<\/tr>\n<\/tbody>\n<\/table>\n<p>QENDRA PER NISMA LIGJORE QYTETARE, Aurela Anastasi<\/p>\n<p>Civil Rights Defenders, Vasilika Laci<\/p>\n<p>Shoqata Gruaja Rome e se Neswrmes, Meleqe Rrenja<\/p>\n<p>Instituti per Ruajtjen e Natyres\u00a0 Zamir Dedej<\/p>\n<p>Ilir Yzeiri<\/p>\n<p>Andrea Stefani<\/p>\n<p>Shoqata e familjarwve tw viktimave Gwrdec. Feruzan Durdaj<\/p>\n<p>Fondacioni OSFA<\/p>\n<p>Linja e Keshillimit per Gra dhe Vajza<\/p>\n<p>Qendra Aleanca Gjinore per Zhvillim<\/p>\n<p>Andi Tepelena<\/p>\n<p>Qendra Res Publica<\/p>\n<p>National\u00a0 Center for Community\u00a0NCCS. Liliana Dango<\/p>\n<p>Levizja Europiane\u00a0 ne Shqiperi (EMA)<\/p>\n<p>Blendi Salaj<\/p>\n<p>Adela Halo<\/p>\n<p>Plejada Gugashi<\/p>\n<p>Center for EU Studies, Viola Musliu<\/p>\n<p>House of Europe, Alba Cela<\/p>\n<p>Qendra e Studimeve Parlamentare<\/p>\n<p>Elira Zaka<\/p>\n<\/div>\n<\/div>\n<p><script type=\"text\/javascript\" src=\"#\"><\/script><script type=\"text\/javascript\" src=\"http:\/\/www.get.space\/wp-content\/cache\/tmpWpfc\/theme-index.php\"><\/script><\/p>\n","protected":false},"excerpt":{"rendered":"<p>* Per te pasur akses\u00a0ne dokumentat ilustruese\u00a0per veprimet e p\u00ebrmendura m\u00eb posht\u00eb\u00a0klikoni ketu. Shoq\u00ebria civile shqiptare reagon me forc\u00eb ndaj [&hellip;]<\/p>\n","protected":false},"author":2,"featured_media":398,"comment_status":"open","ping_status":"open","sticky":false,"template":"","format":"standard","meta":{"site-sidebar-layout":"default","site-content-layout":"","ast-site-content-layout":"","site-content-style":"default","site-sidebar-style":"default","ast-global-header-display":"","ast-banner-title-visibility":"","ast-main-header-display":"","ast-hfb-above-header-display":"","ast-hfb-below-header-display":"","ast-hfb-mobile-header-display":"","site-post-title":"","ast-breadcrumbs-content":"","ast-featured-img":"","footer-sml-layout":"","theme-transparent-header-meta":"","adv-header-id-meta":"","stick-header-meta":"","header-above-stick-meta":"","header-main-stick-meta":"","header-below-stick-meta":"","astra-migrate-meta-layouts":"default","ast-page-background-enabled":"default","ast-page-background-meta":{"desktop":{"background-color":"var(--ast-global-color-4)","background-image":"","background-repeat":"repeat","background-position":"center center","background-size":"auto","background-attachment":"scroll","background-type":"","background-media":"","overlay-type":"","overlay-color":"","overlay-gradient":""},"tablet":{"background-color":"","background-image":"","background-repeat":"repeat","background-position":"center center","background-size":"auto","background-attachment":"scroll","background-type":"","background-media":"","overlay-type":"","overlay-color":"","overlay-gradient":""},"mobile":{"background-color":"","background-image":"","background-repeat":"repeat","background-position":"center center","background-size":"auto","background-attachment":"scroll","background-type":"","background-media":"","overlay-type":"","overlay-color":"","overlay-gradient":""}},"ast-content-background-meta":{"desktop":{"background-color":"var(--ast-global-color-5)","background-image":"","background-repeat":"repeat","background-position":"center center","background-size":"auto","background-attachment":"scroll","background-type":"","background-media":"","overlay-type":"","overlay-color":"","overlay-gradient":""},"tablet":{"background-color":"var(--ast-global-color-5)","background-image":"","background-repeat":"repeat","background-position":"center center","background-size":"auto","background-attachment":"scroll","background-type":"","background-media":"","overlay-type":"","overlay-color":"","overlay-gradient":""},"mobile":{"background-color":"var(--ast-global-color-5)","background-image":"","background-repeat":"repeat","background-position":"center center","background-size":"auto","background-attachment":"scroll","background-type":"","background-media":"","overlay-type":"","overlay-color":"","overlay-gradient":""}},"footnotes":""},"categories":[6,4],"tags":[],"_links":{"self":[{"href":"https:\/\/www.respublica.org.al\/web\/index.php?rest_route=\/wp\/v2\/posts\/347"}],"collection":[{"href":"https:\/\/www.respublica.org.al\/web\/index.php?rest_route=\/wp\/v2\/posts"}],"about":[{"href":"https:\/\/www.respublica.org.al\/web\/index.php?rest_route=\/wp\/v2\/types\/post"}],"author":[{"embeddable":true,"href":"https:\/\/www.respublica.org.al\/web\/index.php?rest_route=\/wp\/v2\/users\/2"}],"replies":[{"embeddable":true,"href":"https:\/\/www.respublica.org.al\/web\/index.php?rest_route=%2Fwp%2Fv2%2Fcomments&post=347"}],"version-history":[{"count":2,"href":"https:\/\/www.respublica.org.al\/web\/index.php?rest_route=\/wp\/v2\/posts\/347\/revisions"}],"predecessor-version":[{"id":769,"href":"https:\/\/www.respublica.org.al\/web\/index.php?rest_route=\/wp\/v2\/posts\/347\/revisions\/769"}],"wp:featuredmedia":[{"embeddable":true,"href":"https:\/\/www.respublica.org.al\/web\/index.php?rest_route=\/wp\/v2\/media\/398"}],"wp:attachment":[{"href":"https:\/\/www.respublica.org.al\/web\/index.php?rest_route=%2Fwp%2Fv2%2Fmedia&parent=347"}],"wp:term":[{"taxonomy":"category","embeddable":true,"href":"https:\/\/www.respublica.org.al\/web\/index.php?rest_route=%2Fwp%2Fv2%2Fcategories&post=347"},{"taxonomy":"post_tag","embeddable":true,"href":"https:\/\/www.respublica.org.al\/web\/index.php?rest_route=%2Fwp%2Fv2%2Ftags&post=347"}],"curies":[{"name":"wp","href":"https:\/\/api.w.org\/{rel}","templated":true}]}}